{"id":138739,"date":"2025-10-27T21:09:07","date_gmt":"2025-10-28T00:09:07","guid":{"rendered":"https:\/\/revistaesperanzas.com\/web\/?p=138739"},"modified":"2025-10-27T21:09:07","modified_gmt":"2025-10-28T00:09:07","slug":"siniestro-vial-con-consecuencia-fatal-4","status":"publish","type":"post","link":"https:\/\/revistaesperanzas.com\/web\/2025\/10\/siniestro-vial-con-consecuencia-fatal-4\/","title":{"rendered":"SINIESTRO VIAL CON CONSECUENCIA FATAL"},"content":{"rendered":"<p>SAN LORENZO &#8211; En horas de la madrugada de hoy 27-10-25, personal policial dependientes de la Comisaria de Distrito San Lorenzo, tomaron conocimiento que por Ruta Nacional N\u00b012 a la altura del kil\u00f3metro 900 aproximadamente, se habr\u00eda registrado un siniestro vial, en el cual por causas y circunstancias que se tratan de establecer-, colisionaron un cami\u00f3n y un peat\u00f3n, dejando como resultado el deceso este \u00faltimo.<\/p>\n<p>Seg\u00fan la informaci\u00f3n inicial, el siniestro se habr\u00eda registrado alrededor 00:30 horas y tuvo como protagonistas a un cami\u00f3n -marca Ford- guiado por una persona de apellido Salda\u00f1a -mayor de edad- acompa\u00f1ado de una mujer mayor de edad, y un hombre peat\u00f3n de apellido G\u00f3mez de 62 a\u00f1os de edad.<\/p>\n<p>A ra\u00edz de este siniestro se produjo el lamentable deceso de hombre de apellido G\u00f3mez por las graves lesiones que presentaba.<\/p>\n<p>Al respecto, en la citada dependencia se llevan a cabo las diligencias del caso.<\/p>\n","protected":false},"excerpt":{"rendered":"<p>SAN LORENZO &#8211; En horas de la madrugada de hoy 27-10-25, personal policial dependientes de la Comisaria de Distrito San Lorenzo, tomaron conocimiento que por Ruta Nacional N\u00b012 a la altura del kil\u00f3metro 900 aproximadamente, se habr\u00eda registrado un siniestro vial, en el cual por causas y circunstancias que se tratan de establecer-, colisionaron un [&hellip;]<\/p>\n","protected":false},"author":4,"featured_media":138740,"comment_status":"closed","ping_status":"closed","sticky":false,"template":"","format":"standard","meta":{"footnotes":""},"categories":[58],"tags":[],"class_list":{"0":"post-138739","1":"post","2":"type-post","3":"status-publish","4":"format-standard","5":"has-post-thumbnail","7":"category-corrientes"},"_links":{"self":[{"href":"https:\/\/revistaesperanzas.com\/web\/wp-json\/wp\/v2\/posts\/138739","targetHints":{"allow":["GET"]}}],"collection":[{"href":"https:\/\/revistaesperanzas.com\/web\/wp-json\/wp\/v2\/posts"}],"about":[{"href":"https:\/\/revistaesperanzas.com\/web\/wp-json\/wp\/v2\/types\/post"}],"author":[{"embeddable":true,"href":"https:\/\/revistaesperanzas.com\/web\/wp-json\/wp\/v2\/users\/4"}],"replies":[{"embeddable":true,"href":"https:\/\/revistaesperanzas.com\/web\/wp-json\/wp\/v2\/comments?post=138739"}],"version-history":[{"count":0,"href":"https:\/\/revistaesperanzas.com\/web\/wp-json\/wp\/v2\/posts\/138739\/revisions"}],"wp:featuredmedia":[{"embeddable":true,"href":"https:\/\/revistaesperanzas.com\/web\/wp-json\/wp\/v2\/media\/138740"}],"wp:attachment":[{"href":"https:\/\/revistaesperanzas.com\/web\/wp-json\/wp\/v2\/media?parent=138739"}],"wp:term":[{"taxonomy":"category","embeddable":true,"href":"https:\/\/revistaesperanzas.com\/web\/wp-json\/wp\/v2\/categories?post=138739"},{"taxonomy":"post_tag","embeddable":true,"href":"https:\/\/revistaesperanzas.com\/web\/wp-json\/wp\/v2\/tags?post=138739"}],"curies":[{"name":"wp","href":"https:\/\/api.w.org\/{rel}","templated":true}]}}