{"id":138750,"date":"2025-10-28T08:18:50","date_gmt":"2025-10-28T11:18:50","guid":{"rendered":"https:\/\/revistaesperanzas.com\/web\/?p=138750"},"modified":"2025-10-28T08:18:50","modified_gmt":"2025-10-28T11:18:50","slug":"solicitud-de-colaboracion-para-la-localizacion-y-paradero-del-ciudadano-fernandez-ramon-ceferino-de-31-anos-de-edad","status":"publish","type":"post","link":"https:\/\/revistaesperanzas.com\/web\/2025\/10\/solicitud-de-colaboracion-para-la-localizacion-y-paradero-del-ciudadano-fernandez-ramon-ceferino-de-31-anos-de-edad\/","title":{"rendered":"SOLICITUD DE COLABORACION PARA LA LOCALIZACION Y PARADERO DEL CIUDADANO FERNANDEZ RAMON CEFERINO DE 31 A\u00d1OS DE EDAD."},"content":{"rendered":"<p>SANTO TOME &#8211; &#8211; A trav\u00e9s de la presente Gacetilla, solicitamos a los distintos medios de comunicaci\u00f3n que ouedan ser reflejado-publicado sobre una solicitud enviada desde la Comisar\u00eda de Distrito 2da de Santo Tome, el d\u00eda 27-10-25, quienes solicitan la colaboraci\u00f3n para dar difusi\u00f3n respecto a la b\u00fasqueda y localizaci\u00f3n del ciudadano FERNANDEZ RAMON<a href=\"https:\/\/revistaesperanzas.com\/web\/2025\/10\/solicitud-de-colaboracion-para-la-localizacion-y-paradero-del-ciudadano-fernandez-ramon-ceferino-de-31-anos-de-edad\/whatsapp-image-2025-10-28-at-06-16-07\/\" rel=\"attachment wp-att-138752\"><img loading=\"lazy\" decoding=\"async\" class=\" wp-image-138752 alignleft\" src=\"https:\/\/revistaesperanzas.com\/web\/wp-content\/uploads\/2025\/10\/WhatsApp-Image-2025-10-28-at-06.16.07.jpeg\" alt=\"\" width=\"400\" height=\"566\" srcset=\"https:\/\/revistaesperanzas.com\/web\/wp-content\/uploads\/2025\/10\/WhatsApp-Image-2025-10-28-at-06.16.07.jpeg 1131w, https:\/\/revistaesperanzas.com\/web\/wp-content\/uploads\/2025\/10\/WhatsApp-Image-2025-10-28-at-06.16.07-297x420.jpeg 297w, https:\/\/revistaesperanzas.com\/web\/wp-content\/uploads\/2025\/10\/WhatsApp-Image-2025-10-28-at-06.16.07-696x985.jpeg 696w, https:\/\/revistaesperanzas.com\/web\/wp-content\/uploads\/2025\/10\/WhatsApp-Image-2025-10-28-at-06.16.07-1068x1511.jpeg 1068w\" sizes=\"auto, (max-width: 400px) 100vw, 400px\" \/><\/a> CEFERINO DE 31 A\u00d1OS DE EDAD, quien conforme a la denuncia efectuada por una persona de apellido -Fern\u00e1ndez-, el mismo se habr\u00eda ausentado de su hogar ubicado por calle Ley Nacional de esa localidad, en horas de la madrugada del pasado 25-10-25, dando intervenci\u00f3n de \u00e9sta situaci\u00f3n tambi\u00e9n a la fiscal\u00eda de Investigaci\u00f3n en turno.<\/p>\n<p>Sus caracter\u00edsticas f\u00edsicas son las siguientes: contextura robusta, de 1,60 cm de altura cabellos cortos de color negro, piel morena, tiene labios gruesos. Sin se\u00f1a particular. VESTIA: pantal\u00f3n largo color naranja y borcegos.<\/p>\n<p>Es por ello, que independientemente de la labor de b\u00fasqueda que \u00e9sta realizando la Polic\u00eda, se solicita la colaboraci\u00f3n a los distintos medios period\u00edsticos para su publicaci\u00f3n y de esa manera dar a conocer a la poblaci\u00f3n en general, para que aquellas personas que puedan aportar datos ciertos y que ayuden a lograr encontrar a este ciudadano, puedan hacerlo ante la citada Comisar\u00eda nro. 3756-422412; o la Dependencia Policial m\u00e1s cercana a su domicilio y\/o comunicarse al n\u00famero telef\u00f3nico gratuito del Sistema Integral de Seguridad (S.I.S.) 911 en la Capital y 101 en el Interior Provincial.<\/p>\n","protected":false},"excerpt":{"rendered":"<p>SANTO TOME &#8211; &#8211; A trav\u00e9s de la presente Gacetilla, solicitamos a los distintos medios de comunicaci\u00f3n que ouedan ser reflejado-publicado sobre una solicitud enviada desde la Comisar\u00eda de Distrito 2da de Santo Tome, el d\u00eda 27-10-25, quienes solicitan la colaboraci\u00f3n para dar difusi\u00f3n respecto a la b\u00fasqueda y localizaci\u00f3n del ciudadano FERNANDEZ RAMON CEFERINO [&hellip;]<\/p>\n","protected":false},"author":4,"featured_media":138751,"comment_status":"closed","ping_status":"closed","sticky":false,"template":"","format":"standard","meta":{"footnotes":""},"categories":[58],"tags":[],"class_list":{"0":"post-138750","1":"post","2":"type-post","3":"status-publish","4":"format-standard","5":"has-post-thumbnail","7":"category-corrientes"},"_links":{"self":[{"href":"https:\/\/revistaesperanzas.com\/web\/wp-json\/wp\/v2\/posts\/138750","targetHints":{"allow":["GET"]}}],"collection":[{"href":"https:\/\/revistaesperanzas.com\/web\/wp-json\/wp\/v2\/posts"}],"about":[{"href":"https:\/\/revistaesperanzas.com\/web\/wp-json\/wp\/v2\/types\/post"}],"author":[{"embeddable":true,"href":"https:\/\/revistaesperanzas.com\/web\/wp-json\/wp\/v2\/users\/4"}],"replies":[{"embeddable":true,"href":"https:\/\/revistaesperanzas.com\/web\/wp-json\/wp\/v2\/comments?post=138750"}],"version-history":[{"count":0,"href":"https:\/\/revistaesperanzas.com\/web\/wp-json\/wp\/v2\/posts\/138750\/revisions"}],"wp:featuredmedia":[{"embeddable":true,"href":"https:\/\/revistaesperanzas.com\/web\/wp-json\/wp\/v2\/media\/138751"}],"wp:attachment":[{"href":"https:\/\/revistaesperanzas.com\/web\/wp-json\/wp\/v2\/media?parent=138750"}],"wp:term":[{"taxonomy":"category","embeddable":true,"href":"https:\/\/revistaesperanzas.com\/web\/wp-json\/wp\/v2\/categories?post=138750"},{"taxonomy":"post_tag","embeddable":true,"href":"https:\/\/revistaesperanzas.com\/web\/wp-json\/wp\/v2\/tags?post=138750"}],"curies":[{"name":"wp","href":"https:\/\/api.w.org\/{rel}","templated":true}]}}