{"id":138755,"date":"2025-10-28T08:49:56","date_gmt":"2025-10-28T11:49:56","guid":{"rendered":"https:\/\/revistaesperanzas.com\/web\/?p=138755"},"modified":"2025-10-28T08:49:56","modified_gmt":"2025-10-28T11:49:56","slug":"hablo-y-festeja-valdes-ganamos-una-eleccion-dificil","status":"publish","type":"post","link":"https:\/\/revistaesperanzas.com\/web\/2025\/10\/hablo-y-festeja-valdes-ganamos-una-eleccion-dificil\/","title":{"rendered":"HABL\u00d3 Y FESTEJA VALD\u00c9S &#8220;GANAMOS UNA ELECCI\u00d3N DIF\u00cdCIL&#8221;"},"content":{"rendered":"<header class=\"header-interior\"><\/header>\n<div id=\"main\" class=\"bloque\">\n<div class=\"cont-nota\">\n<article class=\"cont-cuerpo\">\n<div class=\"cont-foto\">\n<figure class=\"nota-foto \"><img loading=\"lazy\" decoding=\"async\" class=\"\" title=\"\" src=\"https:\/\/www.corrienteshoy.com\/galeria\/fotos\/2025\/10\/26\/l_1761526139_41730.jpg\" alt=\"\" width=\"600\" height=\"400\" data-src=\"https:\/\/www.corrienteshoy.com\/galeria\/fotos\/2025\/10\/26\/l_1761526139_41730.jpg\" \/><\/figure>\n<\/div>\n<div class=\"banner banner-768\" data-zone=\"156\" data-banner=\"post\">\n<div id=\"mf-banner-ad-interior-2\">\n<div id=\"MobileRectangle_1\"><\/div>\n<div id=\"Leaderboard_1\">El gobernador de la provincia habl\u00f3 en el comit\u00e9 provincial de la UCR y destac\u00f3, junto al gobernador electo, Juan Pablo Vald\u00e9s, \u201cla participaci\u00f3n ciudadana. Es un nuevo triunfo para Corrientes y vamos a seguir ganando elecciones\u201d, dijo el actual mandatario provincial.<\/div>\n<div><\/div>\n<\/div>\n<\/div>\n<section class=\"texto \">\u201cTuvimos una muy buena elecci\u00f3n porque en Corrientes las elecciones nacionales no son f\u00e1ciles y hemos ganado la elecci\u00f3n\u201d, dijo el gobernador este domingo pasadas las 9 de la noche.<\/p>\n<p>\u201cY logramos poner a Di\u00f3genes Gonz\u00e1lez en el Congreso de la Naci\u00f3n para que nos defienda\u201d, expres\u00f3 el actual mandatario provincial.<\/p>\n<div id=\"Parallax\" class=\"banner-in-text\">\n<div id=\"688634\/corrienteshoy.com\/111128\">Por su parte el gobernador electo, Juan Pablo Vald\u00e9s, tambi\u00e9n admiti\u00f3 que \u201cten\u00edamos una parada dif\u00edcil\u201d y agradeci\u00f3 el trabajo de la militancia \u201cy de todos los partidos que participaron en esta elecci\u00f3n\u201d.<\/div>\n<\/div>\n<\/section>\n<\/article>\n<\/div>\n<\/div>\n","protected":false},"excerpt":{"rendered":"<p>El gobernador de la provincia habl\u00f3 en el comit\u00e9 provincial de la UCR y destac\u00f3, junto al gobernador electo, Juan Pablo Vald\u00e9s, \u201cla participaci\u00f3n ciudadana. Es un nuevo triunfo para Corrientes y vamos a seguir ganando elecciones\u201d, dijo el actual mandatario provincial. \u201cTuvimos una muy buena elecci\u00f3n porque en Corrientes las elecciones nacionales no son [&hellip;]<\/p>\n","protected":false},"author":4,"featured_media":138756,"comment_status":"closed","ping_status":"closed","sticky":false,"template":"","format":"standard","meta":{"footnotes":""},"categories":[58],"tags":[],"class_list":{"0":"post-138755","1":"post","2":"type-post","3":"status-publish","4":"format-standard","5":"has-post-thumbnail","7":"category-corrientes"},"_links":{"self":[{"href":"https:\/\/revistaesperanzas.com\/web\/wp-json\/wp\/v2\/posts\/138755","targetHints":{"allow":["GET"]}}],"collection":[{"href":"https:\/\/revistaesperanzas.com\/web\/wp-json\/wp\/v2\/posts"}],"about":[{"href":"https:\/\/revistaesperanzas.com\/web\/wp-json\/wp\/v2\/types\/post"}],"author":[{"embeddable":true,"href":"https:\/\/revistaesperanzas.com\/web\/wp-json\/wp\/v2\/users\/4"}],"replies":[{"embeddable":true,"href":"https:\/\/revistaesperanzas.com\/web\/wp-json\/wp\/v2\/comments?post=138755"}],"version-history":[{"count":0,"href":"https:\/\/revistaesperanzas.com\/web\/wp-json\/wp\/v2\/posts\/138755\/revisions"}],"wp:featuredmedia":[{"embeddable":true,"href":"https:\/\/revistaesperanzas.com\/web\/wp-json\/wp\/v2\/media\/138756"}],"wp:attachment":[{"href":"https:\/\/revistaesperanzas.com\/web\/wp-json\/wp\/v2\/media?parent=138755"}],"wp:term":[{"taxonomy":"category","embeddable":true,"href":"https:\/\/revistaesperanzas.com\/web\/wp-json\/wp\/v2\/categories?post=138755"},{"taxonomy":"post_tag","embeddable":true,"href":"https:\/\/revistaesperanzas.com\/web\/wp-json\/wp\/v2\/tags?post=138755"}],"curies":[{"name":"wp","href":"https:\/\/api.w.org\/{rel}","templated":true}]}}