{"id":138770,"date":"2025-10-28T09:06:48","date_gmt":"2025-10-28T12:06:48","guid":{"rendered":"https:\/\/revistaesperanzas.com\/web\/?p=138770"},"modified":"2025-10-28T09:28:48","modified_gmt":"2025-10-28T12:28:48","slug":"138770","status":"publish","type":"post","link":"https:\/\/revistaesperanzas.com\/web\/2025\/10\/138770\/","title":{"rendered":"POLIC\u00cdA DE CORRIENTES SECUESTRA UNA CRIA DE CARPINCHO Y LO DEVUELVEN A SU HABITAT NATURAL"},"content":{"rendered":"<p>ITUZAINGO &#8211; La Polic\u00eda de Corrientes, rescat\u00f3 a un animal \u201ccarpincho\u201d, que se encontraban en cautiverio<a href=\"https:\/\/revistaesperanzas.com\/web\/2025\/10\/138770\/whatsapp-image-2025-10-28-at-08-56-21\/\" rel=\"attachment wp-att-138773\"><img loading=\"lazy\" decoding=\"async\" class=\" wp-image-138773 alignleft\" src=\"https:\/\/revistaesperanzas.com\/web\/wp-content\/uploads\/2025\/10\/WhatsApp-Image-2025-10-28-at-08.56.21.jpeg\" alt=\"\" width=\"400\" height=\"533\" srcset=\"https:\/\/revistaesperanzas.com\/web\/wp-content\/uploads\/2025\/10\/WhatsApp-Image-2025-10-28-at-08.56.21.jpeg 960w, https:\/\/revistaesperanzas.com\/web\/wp-content\/uploads\/2025\/10\/WhatsApp-Image-2025-10-28-at-08.56.21-315x420.jpeg 315w, https:\/\/revistaesperanzas.com\/web\/wp-content\/uploads\/2025\/10\/WhatsApp-Image-2025-10-28-at-08.56.21-696x928.jpeg 696w\" sizes=\"auto, (max-width: 400px) 100vw, 400px\" \/><\/a><\/p>\n<p>Efectivos Policiales de Unidad Especial de Seguridad Rural y Ecol\u00f3gica de Ituzaingo, en el marco de la lucha contra infracciones a las leyes de Protecci\u00f3n y conservaci\u00f3n de la Fauna y Flora de la Provincia (Ley 1863\/54 y Ley 2249\/55), rescataron un animal que se encontraba en cautiverio.<\/p>\n<p>El procedimiento, lo llevaron a cabo en la jornada de ayer 27-10-25, cuando encontr\u00e1ndose de recorridas en prevenci\u00f3n, divisaron a un animal carpincho, que intentaba cruzar las calles, el cual, tras capturarlo con los cuidados correspondientes, notaron que el animal llevaba un collar, lo que indicar\u00eda que estuvo en cautiverio como mascota.<\/p>\n<p>El carpincho fue trasladado a una reserva natural, donde fue liberado en un entorno seguro y adecuado para su especie, en tanto, se prosigue con las diligencias y tramites del caso.<\/p>\n","protected":false},"excerpt":{"rendered":"<p>ITUZAINGO &#8211; La Polic\u00eda de Corrientes, rescat\u00f3 a un animal \u201ccarpincho\u201d, que se encontraban en cautiverio Efectivos Policiales de Unidad Especial de Seguridad Rural y Ecol\u00f3gica de Ituzaingo, en el marco de la lucha contra infracciones a las leyes de Protecci\u00f3n y conservaci\u00f3n de la Fauna y Flora de la Provincia (Ley 1863\/54 y Ley [&hellip;]<\/p>\n","protected":false},"author":4,"featured_media":138771,"comment_status":"closed","ping_status":"closed","sticky":false,"template":"","format":"standard","meta":{"footnotes":""},"categories":[58],"tags":[],"class_list":{"0":"post-138770","1":"post","2":"type-post","3":"status-publish","4":"format-standard","5":"has-post-thumbnail","7":"category-corrientes"},"_links":{"self":[{"href":"https:\/\/revistaesperanzas.com\/web\/wp-json\/wp\/v2\/posts\/138770","targetHints":{"allow":["GET"]}}],"collection":[{"href":"https:\/\/revistaesperanzas.com\/web\/wp-json\/wp\/v2\/posts"}],"about":[{"href":"https:\/\/revistaesperanzas.com\/web\/wp-json\/wp\/v2\/types\/post"}],"author":[{"embeddable":true,"href":"https:\/\/revistaesperanzas.com\/web\/wp-json\/wp\/v2\/users\/4"}],"replies":[{"embeddable":true,"href":"https:\/\/revistaesperanzas.com\/web\/wp-json\/wp\/v2\/comments?post=138770"}],"version-history":[{"count":0,"href":"https:\/\/revistaesperanzas.com\/web\/wp-json\/wp\/v2\/posts\/138770\/revisions"}],"wp:featuredmedia":[{"embeddable":true,"href":"https:\/\/revistaesperanzas.com\/web\/wp-json\/wp\/v2\/media\/138771"}],"wp:attachment":[{"href":"https:\/\/revistaesperanzas.com\/web\/wp-json\/wp\/v2\/media?parent=138770"}],"wp:term":[{"taxonomy":"category","embeddable":true,"href":"https:\/\/revistaesperanzas.com\/web\/wp-json\/wp\/v2\/categories?post=138770"},{"taxonomy":"post_tag","embeddable":true,"href":"https:\/\/revistaesperanzas.com\/web\/wp-json\/wp\/v2\/tags?post=138770"}],"curies":[{"name":"wp","href":"https:\/\/api.w.org\/{rel}","templated":true}]}}