{"id":138775,"date":"2025-10-28T09:09:46","date_gmt":"2025-10-28T12:09:46","guid":{"rendered":"https:\/\/revistaesperanzas.com\/web\/?p=138775"},"modified":"2025-10-28T09:26:14","modified_gmt":"2025-10-28T12:26:14","slug":"138775","status":"publish","type":"post","link":"https:\/\/revistaesperanzas.com\/web\/2025\/10\/138775\/","title":{"rendered":"SECUESTRA CARNE Y ARMAS EN UN PROCEDIMIENTO"},"content":{"rendered":"<p>SAUCE &#8211; &#8211; La polic\u00eda, durante trabajos de prevenci\u00f3n secuestraron armas de fuego, armas blancas y diversos productos c\u00e1rnicos de dudosa procedencia aparentemente faenados y trasportados, sin las medidas sanitarias establecidas para ello. Existen seis personas demoradas.<\/p>\n<p>En la madrugada de hoy 28-10-25, cerca de las 00:30 horas, personal de la Polic\u00eda Rural y Ecol\u00f3gica de Sauce, en el marco de tareas de prevenci\u00f3n y control vehicular e identificaci\u00f3n, momentos en que se encontraban Paraje San Ram\u00f3n, de forma conjunta con la Direcci\u00f3n de Recursos Naturales de Sauce, lograron demorar a seis hombres que se desplazaban en cuatro motocicletas, llevando consigo armas de fuego, armas blancas y productos c\u00e1rnicos de dudosa procedencia aparentemente faenados y transportados sin las medidas sanitarias establecidas.<a href=\"https:\/\/revistaesperanzas.com\/web\/2025\/10\/138775\/whatsapp-image-2025-10-28-at-08-56-45-1\/\" rel=\"attachment wp-att-138777\"><img loading=\"lazy\" decoding=\"async\" class=\"alignnone size-full wp-image-138777\" src=\"https:\/\/revistaesperanzas.com\/web\/wp-content\/uploads\/2025\/10\/WhatsApp-Image-2025-10-28-at-08.56.45-1.jpeg\" alt=\"\" width=\"1280\" height=\"720\" srcset=\"https:\/\/revistaesperanzas.com\/web\/wp-content\/uploads\/2025\/10\/WhatsApp-Image-2025-10-28-at-08.56.45-1.jpeg 1280w, https:\/\/revistaesperanzas.com\/web\/wp-content\/uploads\/2025\/10\/WhatsApp-Image-2025-10-28-at-08.56.45-1-747x420.jpeg 747w, https:\/\/revistaesperanzas.com\/web\/wp-content\/uploads\/2025\/10\/WhatsApp-Image-2025-10-28-at-08.56.45-1-696x392.jpeg 696w, https:\/\/revistaesperanzas.com\/web\/wp-content\/uploads\/2025\/10\/WhatsApp-Image-2025-10-28-at-08.56.45-1-1068x601.jpeg 1068w\" sizes=\"auto, (max-width: 1280px) 100vw, 1280px\" \/><\/a><\/p>\n<p>El procedimiento lo concretaron cuando se encontraban sobre un camino vecinal a 500 metros aproximadamente de la Ruta Provincial 23, lugar donde procedieron a la identificaci\u00f3n de seis hombres mayores de edad quienes se movilizaban en cuatro motocicletas, transportando bolsas con carne de seis ciervos faenados, adem\u00e1s de dos carabinas con miras telesc\u00f3picas, cartuchos calibre 22 magnum, cuchillos, linternas y celulares.<\/p>\n<p>Es as\u00ed que, al solicit\u00e1rseles las documentaciones, los mismo no pudieron justificar fehacientemente la propiedad y\/o procedencia del animal y, adem\u00e1s, tras efectuar el control de la carne, no contaban con los sellos sanitarios correspondientes, presumi\u00e9ndose que habr\u00edan sido faenados clandestinamente, como as\u00ed tambi\u00e9n, eran trasportadas en rodados no habilitados para tal fin, raz\u00f3n por lo cual, las personas fueron demoradas y todas las cosas secuestradas.<\/p>\n<p>Los demorados, juntamente con todo lo secuestrado, fueron trasladados hasta la citada dependencia policial y puestos a disposici\u00f3n del Sr. Fiscal de Investigaci\u00f3n en turno, llev\u00e1ndose adelante la investigaci\u00f3n del caso.<\/p>\n","protected":false},"excerpt":{"rendered":"<p>SAUCE &#8211; &#8211; La polic\u00eda, durante trabajos de prevenci\u00f3n secuestraron armas de fuego, armas blancas y diversos productos c\u00e1rnicos de dudosa procedencia aparentemente faenados y trasportados, sin las medidas sanitarias establecidas para ello. Existen seis personas demoradas. En la madrugada de hoy 28-10-25, cerca de las 00:30 horas, personal de la Polic\u00eda Rural y Ecol\u00f3gica [&hellip;]<\/p>\n","protected":false},"author":4,"featured_media":138776,"comment_status":"closed","ping_status":"closed","sticky":false,"template":"","format":"standard","meta":{"footnotes":""},"categories":[58],"tags":[],"class_list":{"0":"post-138775","1":"post","2":"type-post","3":"status-publish","4":"format-standard","5":"has-post-thumbnail","7":"category-corrientes"},"_links":{"self":[{"href":"https:\/\/revistaesperanzas.com\/web\/wp-json\/wp\/v2\/posts\/138775","targetHints":{"allow":["GET"]}}],"collection":[{"href":"https:\/\/revistaesperanzas.com\/web\/wp-json\/wp\/v2\/posts"}],"about":[{"href":"https:\/\/revistaesperanzas.com\/web\/wp-json\/wp\/v2\/types\/post"}],"author":[{"embeddable":true,"href":"https:\/\/revistaesperanzas.com\/web\/wp-json\/wp\/v2\/users\/4"}],"replies":[{"embeddable":true,"href":"https:\/\/revistaesperanzas.com\/web\/wp-json\/wp\/v2\/comments?post=138775"}],"version-history":[{"count":0,"href":"https:\/\/revistaesperanzas.com\/web\/wp-json\/wp\/v2\/posts\/138775\/revisions"}],"wp:featuredmedia":[{"embeddable":true,"href":"https:\/\/revistaesperanzas.com\/web\/wp-json\/wp\/v2\/media\/138776"}],"wp:attachment":[{"href":"https:\/\/revistaesperanzas.com\/web\/wp-json\/wp\/v2\/media?parent=138775"}],"wp:term":[{"taxonomy":"category","embeddable":true,"href":"https:\/\/revistaesperanzas.com\/web\/wp-json\/wp\/v2\/categories?post=138775"},{"taxonomy":"post_tag","embeddable":true,"href":"https:\/\/revistaesperanzas.com\/web\/wp-json\/wp\/v2\/tags?post=138775"}],"curies":[{"name":"wp","href":"https:\/\/api.w.org\/{rel}","templated":true}]}}