{"id":138780,"date":"2025-10-28T09:13:45","date_gmt":"2025-10-28T12:13:45","guid":{"rendered":"https:\/\/revistaesperanzas.com\/web\/?p=138780"},"modified":"2025-10-28T09:14:19","modified_gmt":"2025-10-28T12:14:19","slug":"todos-cau-detienen-a-un-grupo-de-personas-causando-disturbios-en-pleno-centro","status":"publish","type":"post","link":"https:\/\/revistaesperanzas.com\/web\/2025\/10\/todos-cau-detienen-a-un-grupo-de-personas-causando-disturbios-en-pleno-centro\/","title":{"rendered":"TODOS CA\u00da! &#8220;DETIENEN A UN GRUPO DE PERSONAS CAUSANDO DISTURBIOS EN PLENO CENTRO"},"content":{"rendered":"<header class=\"header-interior\"><\/header>\n<div id=\"main\" class=\"bloque\">\n<div class=\"cont-nota\">\n<article class=\"cont-cuerpo\">\n<div class=\"cont-foto\">GRUPO DE RESPUESTA INMEDIATA MOTORIZADA N\u00b04 &#8211; &#8211; La polic\u00eda demoro a cuatro personas que se encontraban aparentemente causando disturbios en la v\u00eda publica, adem\u00e1s registran antecedentes policiales<\/div>\n<section class=\"texto \">\n<div id=\"Inline\" class=\"banner-in-text\">\n<div id=\"sas_1761653455529rnd\">\n<div data-exclude-click=\"\"><\/div>\n<div id=\"equativ_feedback_button_111268\" data-exclude-click=\"\">Efectivos policiales dependientes de G.R.I.M N\u00b04, en la madrugada de hoy 26-10-25, momentos en que realizaban recorrida de prevenci\u00f3n de il\u00edcitos en inmediaciones de calle Lavalle y Grousac, divisaron a cuatros personas que se encontraban en aparente estado de ebriedad promoviendo disturbios en la v\u00eda publica causando intranquilidad a los transe\u00fantes del lugar.<\/div>\n<div data-exclude-click=\"\"><\/div>\n<\/div>\n<\/div>\n<\/section>\n<section class=\"texto \">Por tal motivo, los mencionados efectivos procedieron a la demora y posterior identificaci\u00f3n de cuatro hombres mayores de edad y adem\u00e1s tras realizar las primeras averiguaciones resulto que registrar\u00edan todos antecedentes policiales.<\/p>\n<div id=\"Leaderboard_2\" class=\"banner-in-text\">\n<div><\/div>\n<div id=\"sas_1761653455733rnd\">Al respecto, los demorados fueron trasladados hasta la comisaria jurisdiccional donde se prosigu8en con los tramites correspondientes.<\/div>\n<\/div>\n<\/section>\n<\/article>\n<\/div>\n<\/div>\n","protected":false},"excerpt":{"rendered":"<p>GRUPO DE RESPUESTA INMEDIATA MOTORIZADA N\u00b04 &#8211; &#8211; La polic\u00eda demoro a cuatro personas que se encontraban aparentemente causando disturbios en la v\u00eda publica, adem\u00e1s registran antecedentes policiales Efectivos policiales dependientes de G.R.I.M N\u00b04, en la madrugada de hoy 26-10-25, momentos en que realizaban recorrida de prevenci\u00f3n de il\u00edcitos en inmediaciones de calle Lavalle y [&hellip;]<\/p>\n","protected":false},"author":4,"featured_media":138781,"comment_status":"closed","ping_status":"closed","sticky":false,"template":"","format":"standard","meta":{"footnotes":""},"categories":[58],"tags":[],"class_list":{"0":"post-138780","1":"post","2":"type-post","3":"status-publish","4":"format-standard","5":"has-post-thumbnail","7":"category-corrientes"},"_links":{"self":[{"href":"https:\/\/revistaesperanzas.com\/web\/wp-json\/wp\/v2\/posts\/138780","targetHints":{"allow":["GET"]}}],"collection":[{"href":"https:\/\/revistaesperanzas.com\/web\/wp-json\/wp\/v2\/posts"}],"about":[{"href":"https:\/\/revistaesperanzas.com\/web\/wp-json\/wp\/v2\/types\/post"}],"author":[{"embeddable":true,"href":"https:\/\/revistaesperanzas.com\/web\/wp-json\/wp\/v2\/users\/4"}],"replies":[{"embeddable":true,"href":"https:\/\/revistaesperanzas.com\/web\/wp-json\/wp\/v2\/comments?post=138780"}],"version-history":[{"count":0,"href":"https:\/\/revistaesperanzas.com\/web\/wp-json\/wp\/v2\/posts\/138780\/revisions"}],"wp:featuredmedia":[{"embeddable":true,"href":"https:\/\/revistaesperanzas.com\/web\/wp-json\/wp\/v2\/media\/138781"}],"wp:attachment":[{"href":"https:\/\/revistaesperanzas.com\/web\/wp-json\/wp\/v2\/media?parent=138780"}],"wp:term":[{"taxonomy":"category","embeddable":true,"href":"https:\/\/revistaesperanzas.com\/web\/wp-json\/wp\/v2\/categories?post=138780"},{"taxonomy":"post_tag","embeddable":true,"href":"https:\/\/revistaesperanzas.com\/web\/wp-json\/wp\/v2\/tags?post=138780"}],"curies":[{"name":"wp","href":"https:\/\/api.w.org\/{rel}","templated":true}]}}