{"id":138789,"date":"2025-10-28T09:31:12","date_gmt":"2025-10-28T12:31:12","guid":{"rendered":"https:\/\/revistaesperanzas.com\/web\/?p=138789"},"modified":"2025-10-28T09:31:12","modified_gmt":"2025-10-28T12:31:12","slug":"sinietro-vial-en-la-ruta-14-deja-solo-perdidas-materiales","status":"publish","type":"post","link":"https:\/\/revistaesperanzas.com\/web\/2025\/10\/sinietro-vial-en-la-ruta-14-deja-solo-perdidas-materiales\/","title":{"rendered":"SINIETRO VIAL EN LA RUTA 14 DEJA SOLO PERDIDAS MATERIALES"},"content":{"rendered":"<p>PASO DE LOS LIBRES &#8211; &#8211; Siniestro vial deja como saldo solo da\u00f1os materiales<\/p>\n<p>Efectivos policiales dependientes de la Comisaria de Distrito Segunda de Paso de los Libres, a las primeras horas de esta ma\u00f1ana, tomaron conocimiento que por Ruta Nacional 14, a la altura del Kil\u00f3metro 509, se habr\u00eda registrado un siniestro vial, en el cual por causas y circunstancias que se tratan de establecer, un automovilista colisiona un animal silvestre y luego el rodado termino completamente incendiado.<\/p>\n<p>Seg\u00fan la informaci\u00f3n inicial obtenida, el siniestro se habr\u00eda registrado alrededor de las 06,30 horas y tuvo como protagonistas a un autom\u00f3vil marca Citroen C-3, guiado por un hombre de apellido Celedon acompa\u00f1ado por una mujer, ambos mayores de edad quienes colisionaron a un animal silvestre (Capibara) y posteriormente el rodado comienza a incendiarse en zona de banquina, por lo que luego los uniformados trabajaron en conjunto con personal de Bomberos Voluntarios y del BRIF. Ya que fuego avanzo hasta un sector de las pasturas del lugar. Por lo que hasta el momento se desconocen mayores datos.<\/p>\n<p>A ra\u00edz del siniestro ninguno de los ocupantes del rodado resulto lesionado. Al respecto, en la citada dependencia se llevan a cabo las diligencias del caso.<\/p>\n","protected":false},"excerpt":{"rendered":"<p>PASO DE LOS LIBRES &#8211; &#8211; Siniestro vial deja como saldo solo da\u00f1os materiales Efectivos policiales dependientes de la Comisaria de Distrito Segunda de Paso de los Libres, a las primeras horas de esta ma\u00f1ana, tomaron conocimiento que por Ruta Nacional 14, a la altura del Kil\u00f3metro 509, se habr\u00eda registrado un siniestro vial, en [&hellip;]<\/p>\n","protected":false},"author":4,"featured_media":138790,"comment_status":"closed","ping_status":"closed","sticky":false,"template":"","format":"standard","meta":{"footnotes":""},"categories":[58],"tags":[],"class_list":{"0":"post-138789","1":"post","2":"type-post","3":"status-publish","4":"format-standard","5":"has-post-thumbnail","7":"category-corrientes"},"_links":{"self":[{"href":"https:\/\/revistaesperanzas.com\/web\/wp-json\/wp\/v2\/posts\/138789","targetHints":{"allow":["GET"]}}],"collection":[{"href":"https:\/\/revistaesperanzas.com\/web\/wp-json\/wp\/v2\/posts"}],"about":[{"href":"https:\/\/revistaesperanzas.com\/web\/wp-json\/wp\/v2\/types\/post"}],"author":[{"embeddable":true,"href":"https:\/\/revistaesperanzas.com\/web\/wp-json\/wp\/v2\/users\/4"}],"replies":[{"embeddable":true,"href":"https:\/\/revistaesperanzas.com\/web\/wp-json\/wp\/v2\/comments?post=138789"}],"version-history":[{"count":0,"href":"https:\/\/revistaesperanzas.com\/web\/wp-json\/wp\/v2\/posts\/138789\/revisions"}],"wp:featuredmedia":[{"embeddable":true,"href":"https:\/\/revistaesperanzas.com\/web\/wp-json\/wp\/v2\/media\/138790"}],"wp:attachment":[{"href":"https:\/\/revistaesperanzas.com\/web\/wp-json\/wp\/v2\/media?parent=138789"}],"wp:term":[{"taxonomy":"category","embeddable":true,"href":"https:\/\/revistaesperanzas.com\/web\/wp-json\/wp\/v2\/categories?post=138789"},{"taxonomy":"post_tag","embeddable":true,"href":"https:\/\/revistaesperanzas.com\/web\/wp-json\/wp\/v2\/tags?post=138789"}],"curies":[{"name":"wp","href":"https:\/\/api.w.org\/{rel}","templated":true}]}}