{"id":138816,"date":"2025-10-28T14:20:20","date_gmt":"2025-10-28T17:20:20","guid":{"rendered":"https:\/\/revistaesperanzas.com\/web\/?p=138816"},"modified":"2025-10-28T14:20:20","modified_gmt":"2025-10-28T17:20:20","slug":"en-noviembre-goya-sera-sede-del-xvi-encuentro-de-armadores-de-cigarros-y-puros","status":"publish","type":"post","link":"https:\/\/revistaesperanzas.com\/web\/2025\/10\/en-noviembre-goya-sera-sede-del-xvi-encuentro-de-armadores-de-cigarros-y-puros\/","title":{"rendered":"EN NOVIEMBRE, GOYA SER\u00c1 SEDE DEL XVI ENCUENTRO DE ARMADORES DE CIGARROS Y PUROS"},"content":{"rendered":"<p style=\"font-weight: 400;\">Secretaria de Producci\u00f3n:<\/p>\n<p style=\"font-weight: 400;\">La XVI edici\u00f3n del Encuentro de Armadores de Cigarros y Puros, a realizarse del 20 al 22 de noviembre pr\u00f3ximo en predio Costa Surub\u00ed, est\u00e1 a la vuelta de la esquina y este martes el titular de la oficina de Producci\u00f3n, Valerio \u201cTito\u201d Ram\u00edrez adelant\u00f3 las actividades que se planifican para iniciar este evento tur\u00edstico y productivo.<\/p>\n<p style=\"font-weight: 400;\">\u201cEl jueves 20 se va a realizar el concurso de armadores de cigarros y puros y el s\u00e1bado est\u00e1 previsto para la ma\u00f1ana jornada y talleres sobre la tem\u00e1tica con presencia de expositores extranjeros de primer nivel. La elecci\u00f3n de la Reina del Encuentro y un festival musical imperdible se realizar\u00e1 ese mismo s\u00e1bado\u201d mencion\u00f3 Ram\u00edrez.<a href=\"https:\/\/revistaesperanzas.com\/web\/2025\/10\/en-noviembre-goya-sera-sede-del-xvi-encuentro-de-armadores-de-cigarros-y-puros\/nota-tito-2\/\" rel=\"attachment wp-att-138818\"><img loading=\"lazy\" decoding=\"async\" class=\" wp-image-138818 alignleft\" src=\"https:\/\/revistaesperanzas.com\/web\/wp-content\/uploads\/2025\/10\/nota-tito-2.jpeg\" alt=\"\" width=\"500\" height=\"671\" srcset=\"https:\/\/revistaesperanzas.com\/web\/wp-content\/uploads\/2025\/10\/nota-tito-2.jpeg 1080w, https:\/\/revistaesperanzas.com\/web\/wp-content\/uploads\/2025\/10\/nota-tito-2-313x420.jpeg 313w, https:\/\/revistaesperanzas.com\/web\/wp-content\/uploads\/2025\/10\/nota-tito-2-696x934.jpeg 696w, https:\/\/revistaesperanzas.com\/web\/wp-content\/uploads\/2025\/10\/nota-tito-2-1068x1433.jpeg 1068w\" sizes=\"auto, (max-width: 500px) 100vw, 500px\" \/><\/a><\/p>\n<p style=\"font-weight: 400;\">\u201cUno de los talleres estar\u00e1 dirigido por una armadora dominicana, la idea es que los armadores se saquen todas las dudas que tengan\u201d. La totalidad de estas actividades se llevar\u00e1n a cabo en el SUM del predio Costa Surub\u00ed y alrededores.<\/p>\n<p style=\"font-weight: 400;\">Las jornadas contar\u00e1 con la presencia de funcionarios municipales, invitados especiales del rubro del tabaco, visitantes de la provincia de Salta, que todos a\u00f1os vienen a intercambiar experiencias con tabaco a nuestra ciudad.<\/p>\n<p style=\"font-weight: 400;\">Habr\u00e1 paneles, mesas de trabajo, charlas, talleres, presentaciones de investigaciones, todo pensado para poner en valor experiencias, compartir saberes y delinear pol\u00edticas p\u00fablicas junto a quienes producen y le aportan un valor agregado al producto.<\/p>\n<p style=\"font-weight: 400;\">El encuentro se propone como un espacio estrat\u00e9gico para visibilizar y fortalecer el rol del productor tabacalero en el desarrollo local.<\/p>\n<p style=\"font-weight: 400;\">\u201cNuestro tabaco negro signific\u00f3 y significa mucho para Goya. Los recursos que ingresan a la ciudad son muchos, le damos un valor agregado a la materia prima que tenemos y hoy hay m\u00e1s armadores de cigarros y puros, hay m\u00e1s impulsos para los goyanos que hacemos tabaco, son recursos que no podemos perder\u201d insisti\u00f3.<\/p>\n<p style=\"font-weight: 400;\">Ram\u00edrez adelant\u00f3 asimismo que para el curso de armadores se anotaron 35 personas deseosas por emprender el apasionante camino del tabaco. \u201cGracias a eso hoy d\u00eda hay muchas personas que se est\u00e1n dedicando a esto, que arman sus cigarros y puros y la idea es que tomen fuerza, se junten para negociar la comprar de m\u00e1s materia prima que les sirva para comercializar hacia afuera\u201d.<\/p>\n<p style=\"font-weight: 400;\">ALTA CALIDAD EN PRODUCCI\u00d3N LOCAL<\/p>\n<p style=\"font-weight: 400;\">Comprometidos con la tarea, la premisa es generar un puro de alta calidad, partiendo de la utilizaci\u00f3n de una buena materia prima y aplicando los conocimientos adquiridos.\u00a0 Grandes avances se han dado en el sector de producci\u00f3n de puros en Goya.<\/p>\n<p style=\"font-weight: 400;\">Llam\u00f3 a seguir apostando a la producci\u00f3n local para producir tabaco para cigarros, con ayuda del municipio y del Fondo Especial del Tabaco FET \u201cporque nuestro tabaco negro es apto y de mejor calidad que el de otras provincias as\u00ed que ojal\u00e1 que puedan participar de los talleres todos los armadores de Goya porque va a ser un encuentro muy bueno y productivo\u201d.<\/p>\n<p style=\"font-weight: 400;\">APOYO OFICIAL<\/p>\n<p style=\"font-weight: 400;\">El funcionario destac\u00f3 el apoyo y decisi\u00f3n del intendente Mariano Hormaechea de seguir d\u00e1ndole continuidad a este programa y al evento. A la Municipalidad de Goya, quien participa en estas clases de eventos, tanto desde la Secretar\u00eda de Producci\u00f3n como desde otras \u00e1reas; a la Cooperativa Alma de Tabaco, IPT, INTA, Cooperativa de Tabacaleros, al Municipio de Carolina, integrantes de la Mesa de Tabaco y que est\u00e1n colaborando.<\/p>\n<p style=\"font-weight: 400;\">CRONOGRAMA<\/p>\n<p style=\"font-weight: 400;\">\u201cTito\u201d Ram\u00edrez adelant\u00f3 parte del cronograma de actividades que tendr\u00e1 lugar en el predio Costa Surub\u00ed el viernes 21 y s\u00e1bado 22. El viernes inicia a las 8 de la ma\u00f1ana con acreditaciones, palabras de autoridades y posterior taller con la maestra dominicana.\u00a0 A las 20 horas arranca la gala nocturna con la actuaci\u00f3n de grupos de ballets y grupos musicales: Los Litorale\u00f1os y Paola Bel\u00e9n, La Gauchita Cumbiera. Cabe se\u00f1alar que la entrada es libre y gratuita.<\/p>\n<p style=\"font-weight: 400;\">El s\u00e1bado 22 se traslada la comitiva tabacalera hasta el municipio de Carolina donde es agasajada con tradicional almuerzo, visita a campo y zona tabacalera.<\/p>\n","protected":false},"excerpt":{"rendered":"<p>Secretaria de Producci\u00f3n: La XVI edici\u00f3n del Encuentro de Armadores de Cigarros y Puros, a realizarse del 20 al 22 de noviembre pr\u00f3ximo en predio Costa Surub\u00ed, est\u00e1 a la vuelta de la esquina y este martes el titular de la oficina de Producci\u00f3n, Valerio \u201cTito\u201d Ram\u00edrez adelant\u00f3 las actividades que se planifican para iniciar [&hellip;]<\/p>\n","protected":false},"author":4,"featured_media":138817,"comment_status":"closed","ping_status":"closed","sticky":false,"template":"","format":"standard","meta":{"footnotes":""},"categories":[45],"tags":[],"class_list":{"0":"post-138816","1":"post","2":"type-post","3":"status-publish","4":"format-standard","5":"has-post-thumbnail","7":"category-locales"},"_links":{"self":[{"href":"https:\/\/revistaesperanzas.com\/web\/wp-json\/wp\/v2\/posts\/138816","targetHints":{"allow":["GET"]}}],"collection":[{"href":"https:\/\/revistaesperanzas.com\/web\/wp-json\/wp\/v2\/posts"}],"about":[{"href":"https:\/\/revistaesperanzas.com\/web\/wp-json\/wp\/v2\/types\/post"}],"author":[{"embeddable":true,"href":"https:\/\/revistaesperanzas.com\/web\/wp-json\/wp\/v2\/users\/4"}],"replies":[{"embeddable":true,"href":"https:\/\/revistaesperanzas.com\/web\/wp-json\/wp\/v2\/comments?post=138816"}],"version-history":[{"count":0,"href":"https:\/\/revistaesperanzas.com\/web\/wp-json\/wp\/v2\/posts\/138816\/revisions"}],"wp:featuredmedia":[{"embeddable":true,"href":"https:\/\/revistaesperanzas.com\/web\/wp-json\/wp\/v2\/media\/138817"}],"wp:attachment":[{"href":"https:\/\/revistaesperanzas.com\/web\/wp-json\/wp\/v2\/media?parent=138816"}],"wp:term":[{"taxonomy":"category","embeddable":true,"href":"https:\/\/revistaesperanzas.com\/web\/wp-json\/wp\/v2\/categories?post=138816"},{"taxonomy":"post_tag","embeddable":true,"href":"https:\/\/revistaesperanzas.com\/web\/wp-json\/wp\/v2\/tags?post=138816"}],"curies":[{"name":"wp","href":"https:\/\/api.w.org\/{rel}","templated":true}]}}