{"id":138837,"date":"2025-10-28T15:37:04","date_gmt":"2025-10-28T18:37:04","guid":{"rendered":"https:\/\/revistaesperanzas.com\/web\/?p=138837"},"modified":"2025-10-28T15:37:04","modified_gmt":"2025-10-28T18:37:04","slug":"programa-mita-y-mita-nueva-inauguracion-en-barrio-guemes","status":"publish","type":"post","link":"https:\/\/revistaesperanzas.com\/web\/2025\/10\/programa-mita-y-mita-nueva-inauguracion-en-barrio-guemes\/","title":{"rendered":"\u201cPROGRAMA MITA Y MITA\u201d: NUEVA INAUGURACI\u00d3N EN BARRIO G\u00dcEMES"},"content":{"rendered":"<p style=\"font-weight: 400;\">El intendente Mariano Hormaechea invita a ma\u00f1ana mi\u00e9rcoles 29 de octubre a los vecinos a una nueva inauguraci\u00f3n de pavimento de hormig\u00f3n armado del programa \u201cMita y mita\u201d en el barrio G\u00fcemes.<\/p>\n<p style=\"font-weight: 400;\">Dicho acto se realizar\u00e1 a las 20 horas en calle N\u00e9stor Kirchner entre Jujuy y San Juan.<\/p>\n<p style=\"font-weight: 400;\">En su mensaje, el jefe comunal de Goya doctor Mariano Hormaechea expres\u00f3: \u201c\u00a1Queridos! Los invitamos el d\u00eda mi\u00e9rcoles 29 de octubre a una nueva inauguraci\u00f3n del Programa \u201cMita y Mita\u201d. Calle N\u00e9stor Kirchner, entre Jujuy y San Juan. Barrio G\u00fcemes. Horario 20:00 hs. \u00a1Los esperamos! #GoyahaciaAdelante<\/p>\n","protected":false},"excerpt":{"rendered":"<p>El intendente Mariano Hormaechea invita a ma\u00f1ana mi\u00e9rcoles 29 de octubre a los vecinos a una nueva inauguraci\u00f3n de pavimento de hormig\u00f3n armado del programa \u201cMita y mita\u201d en el barrio G\u00fcemes. Dicho acto se realizar\u00e1 a las 20 horas en calle N\u00e9stor Kirchner entre Jujuy y San Juan. En su mensaje, el jefe comunal [&hellip;]<\/p>\n","protected":false},"author":4,"featured_media":138838,"comment_status":"closed","ping_status":"closed","sticky":false,"template":"","format":"standard","meta":{"footnotes":""},"categories":[45],"tags":[],"class_list":{"0":"post-138837","1":"post","2":"type-post","3":"status-publish","4":"format-standard","5":"has-post-thumbnail","7":"category-locales"},"_links":{"self":[{"href":"https:\/\/revistaesperanzas.com\/web\/wp-json\/wp\/v2\/posts\/138837","targetHints":{"allow":["GET"]}}],"collection":[{"href":"https:\/\/revistaesperanzas.com\/web\/wp-json\/wp\/v2\/posts"}],"about":[{"href":"https:\/\/revistaesperanzas.com\/web\/wp-json\/wp\/v2\/types\/post"}],"author":[{"embeddable":true,"href":"https:\/\/revistaesperanzas.com\/web\/wp-json\/wp\/v2\/users\/4"}],"replies":[{"embeddable":true,"href":"https:\/\/revistaesperanzas.com\/web\/wp-json\/wp\/v2\/comments?post=138837"}],"version-history":[{"count":0,"href":"https:\/\/revistaesperanzas.com\/web\/wp-json\/wp\/v2\/posts\/138837\/revisions"}],"wp:featuredmedia":[{"embeddable":true,"href":"https:\/\/revistaesperanzas.com\/web\/wp-json\/wp\/v2\/media\/138838"}],"wp:attachment":[{"href":"https:\/\/revistaesperanzas.com\/web\/wp-json\/wp\/v2\/media?parent=138837"}],"wp:term":[{"taxonomy":"category","embeddable":true,"href":"https:\/\/revistaesperanzas.com\/web\/wp-json\/wp\/v2\/categories?post=138837"},{"taxonomy":"post_tag","embeddable":true,"href":"https:\/\/revistaesperanzas.com\/web\/wp-json\/wp\/v2\/tags?post=138837"}],"curies":[{"name":"wp","href":"https:\/\/api.w.org\/{rel}","templated":true}]}}