{"id":138841,"date":"2025-10-28T18:39:52","date_gmt":"2025-10-28T21:39:52","guid":{"rendered":"https:\/\/revistaesperanzas.com\/web\/?p=138841"},"modified":"2025-10-28T18:39:52","modified_gmt":"2025-10-28T21:39:52","slug":"autoridades-judiciales-y-policiales-supervisaron-el-trabajo-de-prevencion-del-abigeato","status":"publish","type":"post","link":"https:\/\/revistaesperanzas.com\/web\/2025\/10\/autoridades-judiciales-y-policiales-supervisaron-el-trabajo-de-prevencion-del-abigeato\/","title":{"rendered":"AUTORIDADES JUDICIALES Y POLICIALES SUPERVISARON EL TRABAJO DE PREVENCI\u00d3N DEL ABIGEATO"},"content":{"rendered":"<p>SAN ROQUE\u00a0 &#8211;\u00a0 Esta ma\u00f1ana, los fiscales rurales Jos\u00e9 Omar Casere (Goya) y Gerardo Cabral (Mercedes), junto al Comisario General Gerardo Torres, visitaron la Unidad Especial de Seguridad Rural y Ecol\u00f3gica con asiento en San Roque.<\/p>\n<p>Durante la jornada, el Comisario General Torres supervis\u00f3 las tareas preventivas desarrolladas por el personal policial, a cargo.del Comisario Mauricio Romero mientras que los fiscales evaluaron el avance de las investigaciones en causas vigentes por abigeato.<\/p>\n<p>La visita dej\u00f3 en evidencia el trabajo articulado entre el Ministerio de Seguridad , la Jefatura de Polic\u00eda Polic\u00eda y el Ministerio P\u00fablico Fiscal, reforzando el compromiso de brindar mayor seguridad al sector rural de la zona. La presencia de las autoridades marca un respaldo concreto a las tareas que se vienen desarrollando y permite proyectar nuevas acciones en conjunto para reforzar la seguridad en el \u00e1mbito rural.<\/p>\n","protected":false},"excerpt":{"rendered":"<p>SAN ROQUE\u00a0 &#8211;\u00a0 Esta ma\u00f1ana, los fiscales rurales Jos\u00e9 Omar Casere (Goya) y Gerardo Cabral (Mercedes), junto al Comisario General Gerardo Torres, visitaron la Unidad Especial de Seguridad Rural y Ecol\u00f3gica con asiento en San Roque. Durante la jornada, el Comisario General Torres supervis\u00f3 las tareas preventivas desarrolladas por el personal policial, a cargo.del Comisario [&hellip;]<\/p>\n","protected":false},"author":4,"featured_media":138844,"comment_status":"closed","ping_status":"closed","sticky":false,"template":"","format":"standard","meta":{"footnotes":""},"categories":[58],"tags":[],"class_list":{"0":"post-138841","1":"post","2":"type-post","3":"status-publish","4":"format-standard","5":"has-post-thumbnail","7":"category-corrientes"},"_links":{"self":[{"href":"https:\/\/revistaesperanzas.com\/web\/wp-json\/wp\/v2\/posts\/138841","targetHints":{"allow":["GET"]}}],"collection":[{"href":"https:\/\/revistaesperanzas.com\/web\/wp-json\/wp\/v2\/posts"}],"about":[{"href":"https:\/\/revistaesperanzas.com\/web\/wp-json\/wp\/v2\/types\/post"}],"author":[{"embeddable":true,"href":"https:\/\/revistaesperanzas.com\/web\/wp-json\/wp\/v2\/users\/4"}],"replies":[{"embeddable":true,"href":"https:\/\/revistaesperanzas.com\/web\/wp-json\/wp\/v2\/comments?post=138841"}],"version-history":[{"count":0,"href":"https:\/\/revistaesperanzas.com\/web\/wp-json\/wp\/v2\/posts\/138841\/revisions"}],"wp:featuredmedia":[{"embeddable":true,"href":"https:\/\/revistaesperanzas.com\/web\/wp-json\/wp\/v2\/media\/138844"}],"wp:attachment":[{"href":"https:\/\/revistaesperanzas.com\/web\/wp-json\/wp\/v2\/media?parent=138841"}],"wp:term":[{"taxonomy":"category","embeddable":true,"href":"https:\/\/revistaesperanzas.com\/web\/wp-json\/wp\/v2\/categories?post=138841"},{"taxonomy":"post_tag","embeddable":true,"href":"https:\/\/revistaesperanzas.com\/web\/wp-json\/wp\/v2\/tags?post=138841"}],"curies":[{"name":"wp","href":"https:\/\/api.w.org\/{rel}","templated":true}]}}