{"id":138846,"date":"2025-10-28T18:52:40","date_gmt":"2025-10-28T21:52:40","guid":{"rendered":"https:\/\/revistaesperanzas.com\/web\/?p=138846"},"modified":"2025-10-28T18:54:38","modified_gmt":"2025-10-28T21:54:38","slug":"138846","status":"publish","type":"post","link":"https:\/\/revistaesperanzas.com\/web\/2025\/10\/138846\/","title":{"rendered":"CITROEN C3 PROTAGONIZA UN CHOQUE DONDE SE PRODUCEN SOLO DA\u00d1OS MATERIALES"},"content":{"rendered":"<p>En el d\u00eda de la fecha 28\/10\/2025 siendo las 06:30hs se recepci\u00f3no una llamada del servicio de emergencia 911 (polic\u00eda) a esta dependencia policial, comisar\u00eda seccional segunda de esta ciudad, manifestando que en ruta 14 kil\u00f3metros 501 se habr\u00eda producido un siniestro vial.<a href=\"https:\/\/revistaesperanzas.com\/web\/2025\/10\/138846\/uato-incendiado\/\" rel=\"attachment wp-att-138848\"><img loading=\"lazy\" decoding=\"async\" class=\" wp-image-138848 alignright\" src=\"https:\/\/revistaesperanzas.com\/web\/wp-content\/uploads\/2025\/10\/UATO-INCENDIADO.jpg\" alt=\"\" width=\"298\" height=\"530\" srcset=\"https:\/\/revistaesperanzas.com\/web\/wp-content\/uploads\/2025\/10\/UATO-INCENDIADO.jpg 700w, https:\/\/revistaesperanzas.com\/web\/wp-content\/uploads\/2025\/10\/UATO-INCENDIADO-236x420.jpg 236w, https:\/\/revistaesperanzas.com\/web\/wp-content\/uploads\/2025\/10\/UATO-INCENDIADO-696x1237.jpg 696w\" sizes=\"auto, (max-width: 298px) 100vw, 298px\" \/><\/a><\/p>\n<p>De manera inmediata, se dirige al citado lugar el m\u00f3vil C-861 a cargo del oficial sub ayudante Soveron Marcelo y personal a su cargo, al llegar al lugar se pudo observar que efectivamente se habr\u00eda producido un siniestro, donde habr\u00eda impactado un autom\u00f3vil marca Citroen C3, dominio alfanumerico colocado &#8220;MUU891&#8221;, contra un animal silvestre ( carpincho) ocasionando el mismo un incendio total del veh\u00edculo automotor.<\/p>\n<p>C\u00f3mo consecuencia del impacto, el rodado en cuesti\u00f3n sufri\u00f3 solo da\u00f1os materiales, las personas que se encontraban en dicho rodado de nombre DIEGO ALBERTO CELEDON, DNI: 27.532.385 Y ANDREA VERONICA GIUNTA DNI: 24.582.912, no resultaron con lesiones graves.<\/p>\n<p>Cabe mencionar que hicieron presente en el lugar personal GRIF de la polic\u00eda provincia de ctes<\/p>\n","protected":false},"excerpt":{"rendered":"<p>En el d\u00eda de la fecha 28\/10\/2025 siendo las 06:30hs se recepci\u00f3no una llamada del servicio de emergencia 911 (polic\u00eda) a esta dependencia policial, comisar\u00eda seccional segunda de esta ciudad, manifestando que en ruta 14 kil\u00f3metros 501 se habr\u00eda producido un siniestro vial. De manera inmediata, se dirige al citado lugar el m\u00f3vil C-861 a [&hellip;]<\/p>\n","protected":false},"author":4,"featured_media":138847,"comment_status":"closed","ping_status":"closed","sticky":false,"template":"","format":"standard","meta":{"footnotes":""},"categories":[58],"tags":[],"class_list":{"0":"post-138846","1":"post","2":"type-post","3":"status-publish","4":"format-standard","5":"has-post-thumbnail","7":"category-corrientes"},"_links":{"self":[{"href":"https:\/\/revistaesperanzas.com\/web\/wp-json\/wp\/v2\/posts\/138846","targetHints":{"allow":["GET"]}}],"collection":[{"href":"https:\/\/revistaesperanzas.com\/web\/wp-json\/wp\/v2\/posts"}],"about":[{"href":"https:\/\/revistaesperanzas.com\/web\/wp-json\/wp\/v2\/types\/post"}],"author":[{"embeddable":true,"href":"https:\/\/revistaesperanzas.com\/web\/wp-json\/wp\/v2\/users\/4"}],"replies":[{"embeddable":true,"href":"https:\/\/revistaesperanzas.com\/web\/wp-json\/wp\/v2\/comments?post=138846"}],"version-history":[{"count":0,"href":"https:\/\/revistaesperanzas.com\/web\/wp-json\/wp\/v2\/posts\/138846\/revisions"}],"wp:featuredmedia":[{"embeddable":true,"href":"https:\/\/revistaesperanzas.com\/web\/wp-json\/wp\/v2\/media\/138847"}],"wp:attachment":[{"href":"https:\/\/revistaesperanzas.com\/web\/wp-json\/wp\/v2\/media?parent=138846"}],"wp:term":[{"taxonomy":"category","embeddable":true,"href":"https:\/\/revistaesperanzas.com\/web\/wp-json\/wp\/v2\/categories?post=138846"},{"taxonomy":"post_tag","embeddable":true,"href":"https:\/\/revistaesperanzas.com\/web\/wp-json\/wp\/v2\/tags?post=138846"}],"curies":[{"name":"wp","href":"https:\/\/api.w.org\/{rel}","templated":true}]}}