{"id":138853,"date":"2025-10-28T19:01:37","date_gmt":"2025-10-28T22:01:37","guid":{"rendered":"https:\/\/revistaesperanzas.com\/web\/?p=138853"},"modified":"2025-10-28T19:02:13","modified_gmt":"2025-10-28T22:02:13","slug":"se-deja-sin-efecto-la-solicitud-de-colaboracion-para-la-localizar-a-fernandez-ramon-ceferino-de-31-anos-de-edad","status":"publish","type":"post","link":"https:\/\/revistaesperanzas.com\/web\/2025\/10\/se-deja-sin-efecto-la-solicitud-de-colaboracion-para-la-localizar-a-fernandez-ramon-ceferino-de-31-anos-de-edad\/","title":{"rendered":"SE DEJA SIN EFECTO LA SOLICITUD DE LOCALIZAR A FERNANDEZ RAMON CEFERINO DE 31 A\u00d1OS DE EDAD."},"content":{"rendered":"<p>SANTO TOME &#8211; A trav\u00e9s de la presente Gacetilla, se informa que fue hallado sin vida el cuerpo del ciudadano Fern\u00e1ndez Ram\u00f3n Ceferino de 31 a\u00f1os de edad, quien conforme a la denuncia efectuada por una persona de apellido -Fern\u00e1ndez-.<\/p>\n<p>El mismo se encontraba ausente de su hogar desde el pasado 25-10-25, solicitud enviada oportunamente mediante la 4ta ampliaci\u00f3n de gacetilla de ayer 27-10-25; dando intervenci\u00f3n de \u00e9sta situaci\u00f3n tambi\u00e9n a la fiscal\u00eda de Investigaci\u00f3n en turno.<\/p>\n<p>Cabe se\u00f1alar que el mismo fue hallado sin vida en inmediaciones de Ruta Provincial 40, a siete kil\u00f3metros aproximadamente del empalme de Ruta Nacional 14, trat\u00e1ndose aparentemente en principio y seg\u00fan las primeras diligencias realizadas, de un supuesto suicidio, siendo esto materia de investigaci\u00f3n.<\/p>\n<p>Al respecto, la Comisaria de Distrito Segunda de Santo Tome se lleva a delante las diligencias del caso.<\/p>\n","protected":false},"excerpt":{"rendered":"<p>SANTO TOME &#8211; A trav\u00e9s de la presente Gacetilla, se informa que fue hallado sin vida el cuerpo del ciudadano Fern\u00e1ndez Ram\u00f3n Ceferino de 31 a\u00f1os de edad, quien conforme a la denuncia efectuada por una persona de apellido -Fern\u00e1ndez-. El mismo se encontraba ausente de su hogar desde el pasado 25-10-25, solicitud enviada oportunamente [&hellip;]<\/p>\n","protected":false},"author":4,"featured_media":138752,"comment_status":"closed","ping_status":"closed","sticky":false,"template":"","format":"standard","meta":{"footnotes":""},"categories":[45],"tags":[],"class_list":{"0":"post-138853","1":"post","2":"type-post","3":"status-publish","4":"format-standard","5":"has-post-thumbnail","7":"category-locales"},"_links":{"self":[{"href":"https:\/\/revistaesperanzas.com\/web\/wp-json\/wp\/v2\/posts\/138853","targetHints":{"allow":["GET"]}}],"collection":[{"href":"https:\/\/revistaesperanzas.com\/web\/wp-json\/wp\/v2\/posts"}],"about":[{"href":"https:\/\/revistaesperanzas.com\/web\/wp-json\/wp\/v2\/types\/post"}],"author":[{"embeddable":true,"href":"https:\/\/revistaesperanzas.com\/web\/wp-json\/wp\/v2\/users\/4"}],"replies":[{"embeddable":true,"href":"https:\/\/revistaesperanzas.com\/web\/wp-json\/wp\/v2\/comments?post=138853"}],"version-history":[{"count":0,"href":"https:\/\/revistaesperanzas.com\/web\/wp-json\/wp\/v2\/posts\/138853\/revisions"}],"wp:featuredmedia":[{"embeddable":true,"href":"https:\/\/revistaesperanzas.com\/web\/wp-json\/wp\/v2\/media\/138752"}],"wp:attachment":[{"href":"https:\/\/revistaesperanzas.com\/web\/wp-json\/wp\/v2\/media?parent=138853"}],"wp:term":[{"taxonomy":"category","embeddable":true,"href":"https:\/\/revistaesperanzas.com\/web\/wp-json\/wp\/v2\/categories?post=138853"},{"taxonomy":"post_tag","embeddable":true,"href":"https:\/\/revistaesperanzas.com\/web\/wp-json\/wp\/v2\/tags?post=138853"}],"curies":[{"name":"wp","href":"https:\/\/api.w.org\/{rel}","templated":true}]}}