{"id":138856,"date":"2025-10-28T19:06:57","date_gmt":"2025-10-28T22:06:57","guid":{"rendered":"https:\/\/revistaesperanzas.com\/web\/?p=138856"},"modified":"2025-10-28T19:06:57","modified_gmt":"2025-10-28T22:06:57","slug":"sres-periodistas-el-intendente-de-goya-los-invita-a-ustedes","status":"publish","type":"post","link":"https:\/\/revistaesperanzas.com\/web\/2025\/10\/sres-periodistas-el-intendente-de-goya-los-invita-a-ustedes\/","title":{"rendered":"Sres PERIODISTAS EL INTENDENTE DE GOYA LOS INVITA A USTEDES"},"content":{"rendered":"<p>Sr\/a. Periodistas:<br \/>\nTengo el agrado de dejarles la invitaci\u00f3n formal del Intendente de Goya, Dr. Mariano Hormaechea, al Acto Central por el D\u00eda de la Primera Radicaci\u00f3n Hist\u00f3rica de Goya, que se realizar\u00e1 el domingo 9 de noviembre a las 20:30 h en la Plaza Mitre.<\/p>\n<p>El objetivo del evento es conmemorar el momento en que el nombre de la ciudad apareci\u00f3 por primera vez en un documento oficial, fortaleciendo la identidad y las ra\u00edces hist\u00f3ricas de Goya.<\/p>\n<p>Confirmar presencia. Ser\u00e1 un honor contar con Ustedes. Muchas Gracias.<\/p>\n","protected":false},"excerpt":{"rendered":"<p>Sr\/a. Periodistas: Tengo el agrado de dejarles la invitaci\u00f3n formal del Intendente de Goya, Dr. Mariano Hormaechea, al Acto Central por el D\u00eda de la Primera Radicaci\u00f3n Hist\u00f3rica de Goya, que se realizar\u00e1 el domingo 9 de noviembre a las 20:30 h en la Plaza Mitre. El objetivo del evento es conmemorar el momento en [&hellip;]<\/p>\n","protected":false},"author":4,"featured_media":138857,"comment_status":"closed","ping_status":"closed","sticky":false,"template":"","format":"standard","meta":{"footnotes":""},"categories":[45],"tags":[],"class_list":{"0":"post-138856","1":"post","2":"type-post","3":"status-publish","4":"format-standard","5":"has-post-thumbnail","7":"category-locales"},"_links":{"self":[{"href":"https:\/\/revistaesperanzas.com\/web\/wp-json\/wp\/v2\/posts\/138856","targetHints":{"allow":["GET"]}}],"collection":[{"href":"https:\/\/revistaesperanzas.com\/web\/wp-json\/wp\/v2\/posts"}],"about":[{"href":"https:\/\/revistaesperanzas.com\/web\/wp-json\/wp\/v2\/types\/post"}],"author":[{"embeddable":true,"href":"https:\/\/revistaesperanzas.com\/web\/wp-json\/wp\/v2\/users\/4"}],"replies":[{"embeddable":true,"href":"https:\/\/revistaesperanzas.com\/web\/wp-json\/wp\/v2\/comments?post=138856"}],"version-history":[{"count":0,"href":"https:\/\/revistaesperanzas.com\/web\/wp-json\/wp\/v2\/posts\/138856\/revisions"}],"wp:featuredmedia":[{"embeddable":true,"href":"https:\/\/revistaesperanzas.com\/web\/wp-json\/wp\/v2\/media\/138857"}],"wp:attachment":[{"href":"https:\/\/revistaesperanzas.com\/web\/wp-json\/wp\/v2\/media?parent=138856"}],"wp:term":[{"taxonomy":"category","embeddable":true,"href":"https:\/\/revistaesperanzas.com\/web\/wp-json\/wp\/v2\/categories?post=138856"},{"taxonomy":"post_tag","embeddable":true,"href":"https:\/\/revistaesperanzas.com\/web\/wp-json\/wp\/v2\/tags?post=138856"}],"curies":[{"name":"wp","href":"https:\/\/api.w.org\/{rel}","templated":true}]}}