{"id":138872,"date":"2025-10-28T20:04:47","date_gmt":"2025-10-28T23:04:47","guid":{"rendered":"https:\/\/revistaesperanzas.com\/web\/?p=138872"},"modified":"2025-10-28T22:27:06","modified_gmt":"2025-10-29T01:27:06","slug":"138872","status":"publish","type":"post","link":"https:\/\/revistaesperanzas.com\/web\/2025\/10\/138872\/","title":{"rendered":"POLICIA RECUPERA UNA MOTOCICLETA QUE FUERA ROBADA"},"content":{"rendered":"<p>ESQUINA &#8211; Tras un r\u00e1pido y eficaz accionar, la Polic\u00eda recuper\u00f3 una motocicleta recientemente sustra\u00edda. Un joven fue demorado, sindicado como presunto autor del hecho.<\/p>\n<p>En la fecha de hoy 28-10-25 cerca de las 14:00horas, efectivos policiales de la Comisaria de Distrito Primera de Esquina, tras un r\u00e1pido y eficaz accionar, lograron hallar y recuperar una motocicleta que fuera recientemente sustra\u00edda. Por el hecho, un joven se encuentra demorado y sindicado como presunto autor del hecho.<\/p>\n<p>El procedimiento lo realizaron los citados efectivos luego de tomar conocimiento sobre la sustracci\u00f3n de una motocicleta \u2013 marca Honda Biz-, por lo que de manera inmediata, iniciaron diversas labores investigativas y amplios rastrillajes por la zona, logrando por Ruta Nacional N\u00b0 12 al kil\u00f3metro 667 aproximadamente, visualizar e identificar a un joven\u00a0 de 18 a\u00f1os de edad quien iba a bordo de un rodado con similares caracter\u00edsticas, el cual, tras las correspondientes averiguadores resulto ser el denunciado como sustra\u00eddo, procediendo a la demora del mismo.<\/p>\n<p>El rodado recuperado y el demorado fueron puestos a disposici\u00f3n de la Unidad Fiscal en turno y trasladados a la citada dependencia, donde se continuaron con los tramites de rigor.<\/p>\n","protected":false},"excerpt":{"rendered":"<p>ESQUINA &#8211; Tras un r\u00e1pido y eficaz accionar, la Polic\u00eda recuper\u00f3 una motocicleta recientemente sustra\u00edda. Un joven fue demorado, sindicado como presunto autor del hecho. En la fecha de hoy 28-10-25 cerca de las 14:00horas, efectivos policiales de la Comisaria de Distrito Primera de Esquina, tras un r\u00e1pido y eficaz accionar, lograron hallar y recuperar [&hellip;]<\/p>\n","protected":false},"author":4,"featured_media":138873,"comment_status":"closed","ping_status":"closed","sticky":false,"template":"","format":"standard","meta":{"footnotes":""},"categories":[58],"tags":[],"class_list":{"0":"post-138872","1":"post","2":"type-post","3":"status-publish","4":"format-standard","5":"has-post-thumbnail","7":"category-corrientes"},"_links":{"self":[{"href":"https:\/\/revistaesperanzas.com\/web\/wp-json\/wp\/v2\/posts\/138872","targetHints":{"allow":["GET"]}}],"collection":[{"href":"https:\/\/revistaesperanzas.com\/web\/wp-json\/wp\/v2\/posts"}],"about":[{"href":"https:\/\/revistaesperanzas.com\/web\/wp-json\/wp\/v2\/types\/post"}],"author":[{"embeddable":true,"href":"https:\/\/revistaesperanzas.com\/web\/wp-json\/wp\/v2\/users\/4"}],"replies":[{"embeddable":true,"href":"https:\/\/revistaesperanzas.com\/web\/wp-json\/wp\/v2\/comments?post=138872"}],"version-history":[{"count":0,"href":"https:\/\/revistaesperanzas.com\/web\/wp-json\/wp\/v2\/posts\/138872\/revisions"}],"wp:featuredmedia":[{"embeddable":true,"href":"https:\/\/revistaesperanzas.com\/web\/wp-json\/wp\/v2\/media\/138873"}],"wp:attachment":[{"href":"https:\/\/revistaesperanzas.com\/web\/wp-json\/wp\/v2\/media?parent=138872"}],"wp:term":[{"taxonomy":"category","embeddable":true,"href":"https:\/\/revistaesperanzas.com\/web\/wp-json\/wp\/v2\/categories?post=138872"},{"taxonomy":"post_tag","embeddable":true,"href":"https:\/\/revistaesperanzas.com\/web\/wp-json\/wp\/v2\/tags?post=138872"}],"curies":[{"name":"wp","href":"https:\/\/api.w.org\/{rel}","templated":true}]}}