{"id":138879,"date":"2025-10-28T20:37:01","date_gmt":"2025-10-28T23:37:01","guid":{"rendered":"https:\/\/revistaesperanzas.com\/web\/?p=138879"},"modified":"2025-10-28T20:37:01","modified_gmt":"2025-10-28T23:37:01","slug":"segun-informe-del-inta-las-bajas-temperaturas-continuaran-hasta-el-jueves","status":"publish","type":"post","link":"https:\/\/revistaesperanzas.com\/web\/2025\/10\/segun-informe-del-inta-las-bajas-temperaturas-continuaran-hasta-el-jueves\/","title":{"rendered":"SEG\u00daN INFORME DEL INTA LAS BAJAS TEMPERATURAS CONTINUAR\u00c1N HASTA EL JUEVES"},"content":{"rendered":"<p style=\"font-weight: 400;\"><em>\u201cUn ajuste de la meteorolog\u00eda\u201d<\/em><\/p>\n<p style=\"font-weight: 400;\">La ingeniera doctora Carolina L\u00f3pez Fern\u00e1ndez, del INTA Corrientes, consider\u00f3 los factores clim\u00e1ticos reinantes como \u201cun ajuste de la meteorolog\u00eda\u201d. \u201cDurante el fin de semana, desde el domingo irrumpieron precipitaciones de variada intensidad, en Corrientes se not\u00f3 la pronunciada baja de temperatura, de 30 \u00a0a 12 grados, que afecta a las personas, a los animales, al campo. Un avance del viento fr\u00edo hizo descender la temperatura, que se mantendr\u00e1 todo el d\u00eda mi\u00e9rcoles, sin precipitaciones. Desde el jueves ascender\u00e1\u00a0 la marca\u201d.<\/p>\n<p style=\"font-weight: 400;\">Debemos estar atentos a los avisos de corto plazo del Servicio Meteorol\u00f3gico Nacional, donde aparecen estas condiciones: fr\u00edo, lluvia y otros fen\u00f3menos en distintos puntos del pa\u00eds.<\/p>\n<p style=\"font-weight: 400;\">\u201cA partir del jueves la m\u00ednima estar\u00e1 cercana a los 15 grados, con m\u00e1ximas de 25, y el fin de semana cercano a los 30 grados\u201d, concluy\u00f3 en el contacto radial la ingeniera Dra. Carolina Fern\u00e1ndez L\u00f3pez<\/p>\n","protected":false},"excerpt":{"rendered":"<p>\u201cUn ajuste de la meteorolog\u00eda\u201d La ingeniera doctora Carolina L\u00f3pez Fern\u00e1ndez, del INTA Corrientes, consider\u00f3 los factores clim\u00e1ticos reinantes como \u201cun ajuste de la meteorolog\u00eda\u201d. \u201cDurante el fin de semana, desde el domingo irrumpieron precipitaciones de variada intensidad, en Corrientes se not\u00f3 la pronunciada baja de temperatura, de 30 \u00a0a 12 grados, que afecta a [&hellip;]<\/p>\n","protected":false},"author":4,"featured_media":138880,"comment_status":"closed","ping_status":"closed","sticky":false,"template":"","format":"standard","meta":{"footnotes":""},"categories":[45],"tags":[],"class_list":{"0":"post-138879","1":"post","2":"type-post","3":"status-publish","4":"format-standard","5":"has-post-thumbnail","7":"category-locales"},"_links":{"self":[{"href":"https:\/\/revistaesperanzas.com\/web\/wp-json\/wp\/v2\/posts\/138879","targetHints":{"allow":["GET"]}}],"collection":[{"href":"https:\/\/revistaesperanzas.com\/web\/wp-json\/wp\/v2\/posts"}],"about":[{"href":"https:\/\/revistaesperanzas.com\/web\/wp-json\/wp\/v2\/types\/post"}],"author":[{"embeddable":true,"href":"https:\/\/revistaesperanzas.com\/web\/wp-json\/wp\/v2\/users\/4"}],"replies":[{"embeddable":true,"href":"https:\/\/revistaesperanzas.com\/web\/wp-json\/wp\/v2\/comments?post=138879"}],"version-history":[{"count":0,"href":"https:\/\/revistaesperanzas.com\/web\/wp-json\/wp\/v2\/posts\/138879\/revisions"}],"wp:featuredmedia":[{"embeddable":true,"href":"https:\/\/revistaesperanzas.com\/web\/wp-json\/wp\/v2\/media\/138880"}],"wp:attachment":[{"href":"https:\/\/revistaesperanzas.com\/web\/wp-json\/wp\/v2\/media?parent=138879"}],"wp:term":[{"taxonomy":"category","embeddable":true,"href":"https:\/\/revistaesperanzas.com\/web\/wp-json\/wp\/v2\/categories?post=138879"},{"taxonomy":"post_tag","embeddable":true,"href":"https:\/\/revistaesperanzas.com\/web\/wp-json\/wp\/v2\/tags?post=138879"}],"curies":[{"name":"wp","href":"https:\/\/api.w.org\/{rel}","templated":true}]}}