{"id":138882,"date":"2025-10-28T20:57:36","date_gmt":"2025-10-28T23:57:36","guid":{"rendered":"https:\/\/revistaesperanzas.com\/web\/?p=138882"},"modified":"2025-10-28T22:07:43","modified_gmt":"2025-10-29T01:07:43","slug":"138882","status":"publish","type":"post","link":"https:\/\/revistaesperanzas.com\/web\/2025\/10\/138882\/","title":{"rendered":"POLICIA DE CORRIENTES EN BELLA VISTA RECUPERAN VARIAS COSAS ROBADAS"},"content":{"rendered":"<p>BELLA VISTA &#8211;\u00a0 En el marco de diferentes causas judiciales y tras una eficaz labor, la Polic\u00eda logr\u00f3 recuperar prendas de vestir y un tel\u00e9fono celular que fueron denunciados como sustra\u00eddos.<\/p>\n<p>Efectivos policiales de la Comisaria de Distrito Primera junto a sus pares del \u00c1rea de<a href=\"https:\/\/revistaesperanzas.com\/web\/2025\/10\/138882\/whatsapp-image-2025-10-28-at-20-51-35-1\/\" rel=\"attachment wp-att-138884\"><img loading=\"lazy\" decoding=\"async\" class=\"wp-image-138884 alignleft\" src=\"https:\/\/revistaesperanzas.com\/web\/wp-content\/uploads\/2025\/10\/WhatsApp-Image-2025-10-28-at-20.51.35-1.jpeg\" alt=\"\" width=\"368\" height=\"489\" srcset=\"https:\/\/revistaesperanzas.com\/web\/wp-content\/uploads\/2025\/10\/WhatsApp-Image-2025-10-28-at-20.51.35-1.jpeg 963w, https:\/\/revistaesperanzas.com\/web\/wp-content\/uploads\/2025\/10\/WhatsApp-Image-2025-10-28-at-20.51.35-1-316x420.jpeg 316w, https:\/\/revistaesperanzas.com\/web\/wp-content\/uploads\/2025\/10\/WhatsApp-Image-2025-10-28-at-20.51.35-1-696x925.jpeg 696w\" sizes=\"auto, (max-width: 368px) 100vw, 368px\" \/><\/a> Investigaciones de Bella Vista, en colaboraci\u00f3n a la unidad fiscal interviniente y en el marco de dos legajos judiciales que se encuentran en tr\u00e1mite, lograron hallar y recuperar prendas de vestir y un tel\u00e9fono celular que fueron denunciados como sustra\u00eddos.<\/p>\n<p>El procedimiento lo realizaron los citados efectivos tras el despliegue de diversas labores investigativas realizadas posteriormente, lo que posibilito hallar y secuestrar, cinco pares de zapatillas, un conjunto deportivo y un tel\u00e9fono celular -marca Redmi Note-, los cuales guardar\u00edan relaci\u00f3n con las causas que se investigan.<\/p>\n<p>Las cosas recuperadas fueron puestos a disposici\u00f3n de las autoridades judiciales intervinientes y trasladadas a la citada dependencia, donde se continuaron con los tramites de rigor.<\/p>\n","protected":false},"excerpt":{"rendered":"<p>BELLA VISTA &#8211;\u00a0 En el marco de diferentes causas judiciales y tras una eficaz labor, la Polic\u00eda logr\u00f3 recuperar prendas de vestir y un tel\u00e9fono celular que fueron denunciados como sustra\u00eddos. Efectivos policiales de la Comisaria de Distrito Primera junto a sus pares del \u00c1rea de Investigaciones de Bella Vista, en colaboraci\u00f3n a la unidad [&hellip;]<\/p>\n","protected":false},"author":4,"featured_media":138883,"comment_status":"closed","ping_status":"closed","sticky":false,"template":"","format":"standard","meta":{"footnotes":""},"categories":[58],"tags":[],"class_list":{"0":"post-138882","1":"post","2":"type-post","3":"status-publish","4":"format-standard","5":"has-post-thumbnail","7":"category-corrientes"},"_links":{"self":[{"href":"https:\/\/revistaesperanzas.com\/web\/wp-json\/wp\/v2\/posts\/138882","targetHints":{"allow":["GET"]}}],"collection":[{"href":"https:\/\/revistaesperanzas.com\/web\/wp-json\/wp\/v2\/posts"}],"about":[{"href":"https:\/\/revistaesperanzas.com\/web\/wp-json\/wp\/v2\/types\/post"}],"author":[{"embeddable":true,"href":"https:\/\/revistaesperanzas.com\/web\/wp-json\/wp\/v2\/users\/4"}],"replies":[{"embeddable":true,"href":"https:\/\/revistaesperanzas.com\/web\/wp-json\/wp\/v2\/comments?post=138882"}],"version-history":[{"count":0,"href":"https:\/\/revistaesperanzas.com\/web\/wp-json\/wp\/v2\/posts\/138882\/revisions"}],"wp:featuredmedia":[{"embeddable":true,"href":"https:\/\/revistaesperanzas.com\/web\/wp-json\/wp\/v2\/media\/138883"}],"wp:attachment":[{"href":"https:\/\/revistaesperanzas.com\/web\/wp-json\/wp\/v2\/media?parent=138882"}],"wp:term":[{"taxonomy":"category","embeddable":true,"href":"https:\/\/revistaesperanzas.com\/web\/wp-json\/wp\/v2\/categories?post=138882"},{"taxonomy":"post_tag","embeddable":true,"href":"https:\/\/revistaesperanzas.com\/web\/wp-json\/wp\/v2\/tags?post=138882"}],"curies":[{"name":"wp","href":"https:\/\/api.w.org\/{rel}","templated":true}]}}