{"id":138887,"date":"2025-10-28T22:06:31","date_gmt":"2025-10-29T01:06:31","guid":{"rendered":"https:\/\/revistaesperanzas.com\/web\/?p=138887"},"modified":"2025-10-28T22:06:31","modified_gmt":"2025-10-29T01:06:31","slug":"el-proyecto-educativo-tekakwitha-de-la-escuela-parroquial-la-rotonda-presentara-dos-libros-el-miercoles-en-casa-de-la-cultura","status":"publish","type":"post","link":"https:\/\/revistaesperanzas.com\/web\/2025\/10\/el-proyecto-educativo-tekakwitha-de-la-escuela-parroquial-la-rotonda-presentara-dos-libros-el-miercoles-en-casa-de-la-cultura\/","title":{"rendered":"EL PROYECTO EDUCATIVO TEKAKWITHA DE LA ESCUELA PARROQUIAL \u201cLA ROTONDA\u201d PRESENTAR\u00c1 DOS LIBROS EL MI\u00c9RCOLES EN CASA DE LA CULTURA"},"content":{"rendered":"<p style=\"font-weight: 400;\">Despu\u00e9s de un proceso de trabajo e investigaci\u00f3n, el mi\u00e9rcoles en la Casa de la Cultura, a las 20 horas ser\u00e1n presentados los libros \u201cFilo Transversal\u201d y \u201cSomos Leyenda\u201d.<\/p>\n<p style=\"font-weight: 400;\">\u201cEs un trabajo colaborativo de los estudiantes con nosotros los profesores y otros agentes de la comunidad\u201d, rese\u00f1\u00f3 la profesora Lourdes Gonz\u00e1lez.<\/p>\n<p style=\"font-weight: 400;\">El mi\u00e9rcoles a las 20 horas se har\u00e1n las presentaciones de estas obras. \u201cEstamos agradecidos con el director de Cultura Manuel \u201cLito\u201d Zampar que nos facilita ese espacio, nos abre las puertas para esta presentaci\u00f3n\u201d.<\/p>\n<p style=\"font-weight: 400;\">FELICES DE GENERAR NUEVOS PROYECTOS EDUCATIVOS<\/p>\n<p style=\"font-weight: 400;\">En el contacto radial, la profesora asegur\u00f3: \u201cEstamos felices con quienes gestamos el proyecto; abordamos la cuesti\u00f3n del discurso acad\u00e9mico otorgando oportunidades a los estudiantes de la promo del a\u00f1o pasado para que experimenten las diferentes maneras de la oralidad, con distintas personas, con sus respectivos discursos. En el \u00e1mbito espiritual buscamos que esos discursos contengan los aspectos de valores de fraternidad, di\u00e1logo interreligioso, se puede compartir aun si no se comparte el mismo credo. De esa manera invitamos a un pastor evang\u00e9lico, a la comunidad Brama Kumaris, una te\u00f3loga de Buenos Aires, a la representante de una asociaci\u00f3n sin fines de lucro, \u201cLa Sonrisa de Facu\u201d, profesores de filosof\u00eda, de lengua, literatura. Para ello los invitados trajeron ese discurso escrito y luego de manera oral transmitieron a los estudiantes, incluso a alumnos de otros establecimientos, como el caso del colegio \u201cGregoria Morales\u201d, acompa\u00f1ados por la docente Leticia Mu\u00f1oz. Nos interpel\u00f3 en todos los sentidos. Esos discursos est\u00e1n en este libro \u201cFilo Transversal\u201d; por el griego \u201camor\u201d, tambi\u00e9n por lo que corta, aquello que no nos permite transitar los valores de la fraternidad, y transversal porque atraviesa todo nuestro ser\u201d.<\/p>\n<p style=\"font-weight: 400;\">CARACTER\u00cdSTICA DE \u201cSOMOS LEYENDA\u201d<\/p>\n<p style=\"font-weight: 400;\">Consultada por la otra obra, \u201cSomos Leyenda\u201d, explic\u00f3: \u201cSon 6 libritos; se busca recuperar el valor de la oralidad, en el futuro ser\u00e1 un libro. Adem\u00e1s de recuperar leyendas que transmiten valores de la identidad, hemos recibido la visita de tres narradores diferentes: Lorena Leiva, Juan Ignacio y Patricio Cattay\u201d.<\/p>\n<p style=\"font-weight: 400;\">Tambi\u00e9n mencion\u00f3 que han utilizado la IA para una adaptaci\u00f3n destinada a un p\u00fablico infantil.<\/p>\n<p style=\"font-weight: 400;\">\u201cEl \u00faltimo paso: el aspecto cr\u00edtico de conceptos, t\u00e9rminos que no est\u00e1n en el original de esa leyenda\u201d.<\/p>\n<p style=\"font-weight: 400;\">LIBROS PARA PINTAR<\/p>\n<p style=\"font-weight: 400;\">\u201cLas im\u00e1genes est\u00e1n en blanco y negro porque tienen un destino a una comunidad vulnerable, en una misi\u00f3n que har\u00e1n los \u201cchicos\u201d. Es m\u00e1s, hemos enviado este material a Catamarca, donde enriquece a su cultura quechua (Inca), a escuelas de pueblos originarios, con nuestra cultura guaran\u00ed. Transform\u00f3 la realidad de esos ni\u00f1os; ese es nuestro prop\u00f3sito, que podemos cambiar una min\u00fascula parte de nuestro mundo, pues est\u00e1 pensado para colorear los dibujos de las leyendas\u201d detall\u00f3 Lourdes Gonz\u00e1lez.<\/p>\n<p style=\"font-weight: 400;\">\u201cInvitamos a participar de esta presentaci\u00f3n de \u201cFilo Transversal\u201d y \u201cSomos Leyenda\u201d el mi\u00e9rcoles a las 20 horas en Casa de la Cultura\u201d, reiter\u00f3 la invitaci\u00f3n la docente integrante de este proyecto educativo.<\/p>\n","protected":false},"excerpt":{"rendered":"<p>Despu\u00e9s de un proceso de trabajo e investigaci\u00f3n, el mi\u00e9rcoles en la Casa de la Cultura, a las 20 horas ser\u00e1n presentados los libros \u201cFilo Transversal\u201d y \u201cSomos Leyenda\u201d. \u201cEs un trabajo colaborativo de los estudiantes con nosotros los profesores y otros agentes de la comunidad\u201d, rese\u00f1\u00f3 la profesora Lourdes Gonz\u00e1lez. El mi\u00e9rcoles a las [&hellip;]<\/p>\n","protected":false},"author":4,"featured_media":138888,"comment_status":"closed","ping_status":"closed","sticky":false,"template":"","format":"standard","meta":{"footnotes":""},"categories":[45],"tags":[],"class_list":{"0":"post-138887","1":"post","2":"type-post","3":"status-publish","4":"format-standard","5":"has-post-thumbnail","7":"category-locales"},"_links":{"self":[{"href":"https:\/\/revistaesperanzas.com\/web\/wp-json\/wp\/v2\/posts\/138887","targetHints":{"allow":["GET"]}}],"collection":[{"href":"https:\/\/revistaesperanzas.com\/web\/wp-json\/wp\/v2\/posts"}],"about":[{"href":"https:\/\/revistaesperanzas.com\/web\/wp-json\/wp\/v2\/types\/post"}],"author":[{"embeddable":true,"href":"https:\/\/revistaesperanzas.com\/web\/wp-json\/wp\/v2\/users\/4"}],"replies":[{"embeddable":true,"href":"https:\/\/revistaesperanzas.com\/web\/wp-json\/wp\/v2\/comments?post=138887"}],"version-history":[{"count":0,"href":"https:\/\/revistaesperanzas.com\/web\/wp-json\/wp\/v2\/posts\/138887\/revisions"}],"wp:featuredmedia":[{"embeddable":true,"href":"https:\/\/revistaesperanzas.com\/web\/wp-json\/wp\/v2\/media\/138888"}],"wp:attachment":[{"href":"https:\/\/revistaesperanzas.com\/web\/wp-json\/wp\/v2\/media?parent=138887"}],"wp:term":[{"taxonomy":"category","embeddable":true,"href":"https:\/\/revistaesperanzas.com\/web\/wp-json\/wp\/v2\/categories?post=138887"},{"taxonomy":"post_tag","embeddable":true,"href":"https:\/\/revistaesperanzas.com\/web\/wp-json\/wp\/v2\/tags?post=138887"}],"curies":[{"name":"wp","href":"https:\/\/api.w.org\/{rel}","templated":true}]}}