{"id":138901,"date":"2025-10-28T22:21:01","date_gmt":"2025-10-29T01:21:01","guid":{"rendered":"https:\/\/revistaesperanzas.com\/web\/?p=138901"},"modified":"2025-10-28T22:21:01","modified_gmt":"2025-10-29T01:21:01","slug":"direccion-de-salud-mental-de-goya-presenta-un-taller-de-trabajo-en-zona-rural","status":"publish","type":"post","link":"https:\/\/revistaesperanzas.com\/web\/2025\/10\/direccion-de-salud-mental-de-goya-presenta-un-taller-de-trabajo-en-zona-rural\/","title":{"rendered":"DIRECCION DE SALUD MENTAL DE GOYA PRESENTA UN TALLER DE TRABAJO EN ZONA RURAL"},"content":{"rendered":"<p style=\"font-weight: 400;\">Programa &#8220;Salud Mental en la Comunidad Rural&#8221; Enfocado en la Prevenci\u00f3n del Suicidio Impacta positivamente en J\u00f3venes de Cocalito, Goya<a href=\"https:\/\/revistaesperanzas.com\/web\/2025\/10\/direccion-de-salud-mental-de-goya-presenta-un-taller-de-trabajo-en-zona-rural\/salud-mental-en-el-cocalito-1-2\/\" rel=\"attachment wp-att-138904\"><img loading=\"lazy\" decoding=\"async\" class=\"alignnone size-full wp-image-138904\" src=\"https:\/\/revistaesperanzas.com\/web\/wp-content\/uploads\/2025\/10\/Salud-Mental-en-el-Cocalito-1-1.jpg\" alt=\"\" width=\"703\" height=\"390\" srcset=\"https:\/\/revistaesperanzas.com\/web\/wp-content\/uploads\/2025\/10\/Salud-Mental-en-el-Cocalito-1-1.jpg 703w, https:\/\/revistaesperanzas.com\/web\/wp-content\/uploads\/2025\/10\/Salud-Mental-en-el-Cocalito-1-1-696x385.jpg 696w\" sizes=\"auto, (max-width: 703px) 100vw, 703px\" \/><\/a><\/p>\n<p style=\"font-weight: 400;\">En un esfuerzo significativo por fortalecer la salud mental en comunidades rurales, la Lic. Sabrina Coronel y su equipo de la Direcci\u00f3n de Salud Mental llevaron a cabo un taller del programa &#8220;Salud Mental en la Comunidad Rural&#8221;, con un enfoque espec\u00edfico en la prevenci\u00f3n del suicidio, en la Extensi\u00f3n A\u00falica Cocalito, perteneciente al Colegio Secundario Buena Vista.<a href=\"https:\/\/revistaesperanzas.com\/web\/2025\/10\/direccion-de-salud-mental-de-goya-presenta-un-taller-de-trabajo-en-zona-rural\/salud-mental-en-el-cocalito-3\/\" rel=\"attachment wp-att-138905\"><img loading=\"lazy\" decoding=\"async\" class=\"alignnone size-full wp-image-138905\" src=\"https:\/\/revistaesperanzas.com\/web\/wp-content\/uploads\/2025\/10\/Salud-Mental-en-el-Cocalito-3.jpg\" alt=\"\" width=\"1280\" height=\"960\" srcset=\"https:\/\/revistaesperanzas.com\/web\/wp-content\/uploads\/2025\/10\/Salud-Mental-en-el-Cocalito-3.jpg 1280w, https:\/\/revistaesperanzas.com\/web\/wp-content\/uploads\/2025\/10\/Salud-Mental-en-el-Cocalito-3-560x420.jpg 560w, https:\/\/revistaesperanzas.com\/web\/wp-content\/uploads\/2025\/10\/Salud-Mental-en-el-Cocalito-3-80x60.jpg 80w, https:\/\/revistaesperanzas.com\/web\/wp-content\/uploads\/2025\/10\/Salud-Mental-en-el-Cocalito-3-696x522.jpg 696w, https:\/\/revistaesperanzas.com\/web\/wp-content\/uploads\/2025\/10\/Salud-Mental-en-el-Cocalito-3-1068x801.jpg 1068w, https:\/\/revistaesperanzas.com\/web\/wp-content\/uploads\/2025\/10\/Salud-Mental-en-el-Cocalito-3-265x198.jpg 265w\" sizes=\"auto, (max-width: 1280px) 100vw, 1280px\" \/><\/a><\/p>\n<p style=\"font-weight: 400;\">M\u00e1s de 60 j\u00f3venes participaron activamente en este espacio de contenci\u00f3n y aprendizaje.<\/p>\n<p style=\"font-weight: 400;\">El taller proporcion\u00f3 herramientas esenciales para la identificaci\u00f3n temprana de factores de riesgo y estrategias de apoyo emocional relacionadas con la prevenci\u00f3n del suicidio. Los participantes destacaron la importancia de estos espacios para fomentar un di\u00e1logo abierto sobre la salud mental y reducir el estigma asociado.<a href=\"https:\/\/revistaesperanzas.com\/web\/2025\/10\/direccion-de-salud-mental-de-goya-presenta-un-taller-de-trabajo-en-zona-rural\/salud-mental-en-el-cocalito-4\/\" rel=\"attachment wp-att-138906\"><img loading=\"lazy\" decoding=\"async\" class=\"alignnone size-full wp-image-138906\" src=\"https:\/\/revistaesperanzas.com\/web\/wp-content\/uploads\/2025\/10\/Salud-Mental-en-el-Cocalito-4.jpg\" alt=\"\" width=\"700\" height=\"445\" srcset=\"https:\/\/revistaesperanzas.com\/web\/wp-content\/uploads\/2025\/10\/Salud-Mental-en-el-Cocalito-4.jpg 700w, https:\/\/revistaesperanzas.com\/web\/wp-content\/uploads\/2025\/10\/Salud-Mental-en-el-Cocalito-4-661x420.jpg 661w, https:\/\/revistaesperanzas.com\/web\/wp-content\/uploads\/2025\/10\/Salud-Mental-en-el-Cocalito-4-696x442.jpg 696w\" sizes=\"auto, (max-width: 700px) 100vw, 700px\" \/><\/a><\/p>\n<p style=\"font-weight: 400;\">&#8220;Es fundamental que los j\u00f3venes de nuestras zonas rurales se sientan escuchados y comprendidos,&#8221; se\u00f1al\u00f3 la Lic. Coronel. &#8220;Este tipo de iniciativas son clave para construir una comunidad m\u00e1s resiliente y solidaria, especialmente en lo que respecta a la prevenci\u00f3n del suicidio.&#8221;<a href=\"https:\/\/revistaesperanzas.com\/web\/2025\/10\/direccion-de-salud-mental-de-goya-presenta-un-taller-de-trabajo-en-zona-rural\/salud-mental-en-el-cocalito-5\/\" rel=\"attachment wp-att-138907\"><img loading=\"lazy\" decoding=\"async\" class=\"alignnone size-full wp-image-138907\" src=\"https:\/\/revistaesperanzas.com\/web\/wp-content\/uploads\/2025\/10\/Salud-Mental-en-el-Cocalito-5.jpg\" alt=\"\" width=\"699\" height=\"518\" srcset=\"https:\/\/revistaesperanzas.com\/web\/wp-content\/uploads\/2025\/10\/Salud-Mental-en-el-Cocalito-5.jpg 699w, https:\/\/revistaesperanzas.com\/web\/wp-content\/uploads\/2025\/10\/Salud-Mental-en-el-Cocalito-5-567x420.jpg 567w, https:\/\/revistaesperanzas.com\/web\/wp-content\/uploads\/2025\/10\/Salud-Mental-en-el-Cocalito-5-80x60.jpg 80w, https:\/\/revistaesperanzas.com\/web\/wp-content\/uploads\/2025\/10\/Salud-Mental-en-el-Cocalito-5-485x360.jpg 485w, https:\/\/revistaesperanzas.com\/web\/wp-content\/uploads\/2025\/10\/Salud-Mental-en-el-Cocalito-5-696x516.jpg 696w\" sizes=\"auto, (max-width: 699px) 100vw, 699px\" \/><\/a><\/p>\n<p style=\"font-weight: 400;\">La jornada concluy\u00f3 con un fuerte compromiso de seguir promoviendo acciones que prioricen la salud mental de los j\u00f3venes en todo el departamento de Goya, a trav\u00e9s del programa &#8220;Salud Mental en la Comunidad Rural&#8221;, con un fuerte componente de prevenci\u00f3n del suicidio.<\/p>\n","protected":false},"excerpt":{"rendered":"<p>Programa &#8220;Salud Mental en la Comunidad Rural&#8221; Enfocado en la Prevenci\u00f3n del Suicidio Impacta positivamente en J\u00f3venes de Cocalito, Goya En un esfuerzo significativo por fortalecer la salud mental en comunidades rurales, la Lic. Sabrina Coronel y su equipo de la Direcci\u00f3n de Salud Mental llevaron a cabo un taller del programa &#8220;Salud Mental en [&hellip;]<\/p>\n","protected":false},"author":4,"featured_media":138902,"comment_status":"closed","ping_status":"closed","sticky":false,"template":"","format":"standard","meta":{"footnotes":""},"categories":[45],"tags":[],"class_list":{"0":"post-138901","1":"post","2":"type-post","3":"status-publish","4":"format-standard","5":"has-post-thumbnail","7":"category-locales"},"_links":{"self":[{"href":"https:\/\/revistaesperanzas.com\/web\/wp-json\/wp\/v2\/posts\/138901","targetHints":{"allow":["GET"]}}],"collection":[{"href":"https:\/\/revistaesperanzas.com\/web\/wp-json\/wp\/v2\/posts"}],"about":[{"href":"https:\/\/revistaesperanzas.com\/web\/wp-json\/wp\/v2\/types\/post"}],"author":[{"embeddable":true,"href":"https:\/\/revistaesperanzas.com\/web\/wp-json\/wp\/v2\/users\/4"}],"replies":[{"embeddable":true,"href":"https:\/\/revistaesperanzas.com\/web\/wp-json\/wp\/v2\/comments?post=138901"}],"version-history":[{"count":0,"href":"https:\/\/revistaesperanzas.com\/web\/wp-json\/wp\/v2\/posts\/138901\/revisions"}],"wp:featuredmedia":[{"embeddable":true,"href":"https:\/\/revistaesperanzas.com\/web\/wp-json\/wp\/v2\/media\/138902"}],"wp:attachment":[{"href":"https:\/\/revistaesperanzas.com\/web\/wp-json\/wp\/v2\/media?parent=138901"}],"wp:term":[{"taxonomy":"category","embeddable":true,"href":"https:\/\/revistaesperanzas.com\/web\/wp-json\/wp\/v2\/categories?post=138901"},{"taxonomy":"post_tag","embeddable":true,"href":"https:\/\/revistaesperanzas.com\/web\/wp-json\/wp\/v2\/tags?post=138901"}],"curies":[{"name":"wp","href":"https:\/\/api.w.org\/{rel}","templated":true}]}}