{"id":138910,"date":"2025-10-28T22:22:31","date_gmt":"2025-10-29T01:22:31","guid":{"rendered":"https:\/\/revistaesperanzas.com\/web\/?p=138910"},"modified":"2025-10-28T22:22:31","modified_gmt":"2025-10-29T01:22:31","slug":"master-class-de-maquillaje-artistico-para-carnaval","status":"publish","type":"post","link":"https:\/\/revistaesperanzas.com\/web\/2025\/10\/master-class-de-maquillaje-artistico-para-carnaval\/","title":{"rendered":"MASTER CLASS DE MAQUILLAJE ARTISTICO PARA CARNAVAL"},"content":{"rendered":"<p style=\"font-weight: 400;\">Nueva Propuesta de la Direcci\u00f3n de Empleo y Capacitaci\u00f3n de la Municipalidad de Goya<\/p>\n<p style=\"font-weight: 400;\">El pr\u00f3ximo s\u00e1bado 1 de noviembre en Casa del Bicentenario se estar\u00e1 brindando esta Master Class de Maquillaje Art\u00edstico especialmente pensada para la temporada carnestolenda.<\/p>\n<p style=\"font-weight: 400;\">La capacitaci\u00f3n se dar\u00e1 en el horario de 9 a 12 horas, informando que son cupos limitados, la inscripci\u00f3n se debe hacer \u00fanicamente de manera presencial, en las oficinas de Empleo, sito en Avenida Neustadt 110, hasta el viernes en los horarios de 7:00 a 13:00 &#8211; 14:00 a 20:00 horas<\/p>\n<p style=\"font-weight: 400;\">Una oportunidad de aprender con profesionales y dejar volar tu creatividad<\/p>\n","protected":false},"excerpt":{"rendered":"<p>Nueva Propuesta de la Direcci\u00f3n de Empleo y Capacitaci\u00f3n de la Municipalidad de Goya El pr\u00f3ximo s\u00e1bado 1 de noviembre en Casa del Bicentenario se estar\u00e1 brindando esta Master Class de Maquillaje Art\u00edstico especialmente pensada para la temporada carnestolenda. La capacitaci\u00f3n se dar\u00e1 en el horario de 9 a 12 horas, informando que son cupos [&hellip;]<\/p>\n","protected":false},"author":4,"featured_media":138911,"comment_status":"closed","ping_status":"closed","sticky":false,"template":"","format":"standard","meta":{"footnotes":""},"categories":[45],"tags":[],"class_list":{"0":"post-138910","1":"post","2":"type-post","3":"status-publish","4":"format-standard","5":"has-post-thumbnail","7":"category-locales"},"_links":{"self":[{"href":"https:\/\/revistaesperanzas.com\/web\/wp-json\/wp\/v2\/posts\/138910","targetHints":{"allow":["GET"]}}],"collection":[{"href":"https:\/\/revistaesperanzas.com\/web\/wp-json\/wp\/v2\/posts"}],"about":[{"href":"https:\/\/revistaesperanzas.com\/web\/wp-json\/wp\/v2\/types\/post"}],"author":[{"embeddable":true,"href":"https:\/\/revistaesperanzas.com\/web\/wp-json\/wp\/v2\/users\/4"}],"replies":[{"embeddable":true,"href":"https:\/\/revistaesperanzas.com\/web\/wp-json\/wp\/v2\/comments?post=138910"}],"version-history":[{"count":0,"href":"https:\/\/revistaesperanzas.com\/web\/wp-json\/wp\/v2\/posts\/138910\/revisions"}],"wp:featuredmedia":[{"embeddable":true,"href":"https:\/\/revistaesperanzas.com\/web\/wp-json\/wp\/v2\/media\/138911"}],"wp:attachment":[{"href":"https:\/\/revistaesperanzas.com\/web\/wp-json\/wp\/v2\/media?parent=138910"}],"wp:term":[{"taxonomy":"category","embeddable":true,"href":"https:\/\/revistaesperanzas.com\/web\/wp-json\/wp\/v2\/categories?post=138910"},{"taxonomy":"post_tag","embeddable":true,"href":"https:\/\/revistaesperanzas.com\/web\/wp-json\/wp\/v2\/tags?post=138910"}],"curies":[{"name":"wp","href":"https:\/\/api.w.org\/{rel}","templated":true}]}}