{"id":138913,"date":"2025-10-28T22:24:08","date_gmt":"2025-10-29T01:24:08","guid":{"rendered":"https:\/\/revistaesperanzas.com\/web\/?p=138913"},"modified":"2025-10-28T22:24:08","modified_gmt":"2025-10-29T01:24:08","slug":"la-asociacion-de-comercio-en-asamblea-renovo-su-comision-directiva","status":"publish","type":"post","link":"https:\/\/revistaesperanzas.com\/web\/2025\/10\/la-asociacion-de-comercio-en-asamblea-renovo-su-comision-directiva\/","title":{"rendered":"LA ASOCIACI\u00d3N DE COMERCIO EN ASAMBLEA RENOV\u00d3 SU COMISI\u00d3N DIRECTIVA"},"content":{"rendered":"<p class=\"x_MsoNormal\">El electo vicepresidente Juan Pablo Barrientos destac\u00f3 la renovaci\u00f3n de las autoridades, considerando importante el recambio generacional, plantear nuevos desaf\u00edos y afianzar esta manera de impulsar el desarrollo local: trabajando articuladamente con las instituciones.<\/p>\n<p class=\"x_MsoNormal\">En contacto con la prensa, el nuevo vicepresidente de la Asociaci\u00f3n de Comercio valor\u00f3 y agradeci\u00f3 el trabajo y gestiones llevadas adelante por Iv\u00e1n Vilas.<\/p>\n<p class=\"x_MsoNormal\">Este lunes 27 de octubre tuvo lugar la realizaci\u00f3n de la Asamblea General Ordinaria de la<\/p>\n<p class=\"x_MsoNormal\">Asociaci\u00f3n de Comercio, Industria y Producci\u00f3n de Goya, donde se procedi\u00f3 a la renovaci\u00f3n de la comisi\u00f3n directiva.<\/p>\n<p class=\"x_MsoNormal\">CAMBIOS Y EXPERIENCIA<\/p>\n<p class=\"x_MsoNormal\">Barrientos indic\u00f3: \u201cHemos renovado nuestra comisi\u00f3n con la presencia de muchos comerciantes y emprendedores, donde despu\u00e9s de la votaci\u00f3n qued\u00f3 el cargo de presidente en C\u00e9sar Almeda, con gran experiencia, produciendo cambios en esta nueva dirigencia con personas provenientes de diferentes rubros comerciales. Me distingue este cargo que me han asignado, estamos contentos y con los desaf\u00edos para nuestra actividad comercial\u201d.<\/p>\n<p class=\"x_MsoNormal\">GOYA REPRESENTADA EN TODOS LOS NIVELES<\/p>\n<p class=\"x_MsoNormal\">El flamante vicepresidente de la Asociaci\u00f3n de Comercio afirm\u00f3: \u201cNosotros, como comisi\u00f3n creemos que el cambio generacional es bueno, ayuda a dar otra mirada, otro impulso. Nuestro presidente saliente Iv\u00e1n Vilas nos deja la vara muy alta, nos propone desafiarnos para trabajar con todas las instituciones de la ciudad para mejorar, reactivar la actividad. Como Asociaci\u00f3n de Comercio ocupamos lugares, espacios en varias instituciones regionales y nacionales: FEC, CAME, CAC, Consejo Econ\u00f3mico de Corrientes. Goya est\u00e1 representada en todos esos espacios, para aportar la visi\u00f3n para debatir, ser part\u00edcipes en decisiones y contribuir a la elaboraci\u00f3n de pol\u00edticas en ese rumbo\u201d.<\/p>\n<p class=\"x_MsoNormal\">MEJORAR LA ACTIVIDAD ECON\u00d3MICA Y COMERCIAL<\/p>\n<p class=\"x_MsoNormal\">Finalmente, Juan Pablo Barrientos dej\u00f3 los anhelos de la entidad: \u201cAspiramos como instituci\u00f3n contar con reglas claras para mejorar esta situaci\u00f3n actual de la actividad econ\u00f3mica, comercial, debemos establecer una manera para lograr un comercio \u00f3ptimo, con precios accesibles. Tenemos emprendedores, comerciantes que se quieren sumar, entendemos que en la pluralidad est\u00e1 la riqueza de los objetivos comunes\u201d.<\/p>\n<p class=\"x_MsoNormal\">La Asamblea se desarroll\u00f3 conforme a lo establecido en los estatutos sociales y la nueva comisi\u00f3n directiva de la Asociaci\u00f3n de Comercio, Industria y Producci\u00f3n de Goya que<\/p>\n<p class=\"x_MsoNormal\">regir\u00e1 los destinos de la instituci\u00f3n hasta el 31 de octubre de 2027 qued\u00f3 constituida por los<\/p>\n<p class=\"x_MsoNormal\">siguientes socios:<\/p>\n<p class=\"x_MsoNormal\">Presidente: C\u00e9sar Diego Almeda<\/p>\n<p class=\"x_MsoNormal\">Vicepresidente 1\u00ba: Juan Pablo Barrientos<\/p>\n<p class=\"x_MsoNormal\">Vicepresidente 2\u00ba: Roberto Miguel Hernando<\/p>\n<p class=\"x_MsoNormal\">Secretaria: Silvia Graciela Esquivel<\/p>\n<p class=\"x_MsoNormal\">Pro Secretario: Carlos Iv\u00e1n Vilas<\/p>\n<p class=\"x_MsoNormal\">Tesorero: Fernando Andr\u00e9s Mart\u00ednez<\/p>\n<p class=\"x_MsoNormal\">Protesorero: Ra\u00fal Alfredo Vecchia<\/p>\n<p class=\"x_MsoNormal\">Vocal 1\u00ba: Gustavo Mart\u00edn Tabacchi<\/p>\n<p class=\"x_MsoNormal\">Vocal 2\u00ba: Juan Andr\u00e9s Mac\u00edas<\/p>\n<p class=\"x_MsoNormal\">Vocal 3\u00ba: Azucena del Valle Ocampos<\/p>\n<p class=\"x_MsoNormal\">Vocal 4\u00ba: Mauro Ariel Fabbro<\/p>\n<p class=\"x_MsoNormal\">Vocal 5\u00ba: Carlos Nicol\u00e1s Carrea<\/p>\n","protected":false},"excerpt":{"rendered":"<p>El electo vicepresidente Juan Pablo Barrientos destac\u00f3 la renovaci\u00f3n de las autoridades, considerando importante el recambio generacional, plantear nuevos desaf\u00edos y afianzar esta manera de impulsar el desarrollo local: trabajando articuladamente con las instituciones. En contacto con la prensa, el nuevo vicepresidente de la Asociaci\u00f3n de Comercio valor\u00f3 y agradeci\u00f3 el trabajo y gestiones llevadas [&hellip;]<\/p>\n","protected":false},"author":4,"featured_media":138914,"comment_status":"closed","ping_status":"closed","sticky":false,"template":"","format":"standard","meta":{"footnotes":""},"categories":[45],"tags":[],"class_list":{"0":"post-138913","1":"post","2":"type-post","3":"status-publish","4":"format-standard","5":"has-post-thumbnail","7":"category-locales"},"_links":{"self":[{"href":"https:\/\/revistaesperanzas.com\/web\/wp-json\/wp\/v2\/posts\/138913","targetHints":{"allow":["GET"]}}],"collection":[{"href":"https:\/\/revistaesperanzas.com\/web\/wp-json\/wp\/v2\/posts"}],"about":[{"href":"https:\/\/revistaesperanzas.com\/web\/wp-json\/wp\/v2\/types\/post"}],"author":[{"embeddable":true,"href":"https:\/\/revistaesperanzas.com\/web\/wp-json\/wp\/v2\/users\/4"}],"replies":[{"embeddable":true,"href":"https:\/\/revistaesperanzas.com\/web\/wp-json\/wp\/v2\/comments?post=138913"}],"version-history":[{"count":0,"href":"https:\/\/revistaesperanzas.com\/web\/wp-json\/wp\/v2\/posts\/138913\/revisions"}],"wp:featuredmedia":[{"embeddable":true,"href":"https:\/\/revistaesperanzas.com\/web\/wp-json\/wp\/v2\/media\/138914"}],"wp:attachment":[{"href":"https:\/\/revistaesperanzas.com\/web\/wp-json\/wp\/v2\/media?parent=138913"}],"wp:term":[{"taxonomy":"category","embeddable":true,"href":"https:\/\/revistaesperanzas.com\/web\/wp-json\/wp\/v2\/categories?post=138913"},{"taxonomy":"post_tag","embeddable":true,"href":"https:\/\/revistaesperanzas.com\/web\/wp-json\/wp\/v2\/tags?post=138913"}],"curies":[{"name":"wp","href":"https:\/\/api.w.org\/{rel}","templated":true}]}}