{"id":138951,"date":"2025-10-29T17:58:17","date_gmt":"2025-10-29T20:58:17","guid":{"rendered":"https:\/\/revistaesperanzas.com\/web\/?p=138951"},"modified":"2025-10-29T17:58:17","modified_gmt":"2025-10-29T20:58:17","slug":"gracias-a-un-rapido-accionar-detienen-a-un-sujeto-que-resulto-con-pedido-de-captura-por-un-homicidio-cometido-en-la-provincia-de-buenos-aires","status":"publish","type":"post","link":"https:\/\/revistaesperanzas.com\/web\/2025\/10\/gracias-a-un-rapido-accionar-detienen-a-un-sujeto-que-resulto-con-pedido-de-captura-por-un-homicidio-cometido-en-la-provincia-de-buenos-aires\/","title":{"rendered":"GRACIAS A UN RAPIDO ACCIONAR DETIENEN A UN SUJETO QUE RESULTO CON PEDIDO DE CAPTURA POR UN HOMICIDIO COMETIDO EN LA PROVINCIA DE BUENOS AIRES"},"content":{"rendered":"<p>CURUZU CUATIA: &#8211; En la jornada de antes de ayer 27-10-25, efectivos policiales de la Comisar\u00eda de distrito segunda de Curuzu Cuatia, en momentos en que realizaban sus labores de prevenci\u00f3n, demoraron a un sujeto que se encontraba promoviendo desorden en la v\u00eda p\u00fablica, y quien tras las averiguaciones correspondientes result\u00f3 que registraba pedido de captura por parte de autoridades judiciales de la Provincia de Buenos Aires por hallarse presuntamente vinculado en un legajo judicial por supuesto homicidio.<\/p>\n<p>El procedimiento lo realizaron los mencionados polic\u00edas, cuando cerca de las 19.00horas, tras ser alertados por red interna, que una persona se encontraba promoviendo desorden en la v\u00eda p\u00fablica, quien se encontrar\u00eda bajo los efectos de haber consumido alg\u00fan tipo de sustancia, por lo que es identificado y demorado, trat\u00e1ndose de un hombre de 44 a\u00f1os de edad quien al principio falseo con sus datos de identidad.<\/p>\n<p>Posteriormente y tras las averiguaciones correspondientes, result\u00f3 que este hombre registraba pedido de captura por parte de autoridades judiciales de la UFIJ N\u00b05 de la Provincia de Buenos Aires.<\/p>\n<p>El aprehendido fue puesto a disposici\u00f3n de la autoridad fiscal en turno, siendo trasladado a la citada dependencia policial, donde se prosigue con los tramites del caso.<\/p>\n","protected":false},"excerpt":{"rendered":"<p>CURUZU CUATIA: &#8211; En la jornada de antes de ayer 27-10-25, efectivos policiales de la Comisar\u00eda de distrito segunda de Curuzu Cuatia, en momentos en que realizaban sus labores de prevenci\u00f3n, demoraron a un sujeto que se encontraba promoviendo desorden en la v\u00eda p\u00fablica, y quien tras las averiguaciones correspondientes result\u00f3 que registraba pedido de [&hellip;]<\/p>\n","protected":false},"author":4,"featured_media":138952,"comment_status":"closed","ping_status":"closed","sticky":false,"template":"","format":"standard","meta":{"footnotes":""},"categories":[58],"tags":[],"class_list":{"0":"post-138951","1":"post","2":"type-post","3":"status-publish","4":"format-standard","5":"has-post-thumbnail","7":"category-corrientes"},"_links":{"self":[{"href":"https:\/\/revistaesperanzas.com\/web\/wp-json\/wp\/v2\/posts\/138951","targetHints":{"allow":["GET"]}}],"collection":[{"href":"https:\/\/revistaesperanzas.com\/web\/wp-json\/wp\/v2\/posts"}],"about":[{"href":"https:\/\/revistaesperanzas.com\/web\/wp-json\/wp\/v2\/types\/post"}],"author":[{"embeddable":true,"href":"https:\/\/revistaesperanzas.com\/web\/wp-json\/wp\/v2\/users\/4"}],"replies":[{"embeddable":true,"href":"https:\/\/revistaesperanzas.com\/web\/wp-json\/wp\/v2\/comments?post=138951"}],"version-history":[{"count":0,"href":"https:\/\/revistaesperanzas.com\/web\/wp-json\/wp\/v2\/posts\/138951\/revisions"}],"wp:featuredmedia":[{"embeddable":true,"href":"https:\/\/revistaesperanzas.com\/web\/wp-json\/wp\/v2\/media\/138952"}],"wp:attachment":[{"href":"https:\/\/revistaesperanzas.com\/web\/wp-json\/wp\/v2\/media?parent=138951"}],"wp:term":[{"taxonomy":"category","embeddable":true,"href":"https:\/\/revistaesperanzas.com\/web\/wp-json\/wp\/v2\/categories?post=138951"},{"taxonomy":"post_tag","embeddable":true,"href":"https:\/\/revistaesperanzas.com\/web\/wp-json\/wp\/v2\/tags?post=138951"}],"curies":[{"name":"wp","href":"https:\/\/api.w.org\/{rel}","templated":true}]}}