{"id":138954,"date":"2025-10-29T18:00:18","date_gmt":"2025-10-29T21:00:18","guid":{"rendered":"https:\/\/revistaesperanzas.com\/web\/?p=138954"},"modified":"2025-10-29T18:00:18","modified_gmt":"2025-10-29T21:00:18","slug":"138954","status":"publish","type":"post","link":"https:\/\/revistaesperanzas.com\/web\/2025\/10\/138954\/","title":{"rendered":""},"content":{"rendered":"<p>SAN LUIS DEL PALMAR &#8212; La Polic\u00eda tras diligenciar una orden de allanamiento mediante exhorto, secuestraron un autom\u00f3vil que estar\u00eda presuntamente vinculado en una causa que se investiga en la vecina provincia de Formosa.<\/p>\n<p>En la ma\u00f1ana de hoy 29-10-25, efectivos policiales de la Comisar\u00eda de distrito San Luis del Palmar, con la valiosa colaboraci\u00f3n de personal de la Divisi\u00f3n Grupo de tareas<a href=\"https:\/\/revistaesperanzas.com\/web\/2025\/10\/138954\/whatsapp-image-2025-10-29-at-11-08-38\/\" rel=\"attachment wp-att-138956\"><img loading=\"lazy\" decoding=\"async\" class=\" wp-image-138956 alignleft\" src=\"https:\/\/revistaesperanzas.com\/web\/wp-content\/uploads\/2025\/10\/WhatsApp-Image-2025-10-29-at-11.08.38.jpeg\" alt=\"\" width=\"504\" height=\"670\" srcset=\"https:\/\/revistaesperanzas.com\/web\/wp-content\/uploads\/2025\/10\/WhatsApp-Image-2025-10-29-at-11.08.38.jpeg 1204w, https:\/\/revistaesperanzas.com\/web\/wp-content\/uploads\/2025\/10\/WhatsApp-Image-2025-10-29-at-11.08.38-316x420.jpeg 316w, https:\/\/revistaesperanzas.com\/web\/wp-content\/uploads\/2025\/10\/WhatsApp-Image-2025-10-29-at-11.08.38-696x925.jpeg 696w, https:\/\/revistaesperanzas.com\/web\/wp-content\/uploads\/2025\/10\/WhatsApp-Image-2025-10-29-at-11.08.38-1068x1419.jpeg 1068w\" sizes=\"auto, (max-width: 504px) 100vw, 504px\" \/><\/a> operacionales -G.T.O.- y de la Unidad Regional N\u00b01 San Luis del Palmar, tras diligenciar una orden de allanamiento mediante exhorto, secuestraron un autom\u00f3vil que estar\u00eda presuntamente vinculado en un hecho que se investiga en la Provincia de Formosa.<\/p>\n<p>El procedimiento lo realizaron los mencionados efectivos, tras un trabajo conjunto y coordinado, tras diligenciar un oficio judicial de exhorto expedido por el Juzgado de Instrucci\u00f3n y Correccional N\u00b0 4 de la Primera circunscripci\u00f3n de la Provincia de Formosa, el cual ordena el allanamiento, registro y secuestro, en un inmueble situado por calle Sarmiento de la localidad de San Luis del Palmar, el cual posibilit\u00f3 el secuestro de un autom\u00f3vil -marca Chevrolet Onix- el cual se hallar\u00eda involucrado en un hecho por supuesta estafa en la vecina provincia.<\/p>\n<p>El autom\u00f3vil fue trasladado a la citada comisar\u00eda policial para las dem\u00e1s tramitaciones legales que corresponden.<\/p>\n","protected":false},"excerpt":{"rendered":"<p>SAN LUIS DEL PALMAR &#8212; La Polic\u00eda tras diligenciar una orden de allanamiento mediante exhorto, secuestraron un autom\u00f3vil que estar\u00eda presuntamente vinculado en una causa que se investiga en la vecina provincia de Formosa. En la ma\u00f1ana de hoy 29-10-25, efectivos policiales de la Comisar\u00eda de distrito San Luis del Palmar, con la valiosa colaboraci\u00f3n [&hellip;]<\/p>\n","protected":false},"author":4,"featured_media":138955,"comment_status":"closed","ping_status":"closed","sticky":false,"template":"","format":"standard","meta":{"footnotes":""},"categories":[58],"tags":[],"class_list":{"0":"post-138954","1":"post","2":"type-post","3":"status-publish","4":"format-standard","5":"has-post-thumbnail","7":"category-corrientes"},"_links":{"self":[{"href":"https:\/\/revistaesperanzas.com\/web\/wp-json\/wp\/v2\/posts\/138954","targetHints":{"allow":["GET"]}}],"collection":[{"href":"https:\/\/revistaesperanzas.com\/web\/wp-json\/wp\/v2\/posts"}],"about":[{"href":"https:\/\/revistaesperanzas.com\/web\/wp-json\/wp\/v2\/types\/post"}],"author":[{"embeddable":true,"href":"https:\/\/revistaesperanzas.com\/web\/wp-json\/wp\/v2\/users\/4"}],"replies":[{"embeddable":true,"href":"https:\/\/revistaesperanzas.com\/web\/wp-json\/wp\/v2\/comments?post=138954"}],"version-history":[{"count":0,"href":"https:\/\/revistaesperanzas.com\/web\/wp-json\/wp\/v2\/posts\/138954\/revisions"}],"wp:featuredmedia":[{"embeddable":true,"href":"https:\/\/revistaesperanzas.com\/web\/wp-json\/wp\/v2\/media\/138955"}],"wp:attachment":[{"href":"https:\/\/revistaesperanzas.com\/web\/wp-json\/wp\/v2\/media?parent=138954"}],"wp:term":[{"taxonomy":"category","embeddable":true,"href":"https:\/\/revistaesperanzas.com\/web\/wp-json\/wp\/v2\/categories?post=138954"},{"taxonomy":"post_tag","embeddable":true,"href":"https:\/\/revistaesperanzas.com\/web\/wp-json\/wp\/v2\/tags?post=138954"}],"curies":[{"name":"wp","href":"https:\/\/api.w.org\/{rel}","templated":true}]}}