{"id":138959,"date":"2025-10-29T18:01:50","date_gmt":"2025-10-29T21:01:50","guid":{"rendered":"https:\/\/revistaesperanzas.com\/web\/?p=138959"},"modified":"2025-10-29T18:01:50","modified_gmt":"2025-10-29T21:01:50","slug":"presentan-en-goya-la-obra-un-llamado-al-amor-y-a-la-esperanza-de-alicia-arnica-de-nardelli","status":"publish","type":"post","link":"https:\/\/revistaesperanzas.com\/web\/2025\/10\/presentan-en-goya-la-obra-un-llamado-al-amor-y-a-la-esperanza-de-alicia-arnica-de-nardelli\/","title":{"rendered":"PRESENTAN EN GOYA LA OBRA \u201cUN LLAMADO AL AMOR Y A LA ESPERANZA\u201d DE ALICIA \u00c1RNICA DE NARDELLI"},"content":{"rendered":"<p style=\"font-weight: 400;\">La Sociedad Argentina de Escritores (SADE) Filial Goya, junto a la Direcci\u00f3n de Cultura de la Municipalidad, invita a toda la comunidad a la presentaci\u00f3n de la obra \u201cUn llamado al Amor y a la Esperanza\u201d, de la escritora Alicia \u00c1rnica de Nardelli. El evento se realizar\u00e1 el mi\u00e9rcoles 5 de noviembre a las 19:30 horas en la Casa de la Cultura de nuestra ciudad.<\/p>\n<p style=\"font-weight: 400;\">Esta propuesta literaria representa una nueva oportunidad para disfrutar de una velada donde la palabra escrita se convierte en veh\u00edculo de sentimientos y reflexi\u00f3n. La autora compartir\u00e1 con el p\u00fablico los detalles de su obra, en la que transmite un mensaje de fe, optimismo y sensibilidad ante los tiempos actuales.<\/p>\n<p style=\"font-weight: 400;\">Asimismo, se invita a periodistas y medios de comunicaci\u00f3n a participar y realizar la cobertura de este acontecimiento cultural, que promete ser una cita destacada dentro del calendario de actividades culturales de Goya.<\/p>\n<p style=\"font-weight: 400;\">\u00a0Fecha: Mi\u00e9rcoles 5 de noviembre<\/p>\n<p style=\"font-weight: 400;\">\u00a0Hora: 19:30<\/p>\n<p style=\"font-weight: 400;\">\u00a0Lugar: Casa de la Cultura, Goya<\/p>\n","protected":false},"excerpt":{"rendered":"<p>La Sociedad Argentina de Escritores (SADE) Filial Goya, junto a la Direcci\u00f3n de Cultura de la Municipalidad, invita a toda la comunidad a la presentaci\u00f3n de la obra \u201cUn llamado al Amor y a la Esperanza\u201d, de la escritora Alicia \u00c1rnica de Nardelli. El evento se realizar\u00e1 el mi\u00e9rcoles 5 de noviembre a las 19:30 [&hellip;]<\/p>\n","protected":false},"author":4,"featured_media":138960,"comment_status":"closed","ping_status":"closed","sticky":false,"template":"","format":"standard","meta":{"footnotes":""},"categories":[45],"tags":[],"class_list":{"0":"post-138959","1":"post","2":"type-post","3":"status-publish","4":"format-standard","5":"has-post-thumbnail","7":"category-locales"},"_links":{"self":[{"href":"https:\/\/revistaesperanzas.com\/web\/wp-json\/wp\/v2\/posts\/138959","targetHints":{"allow":["GET"]}}],"collection":[{"href":"https:\/\/revistaesperanzas.com\/web\/wp-json\/wp\/v2\/posts"}],"about":[{"href":"https:\/\/revistaesperanzas.com\/web\/wp-json\/wp\/v2\/types\/post"}],"author":[{"embeddable":true,"href":"https:\/\/revistaesperanzas.com\/web\/wp-json\/wp\/v2\/users\/4"}],"replies":[{"embeddable":true,"href":"https:\/\/revistaesperanzas.com\/web\/wp-json\/wp\/v2\/comments?post=138959"}],"version-history":[{"count":0,"href":"https:\/\/revistaesperanzas.com\/web\/wp-json\/wp\/v2\/posts\/138959\/revisions"}],"wp:featuredmedia":[{"embeddable":true,"href":"https:\/\/revistaesperanzas.com\/web\/wp-json\/wp\/v2\/media\/138960"}],"wp:attachment":[{"href":"https:\/\/revistaesperanzas.com\/web\/wp-json\/wp\/v2\/media?parent=138959"}],"wp:term":[{"taxonomy":"category","embeddable":true,"href":"https:\/\/revistaesperanzas.com\/web\/wp-json\/wp\/v2\/categories?post=138959"},{"taxonomy":"post_tag","embeddable":true,"href":"https:\/\/revistaesperanzas.com\/web\/wp-json\/wp\/v2\/tags?post=138959"}],"curies":[{"name":"wp","href":"https:\/\/api.w.org\/{rel}","templated":true}]}}