{"id":138962,"date":"2025-10-29T18:06:57","date_gmt":"2025-10-29T21:06:57","guid":{"rendered":"https:\/\/revistaesperanzas.com\/web\/?p=138962"},"modified":"2025-10-29T18:06:57","modified_gmt":"2025-10-29T21:06:57","slug":"la-pena-la-raiz-promete-una-noche-a-puro-chamame-y-amistad-este-viernes-en-el-tiro-federal","status":"publish","type":"post","link":"https:\/\/revistaesperanzas.com\/web\/2025\/10\/la-pena-la-raiz-promete-una-noche-a-puro-chamame-y-amistad-este-viernes-en-el-tiro-federal\/","title":{"rendered":"LA PE\u00d1A \u201cLA RA\u00cdZ\u201d PROMETE UNA NOCHE A PURO CHAMAM\u00c9 Y AMISTAD ESTE VIERNES EN EL TIRO FEDERAL"},"content":{"rendered":"<p style=\"font-weight: 400;\">Este viernes 31 de octubre, el complejo del Tiro Federal Argentino (Avenida Primeros Concejales 241) ser\u00e1 escenario de una aut\u00e9ntica fiesta chamamecera: la Pe\u00f1a \u201cLa Ra\u00edz\u201d Chamam\u00e9 y Amigos, una propuesta musical y cultural que busca revivir el esp\u00edritu de las pe\u00f1as tradicionales con m\u00fasica en vivo, buena gastronom\u00eda y un ambiente de camarader\u00eda. La cita ser\u00e1 a partir de las 22 horas, con la participaci\u00f3n especial del grupo \u201cRa\u00edz Guaran\u00ed\u201d proveniente de Corrientes Capital.<\/p>\n<p style=\"font-weight: 400;\">El acordeonista e integrante del grupo anfitri\u00f3n, Franco Bejarano, dialog\u00f3 con Radio Ciudad 88.3 y cont\u00f3 los detalles de esta iniciativa que marca un nuevo paso para el conjunto La Ra\u00edz Chamamecera, reconocido por sus presentaciones en diversos escenarios entre ellos el de la Fiesta Nacional del Chamam\u00e9 en la capital correntina.<a href=\"https:\/\/revistaesperanzas.com\/web\/2025\/10\/la-pena-la-raiz-promete-una-noche-a-puro-chamame-y-amistad-este-viernes-en-el-tiro-federal\/pena-la-raiz-1\/\" rel=\"attachment wp-att-138967\"><img loading=\"lazy\" decoding=\"async\" class=\" wp-image-138967 alignleft\" src=\"https:\/\/revistaesperanzas.com\/web\/wp-content\/uploads\/2025\/10\/PENA-LA-RAIZ-1.jpeg\" alt=\"\" width=\"497\" height=\"755\" srcset=\"https:\/\/revistaesperanzas.com\/web\/wp-content\/uploads\/2025\/10\/PENA-LA-RAIZ-1.jpeg 1054w, https:\/\/revistaesperanzas.com\/web\/wp-content\/uploads\/2025\/10\/PENA-LA-RAIZ-1-277x420.jpeg 277w, https:\/\/revistaesperanzas.com\/web\/wp-content\/uploads\/2025\/10\/PENA-LA-RAIZ-1-696x1057.jpeg 696w\" sizes=\"auto, (max-width: 497px) 100vw, 497px\" \/><\/a><\/p>\n<p style=\"font-weight: 400;\">\u201cDespu\u00e9s de haber recorrido este a\u00f1o varios escenarios, se nos dio la posibilidad de salir un poco m\u00e1s al ruedo, de estar en diferentes lugares, y un poco de eso tambi\u00e9n surge esta idea al ver c\u00f3mo el circuito cultural de Goya est\u00e1 bastante acotado \u00faltimamente. Por ah\u00ed no se encuentran los lugares, no se arma ese ida y vuelta para poder tocar. Entonces, viendo c\u00f3mo es la din\u00e1mica en otras localidades, optamos tambi\u00e9n por la autogesti\u00f3n\u201d, manifest\u00f3 Bejarano.<\/p>\n<p style=\"font-weight: 400;\">El m\u00fasico destac\u00f3 que este formato de pe\u00f1a autogestionada no les resulta ajeno. \u201cYa lo hab\u00edamos probado cuando hicimos el Teatro Candilejas y alg\u00fan otro evento. Nos pic\u00f3 el bichito de probar esto de la pe\u00f1a, de ponerle un nombre y traer una propuesta como las que ve\u00edamos en lugares donde toc\u00e1bamos, como Buenos Aires, Corrientes o Posadas\u201d, record\u00f3.<\/p>\n<p style=\"font-weight: 400;\">UNA PROPUESTA PARA COMPARTIR M\u00daSICA Y AMISTAD<\/p>\n<p style=\"font-weight: 400;\">La idea central de esta nueva apuesta, explic\u00f3 Bejarano, es crear un espacio donde convivan m\u00fasicos locales y artistas invitados de otras regiones. \u201cDe esa manera surge esta idea de no solo hacer un show propio de nuestro conjunto, sino tambi\u00e9n acercar al p\u00fablico goyano a algunos amigos de otras localidades o de proyectos un poco m\u00e1s profesionales\u201d, subray\u00f3.<a href=\"https:\/\/revistaesperanzas.com\/web\/2025\/10\/la-pena-la-raiz-promete-una-noche-a-puro-chamame-y-amistad-este-viernes-en-el-tiro-federal\/pena-la-raiz-2-2\/\" rel=\"attachment wp-att-138968\"><img loading=\"lazy\" decoding=\"async\" class=\"size-full wp-image-138968 alignright\" src=\"https:\/\/revistaesperanzas.com\/web\/wp-content\/uploads\/2025\/10\/PENA-LA-RAIZ-2-1.jpeg\" alt=\"\" width=\"579\" height=\"1025\" srcset=\"https:\/\/revistaesperanzas.com\/web\/wp-content\/uploads\/2025\/10\/PENA-LA-RAIZ-2-1.jpeg 579w, https:\/\/revistaesperanzas.com\/web\/wp-content\/uploads\/2025\/10\/PENA-LA-RAIZ-2-1-237x420.jpeg 237w\" sizes=\"auto, (max-width: 579px) 100vw, 579px\" \/><\/a><\/p>\n<p style=\"font-weight: 400;\">En esta primera edici\u00f3n, el grupo invitado ser\u00e1 \u201cRa\u00edz Guaran\u00ed\u201d, de Corrientes Capital. Sobre ellos, el acordeonista coment\u00f3: \u201cSon amigos del Proyecto Ra\u00edz Guaran\u00ed, que nos van a estar acompa\u00f1ando. La idea es que se vayan sumando distintas agrupaciones en futuras ediciones. No sabemos todav\u00eda si ser\u00e1 una vez al mes o cada dos meses, pero la intenci\u00f3n es que esto llegue para quedarse\u201d.<\/p>\n<p style=\"font-weight: 400;\">PE\u00d1A, M\u00daSICA Y SABORES<\/p>\n<p style=\"font-weight: 400;\">El encuentro tendr\u00e1 lugar en el predio del Tiro Federal Argentino, donde los asistentes podr\u00e1n disfrutar no solo de buena m\u00fasica sino tambi\u00e9n de un sector gastron\u00f3mico con comidas t\u00edpicas y bebidas bien fr\u00edas.<\/p>\n<p style=\"font-weight: 400;\">\u201cVa a haber una cantina con empanadas, choripanes, s\u00e1ndwiches de vac\u00edo y bebidas bien heladas. Los precios van a estar a tiro. La idea es disfrutar de una linda noche sin tener costos elevados, teniendo en cuenta c\u00f3mo viene la situaci\u00f3n. Queremos que todos puedan divertirse y disfrutar de buena m\u00fasica, de compartir con amigos\u201d, coment\u00f3 Bejarano.<\/p>\n<p style=\"font-weight: 400;\">El m\u00fasico adelant\u00f3 adem\u00e1s c\u00f3mo se desarrollar\u00e1 la velada: \u201cNosotros vamos a estar tocando un rato con La Ra\u00edz Chamamecera, despu\u00e9s ser\u00e1 el turno de Ra\u00edz Guaran\u00ed, los chicos de Corrientes, y veremos qui\u00e9n m\u00e1s se suma. El escenario estar\u00e1 disponible para quienes quieran compartir. Contaremos con el sonido y la iluminaci\u00f3n de Diego Silva, nuestro amigo y productor de siempre. Y despu\u00e9s, seguiremos escuchando m\u00fasica, capaz que ponemos un poco de cachengue tambi\u00e9n\u201d.<\/p>\n<p style=\"font-weight: 400;\">Con entusiasmo, Bejarano sintetiz\u00f3 el esp\u00edritu de la propuesta: \u201cLa idea es disfrutar de una linda noche\u201d.<\/p>\n<p style=\"font-weight: 400;\">ENTRADAS Y RESERVAS<\/p>\n<p style=\"font-weight: 400;\">Las entradas anticipadas tienen un valor de $10.000 y pueden adquirirse en Diet\u00e9tica Don Aldo (@dieteticadonaldo), o bien contact\u00e1ndose por Instagram a \u201cLa Pe\u00f1a de La Ra\u00edz\u201d o con los integrantes del conjunto. \u201cRecomendamos reservar mesa; no tiene costo adicional y viene con una consumici\u00f3n de regalo. Ese d\u00eda, en puerta, la entrada podr\u00eda subir un poquito el valor, pero garantizamos un show a puro chamam\u00e9 y sapucay en La Pe\u00f1a de La Ra\u00edz, a las 22 horas, en el Tiro Federal\u201d, concluy\u00f3 Franco Bejarano.<\/p>\n","protected":false},"excerpt":{"rendered":"<p>Este viernes 31 de octubre, el complejo del Tiro Federal Argentino (Avenida Primeros Concejales 241) ser\u00e1 escenario de una aut\u00e9ntica fiesta chamamecera: la Pe\u00f1a \u201cLa Ra\u00edz\u201d Chamam\u00e9 y Amigos, una propuesta musical y cultural que busca revivir el esp\u00edritu de las pe\u00f1as tradicionales con m\u00fasica en vivo, buena gastronom\u00eda y un ambiente de camarader\u00eda. La [&hellip;]<\/p>\n","protected":false},"author":4,"featured_media":138963,"comment_status":"closed","ping_status":"closed","sticky":false,"template":"","format":"standard","meta":{"footnotes":""},"categories":[45],"tags":[],"class_list":{"0":"post-138962","1":"post","2":"type-post","3":"status-publish","4":"format-standard","5":"has-post-thumbnail","7":"category-locales"},"_links":{"self":[{"href":"https:\/\/revistaesperanzas.com\/web\/wp-json\/wp\/v2\/posts\/138962","targetHints":{"allow":["GET"]}}],"collection":[{"href":"https:\/\/revistaesperanzas.com\/web\/wp-json\/wp\/v2\/posts"}],"about":[{"href":"https:\/\/revistaesperanzas.com\/web\/wp-json\/wp\/v2\/types\/post"}],"author":[{"embeddable":true,"href":"https:\/\/revistaesperanzas.com\/web\/wp-json\/wp\/v2\/users\/4"}],"replies":[{"embeddable":true,"href":"https:\/\/revistaesperanzas.com\/web\/wp-json\/wp\/v2\/comments?post=138962"}],"version-history":[{"count":0,"href":"https:\/\/revistaesperanzas.com\/web\/wp-json\/wp\/v2\/posts\/138962\/revisions"}],"wp:featuredmedia":[{"embeddable":true,"href":"https:\/\/revistaesperanzas.com\/web\/wp-json\/wp\/v2\/media\/138963"}],"wp:attachment":[{"href":"https:\/\/revistaesperanzas.com\/web\/wp-json\/wp\/v2\/media?parent=138962"}],"wp:term":[{"taxonomy":"category","embeddable":true,"href":"https:\/\/revistaesperanzas.com\/web\/wp-json\/wp\/v2\/categories?post=138962"},{"taxonomy":"post_tag","embeddable":true,"href":"https:\/\/revistaesperanzas.com\/web\/wp-json\/wp\/v2\/tags?post=138962"}],"curies":[{"name":"wp","href":"https:\/\/api.w.org\/{rel}","templated":true}]}}