{"id":138971,"date":"2025-10-29T18:19:41","date_gmt":"2025-10-29T21:19:41","guid":{"rendered":"https:\/\/revistaesperanzas.com\/web\/?p=138971"},"modified":"2025-10-29T18:19:41","modified_gmt":"2025-10-29T21:19:41","slug":"intendente-hormaechea-el-cuidado-del-medio-ambiente-debe-consolidarse-como-una-politica-de-estado-municipal","status":"publish","type":"post","link":"https:\/\/revistaesperanzas.com\/web\/2025\/10\/intendente-hormaechea-el-cuidado-del-medio-ambiente-debe-consolidarse-como-una-politica-de-estado-municipal\/","title":{"rendered":"INTENDENTE HORMAECHEA: \u201cEL CUIDADO DEL MEDIO AMBIENTE DEBE CONSOLIDARSE COMO UNA POL\u00cdTICA DE ESTADO MUNICIPAL\u201d"},"content":{"rendered":"<p style=\"font-weight: 400;\">En la ma\u00f1ana de este mi\u00e9rcoles, el Multiespacio \u201cAntonio Villarreal\u201d del Predio Costa Surub\u00ed fue escenario de la 5\u00aa Edici\u00f3n de la Expo Ambiente y del Concurso \u201cBotellas de Amor\u201d, desarrollados bajo el lema \u201cEnse\u00f1ar a cuidar el medio ambiente es ense\u00f1ar a cuidar la vida\u201d.<a href=\"https:\/\/revistaesperanzas.com\/web\/2025\/10\/intendente-hormaechea-el-cuidado-del-medio-ambiente-debe-consolidarse-como-una-politica-de-estado-municipal\/expo-ambiente-y-botellas-de-amor-1\/\" rel=\"attachment wp-att-138973\"><img loading=\"lazy\" decoding=\"async\" class=\" wp-image-138973 alignleft\" src=\"https:\/\/revistaesperanzas.com\/web\/wp-content\/uploads\/2025\/10\/expo-ambiente-y-botellas-de-amor-1.jpeg\" alt=\"\" width=\"401\" height=\"267\" srcset=\"https:\/\/revistaesperanzas.com\/web\/wp-content\/uploads\/2025\/10\/expo-ambiente-y-botellas-de-amor-1.jpeg 1600w, https:\/\/revistaesperanzas.com\/web\/wp-content\/uploads\/2025\/10\/expo-ambiente-y-botellas-de-amor-1-630x420.jpeg 630w, https:\/\/revistaesperanzas.com\/web\/wp-content\/uploads\/2025\/10\/expo-ambiente-y-botellas-de-amor-1-696x464.jpeg 696w, https:\/\/revistaesperanzas.com\/web\/wp-content\/uploads\/2025\/10\/expo-ambiente-y-botellas-de-amor-1-1068x712.jpeg 1068w\" sizes=\"auto, (max-width: 401px) 100vw, 401px\" \/><\/a><\/p>\n<p style=\"font-weight: 400;\">El evento, impulsado por la Direcci\u00f3n de Recursos Naturales y Medio Ambiente de la Municipalidad de Goya, reuni\u00f3 a alumnos, docentes y directivos de diferentes instituciones educativas, en una jornada de reflexi\u00f3n y compromiso ambiental.<\/p>\n<p style=\"font-weight: 400;\">En el inicio del acto protocolar se procedi\u00f3 al corte de cintas para dejar formalmente inaugurada la Expo. Seguidamente las autoridades, docentes, alumnos y familiares participaron de la ceremonia de apertura en el escenario central del Sal\u00f3n Multiespacio \u201cDon Antonio Villarreal\u201d.<a href=\"https:\/\/revistaesperanzas.com\/web\/2025\/10\/intendente-hormaechea-el-cuidado-del-medio-ambiente-debe-consolidarse-como-una-politica-de-estado-municipal\/expo-ambiente-y-botellas-de-amor-16\/\" rel=\"attachment wp-att-138974\"><img loading=\"lazy\" decoding=\"async\" class=\"wp-image-138974 alignleft\" src=\"https:\/\/revistaesperanzas.com\/web\/wp-content\/uploads\/2025\/10\/expo-ambiente-y-botellas-de-amor-16.jpeg\" alt=\"\" width=\"401\" height=\"267\" srcset=\"https:\/\/revistaesperanzas.com\/web\/wp-content\/uploads\/2025\/10\/expo-ambiente-y-botellas-de-amor-16.jpeg 1600w, https:\/\/revistaesperanzas.com\/web\/wp-content\/uploads\/2025\/10\/expo-ambiente-y-botellas-de-amor-16-630x420.jpeg 630w, https:\/\/revistaesperanzas.com\/web\/wp-content\/uploads\/2025\/10\/expo-ambiente-y-botellas-de-amor-16-696x464.jpeg 696w, https:\/\/revistaesperanzas.com\/web\/wp-content\/uploads\/2025\/10\/expo-ambiente-y-botellas-de-amor-16-1068x712.jpeg 1068w\" sizes=\"auto, (max-width: 401px) 100vw, 401px\" \/><\/a><\/p>\n<p style=\"font-weight: 400;\">Presidi\u00f3 el acto el intendente Mariano Hormaechea, el Secretario de la Producci\u00f3n Valerio Ram\u00edrez, la Directora de Medio Ambiente Adriana G\u00f3mez Arizaga, Funcionarios municipales, Directoras y Docentes de Establecimientos Educativos, alumnos y familiares.<\/p>\n<p style=\"font-weight: 400;\">El intendente de Goya, Mariano Hormaechea, destac\u00f3 en su mensaje la importancia de que el cuidado ambiental se consolide como una pol\u00edtica p\u00fablica sostenida: \u201cCreo que esto se tiene que seguir transformando en una pol\u00edtica de Estado municipal, donde nosotros, junto<a href=\"https:\/\/revistaesperanzas.com\/web\/2025\/10\/intendente-hormaechea-el-cuidado-del-medio-ambiente-debe-consolidarse-como-una-politica-de-estado-municipal\/expo-ambiente-y-botellas-de-amor-30\/\" rel=\"attachment wp-att-138975\"><img loading=\"lazy\" decoding=\"async\" class=\" wp-image-138975 alignleft\" src=\"https:\/\/revistaesperanzas.com\/web\/wp-content\/uploads\/2025\/10\/expo-ambiente-y-botellas-de-amor-30.jpeg\" alt=\"\" width=\"402\" height=\"268\" srcset=\"https:\/\/revistaesperanzas.com\/web\/wp-content\/uploads\/2025\/10\/expo-ambiente-y-botellas-de-amor-30.jpeg 1600w, https:\/\/revistaesperanzas.com\/web\/wp-content\/uploads\/2025\/10\/expo-ambiente-y-botellas-de-amor-30-630x420.jpeg 630w, https:\/\/revistaesperanzas.com\/web\/wp-content\/uploads\/2025\/10\/expo-ambiente-y-botellas-de-amor-30-696x464.jpeg 696w, https:\/\/revistaesperanzas.com\/web\/wp-content\/uploads\/2025\/10\/expo-ambiente-y-botellas-de-amor-30-1068x712.jpeg 1068w\" sizes=\"auto, (max-width: 402px) 100vw, 402px\" \/><\/a> a las instituciones educativas, debemos seguir generando conciencia y darle el verdadero significado que merece el cuidado del medio ambiente\u201d, afirm\u00f3.<\/p>\n<p style=\"font-weight: 400;\">Hormaechea remarc\u00f3 que la gesti\u00f3n municipal impulsa diversas acciones en ese sentido: \u201cvenimos llevando adelante diferentes pol\u00edticas que van de la mano con esta visi\u00f3n: una ciudad limpia, tur\u00edstica y sustentable. Hace tiempo que trabajamos en la separaci\u00f3n en origen, algo que nos cuesta, pero que es fundamental para avanzar\u201d.<\/p>\n<p style=\"font-weight: 400;\">El jefe comunal tambi\u00e9n puso en valor el patrimonio natural de la regi\u00f3n: \u201ctenemos<a href=\"https:\/\/revistaesperanzas.com\/web\/2025\/10\/intendente-hormaechea-el-cuidado-del-medio-ambiente-debe-consolidarse-como-una-politica-de-estado-municipal\/expo-ambiente-y-botellas-de-amor-17\/\" rel=\"attachment wp-att-138976\"><img loading=\"lazy\" decoding=\"async\" class=\" wp-image-138976 alignleft\" src=\"https:\/\/revistaesperanzas.com\/web\/wp-content\/uploads\/2025\/10\/expo-ambiente-y-botellas-de-amor-17.jpeg\" alt=\"\" width=\"401\" height=\"267\" srcset=\"https:\/\/revistaesperanzas.com\/web\/wp-content\/uploads\/2025\/10\/expo-ambiente-y-botellas-de-amor-17.jpeg 1600w, https:\/\/revistaesperanzas.com\/web\/wp-content\/uploads\/2025\/10\/expo-ambiente-y-botellas-de-amor-17-630x420.jpeg 630w, https:\/\/revistaesperanzas.com\/web\/wp-content\/uploads\/2025\/10\/expo-ambiente-y-botellas-de-amor-17-696x464.jpeg 696w, https:\/\/revistaesperanzas.com\/web\/wp-content\/uploads\/2025\/10\/expo-ambiente-y-botellas-de-amor-17-1068x712.jpeg 1068w\" sizes=\"auto, (max-width: 401px) 100vw, 401px\" \/><\/a> nuestros recursos naturales: el r\u00edo, las islas, el Isor\u00f3, donde estamos trabajando con una Reserva Provincial que poco a poco vamos conociendo y cuidando. Todo esto solo ser\u00e1 posible si protegemos nuestro entorno\u201d.<\/p>\n<p style=\"font-weight: 400;\">Finalmente, el intendente subray\u00f3 el rol de la educaci\u00f3n en este proceso: \u201cesta expo educa a los ni\u00f1os, y eso es central para el trabajo que venimos intentando hacer. Agradezco a todas las instituciones por sumarse; vamos a seguir profundizando desde las \u00e1reas municipales el trabajo ambiental. Es un desaf\u00edo de todos cuidar el lugar donde vivimos\u201d, concluy\u00f3<a href=\"https:\/\/revistaesperanzas.com\/web\/2025\/10\/intendente-hormaechea-el-cuidado-del-medio-ambiente-debe-consolidarse-como-una-politica-de-estado-municipal\/expo-ambiente-y-botellas-de-amor-18\/\" rel=\"attachment wp-att-138977\"><img loading=\"lazy\" decoding=\"async\" class=\" wp-image-138977 alignleft\" src=\"https:\/\/revistaesperanzas.com\/web\/wp-content\/uploads\/2025\/10\/expo-ambiente-y-botellas-de-amor-18.jpeg\" alt=\"\" width=\"402\" height=\"268\" srcset=\"https:\/\/revistaesperanzas.com\/web\/wp-content\/uploads\/2025\/10\/expo-ambiente-y-botellas-de-amor-18.jpeg 1600w, https:\/\/revistaesperanzas.com\/web\/wp-content\/uploads\/2025\/10\/expo-ambiente-y-botellas-de-amor-18-630x420.jpeg 630w, https:\/\/revistaesperanzas.com\/web\/wp-content\/uploads\/2025\/10\/expo-ambiente-y-botellas-de-amor-18-696x464.jpeg 696w, https:\/\/revistaesperanzas.com\/web\/wp-content\/uploads\/2025\/10\/expo-ambiente-y-botellas-de-amor-18-1068x712.jpeg 1068w\" sizes=\"auto, (max-width: 402px) 100vw, 402px\" \/><\/a> Hormaechea.<\/p>\n<p style=\"font-weight: 400;\">ADRIANA GOMEZ ARIZAGA<\/p>\n<p style=\"font-weight: 400;\">Por su parte, la Directora de Recursos Naturales y Medio Ambiente, Adriana G\u00f3mez Arizaga, expres\u00f3 su satisfacci\u00f3n por el crecimiento del evento y el compromiso de las escuelas participantes: \u201cgracias por acompa\u00f1arnos a todas las autoridades, a los docentes, directivos, pero sobre todo a los alumnos, que son el motor de esta expo. Ellos son el futuro y los promotores del cambio que venimos impulsando\u201d, se\u00f1al\u00f3.<a href=\"https:\/\/revistaesperanzas.com\/web\/2025\/10\/intendente-hormaechea-el-cuidado-del-medio-ambiente-debe-consolidarse-como-una-politica-de-estado-municipal\/expo-ambiente-y-botellas-de-amor-19\/\" rel=\"attachment wp-att-138979\"><img loading=\"lazy\" decoding=\"async\" class=\" wp-image-138979 alignleft\" src=\"https:\/\/revistaesperanzas.com\/web\/wp-content\/uploads\/2025\/10\/expo-ambiente-y-botellas-de-amor-19.jpeg\" alt=\"\" width=\"401\" height=\"267\" srcset=\"https:\/\/revistaesperanzas.com\/web\/wp-content\/uploads\/2025\/10\/expo-ambiente-y-botellas-de-amor-19.jpeg 1600w, https:\/\/revistaesperanzas.com\/web\/wp-content\/uploads\/2025\/10\/expo-ambiente-y-botellas-de-amor-19-630x420.jpeg 630w, https:\/\/revistaesperanzas.com\/web\/wp-content\/uploads\/2025\/10\/expo-ambiente-y-botellas-de-amor-19-696x464.jpeg 696w, https:\/\/revistaesperanzas.com\/web\/wp-content\/uploads\/2025\/10\/expo-ambiente-y-botellas-de-amor-19-1068x712.jpeg 1068w\" sizes=\"auto, (max-width: 401px) 100vw, 401px\" \/><\/a><\/p>\n<p style=\"font-weight: 400;\">Con orgullo, G\u00f3mez Arizaga destac\u00f3 la evoluci\u00f3n de la muestra: \u201ceste a\u00f1o es un \u00e9xito: tenemos 26 proyectos para evaluar, un crecimiento enorme desde las primeras ediciones. Todos los trabajos son sumamente valiosos, y esperamos que esta expo siga creciendo a\u00f1o tras a\u00f1o\u201d.<\/p>\n<p style=\"font-weight: 400;\">La funcionaria municipal cerr\u00f3 su mensaje con un llamado a la continuidad: \u201cles doy la bienvenida, les deseo muchos \u00e9xitos y los invito a seguir participando con el mismo compromiso por el cambio social. Que esta expo sea muy beneficiosa para todos\u201d,<a href=\"https:\/\/revistaesperanzas.com\/web\/2025\/10\/intendente-hormaechea-el-cuidado-del-medio-ambiente-debe-consolidarse-como-una-politica-de-estado-municipal\/expo-ambiente-y-botellas-de-amor-20\/\" rel=\"attachment wp-att-138980\"><img loading=\"lazy\" decoding=\"async\" class=\" wp-image-138980 alignleft\" src=\"https:\/\/revistaesperanzas.com\/web\/wp-content\/uploads\/2025\/10\/expo-ambiente-y-botellas-de-amor-20.jpeg\" alt=\"\" width=\"401\" height=\"267\" srcset=\"https:\/\/revistaesperanzas.com\/web\/wp-content\/uploads\/2025\/10\/expo-ambiente-y-botellas-de-amor-20.jpeg 1600w, https:\/\/revistaesperanzas.com\/web\/wp-content\/uploads\/2025\/10\/expo-ambiente-y-botellas-de-amor-20-630x420.jpeg 630w, https:\/\/revistaesperanzas.com\/web\/wp-content\/uploads\/2025\/10\/expo-ambiente-y-botellas-de-amor-20-696x464.jpeg 696w, https:\/\/revistaesperanzas.com\/web\/wp-content\/uploads\/2025\/10\/expo-ambiente-y-botellas-de-amor-20-1068x712.jpeg 1068w\" sizes=\"auto, (max-width: 401px) 100vw, 401px\" \/><\/a> concluy\u00f3.<\/p>\n<p style=\"font-weight: 400;\">El jurado encargado de evaluar los proyectos est\u00e1 integrado por Bettina Tones, Mirta Zone, el Director de Cultura Manuel Zampar, la concejal Viv\u00edan Merlo y Pedro S\u00e1, quienes recorren los distintos stands para conocer en detalle cada propuesta ambiental.<\/p>\n<p style=\"font-weight: 400;\">DIRECTORA DEL JIN N\u00b0 10<\/p>\n<p style=\"font-weight: 400;\">A su turno, la Directora del JIN N\u00b0 10, Silvia Chiarelli, resalt\u00f3 el valor educativo de la jornada y la importancia de cultivar desde la infancia la conciencia ecol\u00f3gica: \u201cEsta Expo es<a href=\"https:\/\/revistaesperanzas.com\/web\/2025\/10\/intendente-hormaechea-el-cuidado-del-medio-ambiente-debe-consolidarse-como-una-politica-de-estado-municipal\/expo-ambiente-y-botellas-de-amor-21\/\" rel=\"attachment wp-att-138981\"><img loading=\"lazy\" decoding=\"async\" class=\" wp-image-138981 alignleft\" src=\"https:\/\/revistaesperanzas.com\/web\/wp-content\/uploads\/2025\/10\/expo-ambiente-y-botellas-de-amor-21.jpeg\" alt=\"\" width=\"402\" height=\"268\" srcset=\"https:\/\/revistaesperanzas.com\/web\/wp-content\/uploads\/2025\/10\/expo-ambiente-y-botellas-de-amor-21.jpeg 1600w, https:\/\/revistaesperanzas.com\/web\/wp-content\/uploads\/2025\/10\/expo-ambiente-y-botellas-de-amor-21-630x420.jpeg 630w, https:\/\/revistaesperanzas.com\/web\/wp-content\/uploads\/2025\/10\/expo-ambiente-y-botellas-de-amor-21-696x464.jpeg 696w, https:\/\/revistaesperanzas.com\/web\/wp-content\/uploads\/2025\/10\/expo-ambiente-y-botellas-de-amor-21-1068x712.jpeg 1068w\" sizes=\"auto, (max-width: 402px) 100vw, 402px\" \/><\/a> una oportunidad para mostrarnos y para entender el impacto del cuidado del medio ambiente. Es una instancia para promover acciones concretas y para aprender de nuestros alumnos, que son los verdaderos representantes de esta causa\u201d.<\/p>\n<p style=\"font-weight: 400;\">Chiarelli tambi\u00e9n agradeci\u00f3 al municipio por crear estos espacios: \u201cEs fundamental el trabajo que realiza la Direcci\u00f3n de Recursos Naturales para promover estos encuentros. Agradecemos la oportunidad de mostrar los proyectos que desarrollan nuestros ni\u00f1os y de compartir con otras instituciones\u201d.<a href=\"https:\/\/revistaesperanzas.com\/web\/2025\/10\/intendente-hormaechea-el-cuidado-del-medio-ambiente-debe-consolidarse-como-una-politica-de-estado-municipal\/expo-ambiente-y-botellas-de-amor-22\/\" rel=\"attachment wp-att-138982\"><img loading=\"lazy\" decoding=\"async\" class=\" wp-image-138982 alignleft\" src=\"https:\/\/revistaesperanzas.com\/web\/wp-content\/uploads\/2025\/10\/expo-ambiente-y-botellas-de-amor-22.jpeg\" alt=\"\" width=\"401\" height=\"267\" srcset=\"https:\/\/revistaesperanzas.com\/web\/wp-content\/uploads\/2025\/10\/expo-ambiente-y-botellas-de-amor-22.jpeg 1600w, https:\/\/revistaesperanzas.com\/web\/wp-content\/uploads\/2025\/10\/expo-ambiente-y-botellas-de-amor-22-630x420.jpeg 630w, https:\/\/revistaesperanzas.com\/web\/wp-content\/uploads\/2025\/10\/expo-ambiente-y-botellas-de-amor-22-696x464.jpeg 696w, https:\/\/revistaesperanzas.com\/web\/wp-content\/uploads\/2025\/10\/expo-ambiente-y-botellas-de-amor-22-1068x712.jpeg 1068w\" sizes=\"auto, (max-width: 401px) 100vw, 401px\" \/><\/a><\/p>\n<p style=\"font-weight: 400;\">La docente cerr\u00f3 su intervenci\u00f3n con un mensaje esperanzador: \u201cOjal\u00e1 estas muestras sigan creciendo, porque son el punto de partida para educar en el cuidado del planeta. Nuestros ni\u00f1os son el futuro de la sociedad y de nuestra educaci\u00f3n; por eso debemos seguir acompa\u00f1ando estas iniciativas\u201d.<\/p>\n<p style=\"font-weight: 400;\">Tras los discursos, el intendente Hormaechea, autoridades municipales, miembros del jurado y p\u00fablico presente realizaron un recorrido por los distintos stands donde se expusieron los proyectos ambientales de las instituciones educativas.<a href=\"https:\/\/revistaesperanzas.com\/web\/2025\/10\/intendente-hormaechea-el-cuidado-del-medio-ambiente-debe-consolidarse-como-una-politica-de-estado-municipal\/expo-ambiente-y-botellas-de-amor-23\/\" rel=\"attachment wp-att-138983\"><img loading=\"lazy\" decoding=\"async\" class=\" wp-image-138983 alignleft\" src=\"https:\/\/revistaesperanzas.com\/web\/wp-content\/uploads\/2025\/10\/expo-ambiente-y-botellas-de-amor-23.jpeg\" alt=\"\" width=\"402\" height=\"268\" srcset=\"https:\/\/revistaesperanzas.com\/web\/wp-content\/uploads\/2025\/10\/expo-ambiente-y-botellas-de-amor-23.jpeg 1600w, https:\/\/revistaesperanzas.com\/web\/wp-content\/uploads\/2025\/10\/expo-ambiente-y-botellas-de-amor-23-630x420.jpeg 630w, https:\/\/revistaesperanzas.com\/web\/wp-content\/uploads\/2025\/10\/expo-ambiente-y-botellas-de-amor-23-696x464.jpeg 696w, https:\/\/revistaesperanzas.com\/web\/wp-content\/uploads\/2025\/10\/expo-ambiente-y-botellas-de-amor-23-1068x712.jpeg 1068w\" sizes=\"auto, (max-width: 402px) 100vw, 402px\" \/><\/a><\/p>\n<p style=\"font-weight: 400;\">La jornada contin\u00faa durante la tarde, momento en que se dar\u00e1n a conocer los ganadores y menciones de la 5\u00aa edici\u00f3n de la Expo Ambiente y del Concurso \u201cBotellas de Amor\u201d, consolidando una vez m\u00e1s el compromiso de Goya con la educaci\u00f3n ambiental y la sostenibilidad.<a href=\"https:\/\/revistaesperanzas.com\/web\/2025\/10\/intendente-hormaechea-el-cuidado-del-medio-ambiente-debe-consolidarse-como-una-politica-de-estado-municipal\/attachment\/0012\/\" rel=\"attachment wp-att-138984\"><img loading=\"lazy\" decoding=\"async\" class=\"alignnone size-full wp-image-138984\" src=\"https:\/\/revistaesperanzas.com\/web\/wp-content\/uploads\/2025\/10\/0012.jpg\" alt=\"\" width=\"1210\" height=\"1222\" srcset=\"https:\/\/revistaesperanzas.com\/web\/wp-content\/uploads\/2025\/10\/0012.jpg 1210w, https:\/\/revistaesperanzas.com\/web\/wp-content\/uploads\/2025\/10\/0012-416x420.jpg 416w, https:\/\/revistaesperanzas.com\/web\/wp-content\/uploads\/2025\/10\/0012-696x703.jpg 696w, https:\/\/revistaesperanzas.com\/web\/wp-content\/uploads\/2025\/10\/0012-1068x1079.jpg 1068w\" sizes=\"auto, (max-width: 1210px) 100vw, 1210px\" \/><\/a><\/p>\n","protected":false},"excerpt":{"rendered":"<p>En la ma\u00f1ana de este mi\u00e9rcoles, el Multiespacio \u201cAntonio Villarreal\u201d del Predio Costa Surub\u00ed fue escenario de la 5\u00aa Edici\u00f3n de la Expo Ambiente y del Concurso \u201cBotellas de Amor\u201d, desarrollados bajo el lema \u201cEnse\u00f1ar a cuidar el medio ambiente es ense\u00f1ar a cuidar la vida\u201d. El evento, impulsado por la Direcci\u00f3n de Recursos Naturales [&hellip;]<\/p>\n","protected":false},"author":4,"featured_media":138972,"comment_status":"closed","ping_status":"closed","sticky":false,"template":"","format":"standard","meta":{"footnotes":""},"categories":[45],"tags":[],"class_list":{"0":"post-138971","1":"post","2":"type-post","3":"status-publish","4":"format-standard","5":"has-post-thumbnail","7":"category-locales"},"_links":{"self":[{"href":"https:\/\/revistaesperanzas.com\/web\/wp-json\/wp\/v2\/posts\/138971","targetHints":{"allow":["GET"]}}],"collection":[{"href":"https:\/\/revistaesperanzas.com\/web\/wp-json\/wp\/v2\/posts"}],"about":[{"href":"https:\/\/revistaesperanzas.com\/web\/wp-json\/wp\/v2\/types\/post"}],"author":[{"embeddable":true,"href":"https:\/\/revistaesperanzas.com\/web\/wp-json\/wp\/v2\/users\/4"}],"replies":[{"embeddable":true,"href":"https:\/\/revistaesperanzas.com\/web\/wp-json\/wp\/v2\/comments?post=138971"}],"version-history":[{"count":0,"href":"https:\/\/revistaesperanzas.com\/web\/wp-json\/wp\/v2\/posts\/138971\/revisions"}],"wp:featuredmedia":[{"embeddable":true,"href":"https:\/\/revistaesperanzas.com\/web\/wp-json\/wp\/v2\/media\/138972"}],"wp:attachment":[{"href":"https:\/\/revistaesperanzas.com\/web\/wp-json\/wp\/v2\/media?parent=138971"}],"wp:term":[{"taxonomy":"category","embeddable":true,"href":"https:\/\/revistaesperanzas.com\/web\/wp-json\/wp\/v2\/categories?post=138971"},{"taxonomy":"post_tag","embeddable":true,"href":"https:\/\/revistaesperanzas.com\/web\/wp-json\/wp\/v2\/tags?post=138971"}],"curies":[{"name":"wp","href":"https:\/\/api.w.org\/{rel}","templated":true}]}}