{"id":138987,"date":"2025-10-29T18:21:30","date_gmt":"2025-10-29T21:21:30","guid":{"rendered":"https:\/\/revistaesperanzas.com\/web\/?p=138987"},"modified":"2025-10-29T18:21:30","modified_gmt":"2025-10-29T21:21:30","slug":"feria-nacional-de-ciencia-y-tecnologia-estudiantes-correntinos-representan-a-la-provincia-en-cafayate","status":"publish","type":"post","link":"https:\/\/revistaesperanzas.com\/web\/2025\/10\/feria-nacional-de-ciencia-y-tecnologia-estudiantes-correntinos-representan-a-la-provincia-en-cafayate\/","title":{"rendered":"FERIA NACIONAL DE CIENCIA Y TECNOLOG\u00cdA: ESTUDIANTES CORRENTINOS REPRESENTAN A LA PROVINCIA EN CAFAYATE"},"content":{"rendered":"<p style=\"font-weight: 400;\">Este mi\u00e9rcoles comienza en el Centro de Convenciones de Cafayate, Salta, la Tercera Fase de la Feria de Ciencia y Tecnolog\u00eda Nacional, Eje Cient\u00edfico.<\/p>\n<p style=\"font-weight: 400;\">La misma ser\u00e1 hasta el pr\u00f3ximo viernes y participan all\u00ed cuatro o cinco\u00a0 proyectos Educativos por cada una de las veinticuatro jurisdicciones del pa\u00eds.<a href=\"https:\/\/revistaesperanzas.com\/web\/2025\/10\/feria-nacional-de-ciencia-y-tecnologia-estudiantes-correntinos-representan-a-la-provincia-en-cafayate\/feria-1\/\" rel=\"attachment wp-att-138989\"><img loading=\"lazy\" decoding=\"async\" class=\"alignnone size-full wp-image-138989\" src=\"https:\/\/revistaesperanzas.com\/web\/wp-content\/uploads\/2025\/10\/feria-1.jpeg\" alt=\"\" width=\"1280\" height=\"960\" srcset=\"https:\/\/revistaesperanzas.com\/web\/wp-content\/uploads\/2025\/10\/feria-1.jpeg 1280w, https:\/\/revistaesperanzas.com\/web\/wp-content\/uploads\/2025\/10\/feria-1-560x420.jpeg 560w, https:\/\/revistaesperanzas.com\/web\/wp-content\/uploads\/2025\/10\/feria-1-80x60.jpeg 80w, https:\/\/revistaesperanzas.com\/web\/wp-content\/uploads\/2025\/10\/feria-1-696x522.jpeg 696w, https:\/\/revistaesperanzas.com\/web\/wp-content\/uploads\/2025\/10\/feria-1-1068x801.jpeg 1068w, https:\/\/revistaesperanzas.com\/web\/wp-content\/uploads\/2025\/10\/feria-1-265x198.jpeg 265w\" sizes=\"auto, (max-width: 1280px) 100vw, 1280px\" \/><\/a><\/p>\n<p style=\"font-weight: 400;\">Cada delegaci\u00f3n est\u00e1 compuesta por \u00e9stos cuatro o cinco equipos que a su vez se integran por dos estudiantes y un docente, cuyos proyectos fueron seleccionados en las instancias provinciales para representarlas.<\/p>\n<p style=\"font-weight: 400;\">En el caso de Corrientes los proyectos seleccionados para esta fase son:<\/p>\n<p style=\"font-weight: 400;\">Reserva Santa Catalina y el mono Caray\u00e1, del EJI 54 de Corrientes.<\/p>\n<p style=\"font-weight: 400;\">Las Abejas nuestras amigas, de la Escuela Primaria N\u00b0 417 Alejo Camilo Lopez, de Garruchos.<\/p>\n<p style=\"font-weight: 400;\">Tatuajes, s\u00edmbolos de paz, de la UP N\u00b06 \u2013 Modalidad J\u00f3venes y Adultos, de San Cayetano.<\/p>\n<p style=\"font-weight: 400;\">Agua pura para todos, del Instituto Terap\u00e9utico a la Diversidad San Diego, de Riachuelo.<\/p>\n<p style=\"font-weight: 400;\">La flor de fuego, de la Escuela Normal Maria Luisa Rom\u00e1n de Frechou, Saladas.<\/p>\n<p style=\"font-weight: 400;\">Durante los tres d\u00edas se exponen los trabajos que son observados por evaluadores de todo el pa\u00eds.<a href=\"https:\/\/revistaesperanzas.com\/web\/2025\/10\/feria-nacional-de-ciencia-y-tecnologia-estudiantes-correntinos-representan-a-la-provincia-en-cafayate\/feria-4\/\" rel=\"attachment wp-att-138990\"><img loading=\"lazy\" decoding=\"async\" class=\"alignnone size-full wp-image-138990\" src=\"https:\/\/revistaesperanzas.com\/web\/wp-content\/uploads\/2025\/10\/feria-4.jpeg\" alt=\"\" width=\"1600\" height=\"1200\" srcset=\"https:\/\/revistaesperanzas.com\/web\/wp-content\/uploads\/2025\/10\/feria-4.jpeg 1600w, https:\/\/revistaesperanzas.com\/web\/wp-content\/uploads\/2025\/10\/feria-4-560x420.jpeg 560w, https:\/\/revistaesperanzas.com\/web\/wp-content\/uploads\/2025\/10\/feria-4-80x60.jpeg 80w, https:\/\/revistaesperanzas.com\/web\/wp-content\/uploads\/2025\/10\/feria-4-696x522.jpeg 696w, https:\/\/revistaesperanzas.com\/web\/wp-content\/uploads\/2025\/10\/feria-4-1068x801.jpeg 1068w, https:\/\/revistaesperanzas.com\/web\/wp-content\/uploads\/2025\/10\/feria-4-265x198.jpeg 265w\" sizes=\"auto, (max-width: 1600px) 100vw, 1600px\" \/><\/a><\/p>\n<p style=\"font-weight: 400;\">El acto de cierre se realizar\u00e1 el viernes 31 por la tarde con la ceremonia de\u00a0 entrega de distinciones.<\/p>\n<p style=\"font-weight: 400;\">Hasta el momento se realizaron dos fases, ambas en Posadas, y en ambas Corrientes obtuvo dos distinciones de proyectos de Feria y dos Distinciones en Desaf\u00edos Educativos, sobre ocho proyectos presentados.<\/p>\n<p style=\"font-weight: 400;\">La \u00faltima fase se realizar\u00e1 en la ciudad de Buenos Aires del 18 al 20 de noviembre.<\/p>\n","protected":false},"excerpt":{"rendered":"<p>Este mi\u00e9rcoles comienza en el Centro de Convenciones de Cafayate, Salta, la Tercera Fase de la Feria de Ciencia y Tecnolog\u00eda Nacional, Eje Cient\u00edfico. La misma ser\u00e1 hasta el pr\u00f3ximo viernes y participan all\u00ed cuatro o cinco\u00a0 proyectos Educativos por cada una de las veinticuatro jurisdicciones del pa\u00eds. Cada delegaci\u00f3n est\u00e1 compuesta por \u00e9stos cuatro [&hellip;]<\/p>\n","protected":false},"author":4,"featured_media":138988,"comment_status":"closed","ping_status":"closed","sticky":false,"template":"","format":"standard","meta":{"footnotes":""},"categories":[45],"tags":[],"class_list":{"0":"post-138987","1":"post","2":"type-post","3":"status-publish","4":"format-standard","5":"has-post-thumbnail","7":"category-locales"},"_links":{"self":[{"href":"https:\/\/revistaesperanzas.com\/web\/wp-json\/wp\/v2\/posts\/138987","targetHints":{"allow":["GET"]}}],"collection":[{"href":"https:\/\/revistaesperanzas.com\/web\/wp-json\/wp\/v2\/posts"}],"about":[{"href":"https:\/\/revistaesperanzas.com\/web\/wp-json\/wp\/v2\/types\/post"}],"author":[{"embeddable":true,"href":"https:\/\/revistaesperanzas.com\/web\/wp-json\/wp\/v2\/users\/4"}],"replies":[{"embeddable":true,"href":"https:\/\/revistaesperanzas.com\/web\/wp-json\/wp\/v2\/comments?post=138987"}],"version-history":[{"count":0,"href":"https:\/\/revistaesperanzas.com\/web\/wp-json\/wp\/v2\/posts\/138987\/revisions"}],"wp:featuredmedia":[{"embeddable":true,"href":"https:\/\/revistaesperanzas.com\/web\/wp-json\/wp\/v2\/media\/138988"}],"wp:attachment":[{"href":"https:\/\/revistaesperanzas.com\/web\/wp-json\/wp\/v2\/media?parent=138987"}],"wp:term":[{"taxonomy":"category","embeddable":true,"href":"https:\/\/revistaesperanzas.com\/web\/wp-json\/wp\/v2\/categories?post=138987"},{"taxonomy":"post_tag","embeddable":true,"href":"https:\/\/revistaesperanzas.com\/web\/wp-json\/wp\/v2\/tags?post=138987"}],"curies":[{"name":"wp","href":"https:\/\/api.w.org\/{rel}","templated":true}]}}