{"id":138993,"date":"2025-10-29T18:25:12","date_gmt":"2025-10-29T21:25:12","guid":{"rendered":"https:\/\/revistaesperanzas.com\/web\/?p=138993"},"modified":"2025-10-29T18:25:12","modified_gmt":"2025-10-29T21:25:12","slug":"secretario-de-turismo-sebastian-candia-asumio-nuevo-desafio-dentro-de-comupe","status":"publish","type":"post","link":"https:\/\/revistaesperanzas.com\/web\/2025\/10\/secretario-de-turismo-sebastian-candia-asumio-nuevo-desafio-dentro-de-comupe\/","title":{"rendered":"SECRETARIO DE TURISMO, SEBASTI\u00c1N CANDIA, ASUMI\u00d3 NUEVO DESAF\u00cdO DENTRO DE COMUPE"},"content":{"rendered":"<p style=\"font-weight: 400;\">Goya, turismo todo el a\u00f1o:<\/p>\n<p style=\"font-weight: 400;\">Este martes, Ra\u00fal &#8220;Bucky&#8221; Gonz\u00e1lez Vilas fue elegido como nuevo presidente de la COMUPE en Goya. De esta forma, y dando cumplimiento a los estatutos correspondientes, se inicia en forma oficial la organizaci\u00f3n de la edici\u00f3n 49\u00aa de la Fiesta Nacional del Surub\u00ed. El flamante presidente de Comisi\u00f3n estar\u00e1 secundado por un equipo de colaboradores entre quienes est\u00e1 el Secretario de Turismo, Sebasti\u00e1n Candia de Biasio en el cargo de Vicepresidente.<\/p>\n<p style=\"font-weight: 400;\">Candia analiz\u00f3 este mi\u00e9rcoles este nuevo desaf\u00edo que la voluntad de los pescadores, pe\u00f1as y barras pesqueras pusieron en sus manos para los pr\u00f3ximos dos a\u00f1os, as\u00ed como los preparativos para el arribo de la temporada de verano 2025\/2026.<\/p>\n<p style=\"font-weight: 400;\">NUEVO INTEGRANTE DE COMUPE<\/p>\n<p style=\"font-weight: 400;\"><a href=\"https:\/\/revistaesperanzas.com\/web\/2025\/10\/secretario-de-turismo-sebastian-candia-asumio-nuevo-desafio-dentro-de-comupe\/seba-candia-3\/\" rel=\"attachment wp-att-138995\"><img loading=\"lazy\" decoding=\"async\" class=\" wp-image-138995 alignleft\" src=\"https:\/\/revistaesperanzas.com\/web\/wp-content\/uploads\/2025\/10\/SEBA-CANDIA-3.jpeg\" alt=\"\" width=\"436\" height=\"544\" srcset=\"https:\/\/revistaesperanzas.com\/web\/wp-content\/uploads\/2025\/10\/SEBA-CANDIA-3.jpeg 1440w, https:\/\/revistaesperanzas.com\/web\/wp-content\/uploads\/2025\/10\/SEBA-CANDIA-3-337x420.jpeg 337w, https:\/\/revistaesperanzas.com\/web\/wp-content\/uploads\/2025\/10\/SEBA-CANDIA-3-696x868.jpeg 696w, https:\/\/revistaesperanzas.com\/web\/wp-content\/uploads\/2025\/10\/SEBA-CANDIA-3-1068x1332.jpeg 1068w\" sizes=\"auto, (max-width: 436px) 100vw, 436px\" \/><\/a>\u201cVa a ser un enorme desaf\u00edo y es un honor poder acompa\u00f1ar a Bucky\u2026ojala todo el p\u00fablico, los factores y sobre todo los pescadores acompa\u00f1en estas dos ediciones que se vienen. \u00c9l tiene la voluntad de que sea una comisi\u00f3n de puertas abiertas, que sea una fiesta para todos, con el acompa\u00f1amiento de Mariano y el gobernador, hay que poner manos a la obra, el tiempo vuela cuando se habla de la Fiesta Nacional del Surub\u00ed, afortunadamente se cuenta con 1400 equipos inscriptos as\u00ed que a ponerse a trabajar lo antes posible\u201d dijo.<\/p>\n<p style=\"font-weight: 400;\">PESCA DEPORTIVA<\/p>\n<p style=\"font-weight: 400;\">Goya es una regi\u00f3n con un gran potencial para la pesca deportiva, con una gran variedad de especies y lugares para pescar, desde los grandes r\u00edos hasta los arroyos. Es un lugar perfecto para disfrutar de una experiencia de pesca \u00fanica.<\/p>\n<p style=\"font-weight: 400;\">Esta premisa se explota a trav\u00e9s de la Secretar\u00eda de Turismo de la localidad. En este sentido destac\u00f3 que la ciudad est\u00e1 preparada para recibir diversos tipos de eventos tur\u00edstico como religioso, hist\u00f3rico, rural, de naturaleza, pesca y n\u00e1utica y los resultados de esta gran fiesta de la pesca deportiva dan cuenta de ello.<\/p>\n<p style=\"font-weight: 400;\">\u201cPara esto necesitamos el aporte del sector privado, estos circuitos est\u00e1n disponibles en la oferta local, pero en materia de pesca deportiva Goya a\u00fan est\u00e1 en pa\u00f1ales, tenemos mucho horizonte de crecimiento si nos comparamos con nuestros vecinos del sur (Esquina). Creo que Goya debe seguir creciendo much\u00edsimo m\u00e1s en este sentido, tenemos como cuenta pendiente la capacitaci\u00f3n para formar recursos humanos, gu\u00edas de pesca espec\u00edficamente, pero a su vez, es indispensable la diversificaci\u00f3n de producto y el servicio, esos productos existen, nosotros tenemos la obligaci\u00f3n y la necesidad de promocionarlos y fortalecer y por eso iniciamos la campa\u00f1a de llevar la Info tur\u00edstica a las escuelas. Ellas son el efecto triplicador m\u00e1s inmediato as\u00ed fortalecemos el turismo a nivel local. Adem\u00e1s, estamos trabajando en campa\u00f1as puertas afuera de la ciudad\u201d.<\/p>\n<p style=\"font-weight: 400;\">\u201cEsto es un trabajo a mediano plazo, no es inmediato, tenemos que seguir fortaleciendo esa inversi\u00f3n, tenemos que seguir vinculando, seguir relacion\u00e1ndonos. Tuvimos en este \u00faltimo tiempo inversiones de \u00edndole privada muy importante, caba\u00f1as y restaurantes que se han hecho, la oferta gastron\u00f3mica ha crecido considerablemente y Goya se ha convertido en un destino tur\u00edstico m\u00e1s s\u00f3lido y atractivo para la gente\u201d asegur\u00f3.<\/p>\n<p style=\"font-weight: 400;\">RESERVA ISOR\u00d3<\/p>\n<p style=\"font-weight: 400;\">La Reserva Natural Isor\u00f3 permite cuidar los recursos y fomentar el turismo en la regi\u00f3n.\u00a0 Establecido por Ley como un \u00e1rea protegida en el pa\u00eds, con el objetivo principal de<a href=\"https:\/\/revistaesperanzas.com\/web\/2025\/10\/secretario-de-turismo-sebastian-candia-asumio-nuevo-desafio-dentro-de-comupe\/seba-candia-1\/\" rel=\"attachment wp-att-138996\"><img loading=\"lazy\" decoding=\"async\" class=\" wp-image-138996 alignright\" src=\"https:\/\/revistaesperanzas.com\/web\/wp-content\/uploads\/2025\/10\/SEBA-CANDIA-1.jpeg\" alt=\"\" width=\"509\" height=\"286\" srcset=\"https:\/\/revistaesperanzas.com\/web\/wp-content\/uploads\/2025\/10\/SEBA-CANDIA-1.jpeg 1599w, https:\/\/revistaesperanzas.com\/web\/wp-content\/uploads\/2025\/10\/SEBA-CANDIA-1-747x420.jpeg 747w, https:\/\/revistaesperanzas.com\/web\/wp-content\/uploads\/2025\/10\/SEBA-CANDIA-1-696x391.jpeg 696w, https:\/\/revistaesperanzas.com\/web\/wp-content\/uploads\/2025\/10\/SEBA-CANDIA-1-1068x600.jpeg 1068w\" sizes=\"auto, (max-width: 509px) 100vw, 509px\" \/><\/a> conservar y preservar la rica biodiversidad que alberga. Sobre los desaf\u00edos que se vienen al respecto,c\u00f3mo beneficia al movimiento del turismo en la regi\u00f3n y la proyecci\u00f3n de la marca Goya hacia el mundo, Candia analiz\u00f3 la mirada hacia el futuro de este espacio natural.<\/p>\n<p style=\"font-weight: 400;\">\u201cEsto es el futuro de Goya, cuando la reserva logre tener el brillo que necesita y que muy pronto lo va a tener este circuito, afortunadamente el guardaparque esta, es un territorio que deber se cuidado, est\u00e1 tambi\u00e9n la carencia de tener una oferta diversificada como paseos n\u00e1uticos, circuito guiados en kayak, camping, todo esto se va a dar pronto y tan cerquita en el lugar donde esta\u201d.<\/p>\n<p style=\"font-weight: 400;\">GOYA PUNTO DE ENCUENTRO<\/p>\n<p style=\"font-weight: 400;\">En el marco del Pacto Goya 2030 y en sus art\u00edculos que hablan del desarrollo tur\u00edstico y la visi\u00f3n a futuro, el turismo es tomado como un eje transversal de la administraci\u00f3n municipal.<\/p>\n<p style=\"font-weight: 400;\">En nuestra ciudad se ha instalado la necesidad de hablar y proyectar actividades y servicios tur\u00edsticos.<\/p>\n<p style=\"font-weight: 400;\">El desarrollo, la proyecci\u00f3n y potencial en materia tur\u00edstica que desarrolla Goya en una articulaci\u00f3n p\u00fablica \u2013 privada se refleja en la cantidad y diversidad de propuestas, actividades que se ofrecen, y en la proximidad de la agenda, la preparaci\u00f3n de una temporada para recibir visitantes.<\/p>\n<p style=\"font-weight: 400;\">La Goya tur\u00edstica es un concepto y es un mensaje que pregona el intendente \u201cy nosotros queremos imponer a Goya como destino y por supuesto la historia de nuestra ciudad debe ordenarse y por eso Mariano quiere hacer hincapi\u00e9 en la importancia del acto que vamos a tener el 9 de noviembre\u201d dijo.<a href=\"https:\/\/revistaesperanzas.com\/web\/2025\/10\/secretario-de-turismo-sebastian-candia-asumio-nuevo-desafio-dentro-de-comupe\/seba-candia-4\/\" rel=\"attachment wp-att-138997\"><img loading=\"lazy\" decoding=\"async\" class=\" wp-image-138997 alignleft\" src=\"https:\/\/revistaesperanzas.com\/web\/wp-content\/uploads\/2025\/10\/SEBA-CANDIA-4.jpeg\" alt=\"\" width=\"472\" height=\"251\" srcset=\"https:\/\/revistaesperanzas.com\/web\/wp-content\/uploads\/2025\/10\/SEBA-CANDIA-4.jpeg 1600w, https:\/\/revistaesperanzas.com\/web\/wp-content\/uploads\/2025\/10\/SEBA-CANDIA-4-791x420.jpeg 791w, https:\/\/revistaesperanzas.com\/web\/wp-content\/uploads\/2025\/10\/SEBA-CANDIA-4-696x370.jpeg 696w, https:\/\/revistaesperanzas.com\/web\/wp-content\/uploads\/2025\/10\/SEBA-CANDIA-4-1068x567.jpeg 1068w\" sizes=\"auto, (max-width: 472px) 100vw, 472px\" \/><\/a><\/p>\n<p style=\"font-weight: 400;\">Invit\u00f3 a la ciudadan\u00eda a que el domingo 9 de noviembre se estar\u00e1 festejando los 234 a\u00f1os de nuestra ciudad. Habr\u00e1 un acto protocolar en plaza Mitre y otras actividades que se est\u00e1n organizando desde la Municipalidad de Goya.<\/p>\n<p style=\"font-weight: 400;\">\u201cGoya debe reforzar su identidad, debe contar su historia, de que todos podamos darle un mensaje claro a quienes nos visitan, de que nos sintamos orgullosos de nuestra querida Goya y otras caracter\u00edsticas que nos falta fortalecer como destino. Esto no depende de una gesti\u00f3n sino pensar una ciudad por encima de todos nosotros\u201d conceptu\u00f3.<\/p>\n<p style=\"font-weight: 400;\">TEMPORADA DE VERANO<\/p>\n<p style=\"font-weight: 400;\">Goya se prepara para la Temporada de Verano 2025\/2026 con novedades en el Parque Acu\u00e1tico, playa El Ing\u00e1, carnavales, por ejemplo \u201cy con mucha demanda afortunadamente en etapa de mejoras con el pintado de instalaciones y piletas as\u00ed que muy pronto vamos a estar abriendo las puertas\u201d inform\u00f3 el funcionario.<\/p>\n<p style=\"font-weight: 400;\">\u201cEn cuanto a los carnavales 2026 hemos conformado un equipo renovado para poder armar \u201ctradici\u00f3n de carnavales\u201d dando espacio y voz a los comparseros y nos ayude en la organizaci\u00f3n\u201d.<\/p>\n<p style=\"font-weight: 400;\">Destac\u00f3 el hecho de tener \u201cuna relaci\u00f3n muy madura y muy centrada en el di\u00e1logo entre el municipio y las comparsas, pero necesit\u00e1bamos una impronta, por eso hemos incorporados a figuras de las comparsas, algo como una mesa de consultores y nos est\u00e1 aportando much\u00edsima frescura y creo que vamos a tener un carnaval muy atractivo para el p\u00fablico\u201d destac\u00f3.<\/p>\n<p style=\"font-weight: 400;\">Agradeci\u00f3 la buena intenci\u00f3n y predisposici\u00f3n al trabajo en equipo \u201cpor eso se ven los resultados que se vienen dando, por una parte, el Estado que aporta y las Comparsas que hacen un esfuerzo muy grande por poder estar. Son figuras y artistas que merecen el respeto, y garantizando la organizaci\u00f3n necesaria y un Cors\u00f3dromo en buen estado y c\u00f3modo y esto tenemos claro que es la parte que nos toca\u201d cerr\u00f3.<\/p>\n<p style=\"font-weight: 400;\">\n","protected":false},"excerpt":{"rendered":"<p>Goya, turismo todo el a\u00f1o: Este martes, Ra\u00fal &#8220;Bucky&#8221; Gonz\u00e1lez Vilas fue elegido como nuevo presidente de la COMUPE en Goya. De esta forma, y dando cumplimiento a los estatutos correspondientes, se inicia en forma oficial la organizaci\u00f3n de la edici\u00f3n 49\u00aa de la Fiesta Nacional del Surub\u00ed. El flamante presidente de Comisi\u00f3n estar\u00e1 secundado [&hellip;]<\/p>\n","protected":false},"author":4,"featured_media":138994,"comment_status":"closed","ping_status":"closed","sticky":false,"template":"","format":"standard","meta":{"footnotes":""},"categories":[45],"tags":[],"class_list":{"0":"post-138993","1":"post","2":"type-post","3":"status-publish","4":"format-standard","5":"has-post-thumbnail","7":"category-locales"},"_links":{"self":[{"href":"https:\/\/revistaesperanzas.com\/web\/wp-json\/wp\/v2\/posts\/138993","targetHints":{"allow":["GET"]}}],"collection":[{"href":"https:\/\/revistaesperanzas.com\/web\/wp-json\/wp\/v2\/posts"}],"about":[{"href":"https:\/\/revistaesperanzas.com\/web\/wp-json\/wp\/v2\/types\/post"}],"author":[{"embeddable":true,"href":"https:\/\/revistaesperanzas.com\/web\/wp-json\/wp\/v2\/users\/4"}],"replies":[{"embeddable":true,"href":"https:\/\/revistaesperanzas.com\/web\/wp-json\/wp\/v2\/comments?post=138993"}],"version-history":[{"count":0,"href":"https:\/\/revistaesperanzas.com\/web\/wp-json\/wp\/v2\/posts\/138993\/revisions"}],"wp:featuredmedia":[{"embeddable":true,"href":"https:\/\/revistaesperanzas.com\/web\/wp-json\/wp\/v2\/media\/138994"}],"wp:attachment":[{"href":"https:\/\/revistaesperanzas.com\/web\/wp-json\/wp\/v2\/media?parent=138993"}],"wp:term":[{"taxonomy":"category","embeddable":true,"href":"https:\/\/revistaesperanzas.com\/web\/wp-json\/wp\/v2\/categories?post=138993"},{"taxonomy":"post_tag","embeddable":true,"href":"https:\/\/revistaesperanzas.com\/web\/wp-json\/wp\/v2\/tags?post=138993"}],"curies":[{"name":"wp","href":"https:\/\/api.w.org\/{rel}","templated":true}]}}