{"id":139000,"date":"2025-10-29T18:32:30","date_gmt":"2025-10-29T21:32:30","guid":{"rendered":"https:\/\/revistaesperanzas.com\/web\/?p=139000"},"modified":"2025-10-29T18:32:30","modified_gmt":"2025-10-29T21:32:30","slug":"el-hcd-goya-aprobo-incorporacion-de-fondos-afectacion-especifica-de-la-provincia-por-210-millones-para-la-fiesta-nacional-del-surubi-y-carnavales","status":"publish","type":"post","link":"https:\/\/revistaesperanzas.com\/web\/2025\/10\/el-hcd-goya-aprobo-incorporacion-de-fondos-afectacion-especifica-de-la-provincia-por-210-millones-para-la-fiesta-nacional-del-surubi-y-carnavales\/","title":{"rendered":"EL HCD GOYA, APROB\u00d3 INCORPORACI\u00d3N DE FONDOS AFECTACI\u00d3N ESPEC\u00cdFICA DE LA PROVINCIA POR $210 MILLONES PARA LA FIESTA NACIONAL DEL SURUB\u00cd Y CARNAVALES"},"content":{"rendered":"<p>Se trata de una Incorporaci\u00f3n Presupuestaria de fondos de apoyo econ\u00f3mico no reintegrable por la suma de $ 200 millones para atender gastos que demand\u00f3 la celebraci\u00f3n de la 48\u00b0 Fiesta Nacional del Surub\u00ed y otros $ 10 millones en concepto de ayuda econ\u00f3mica destinada a solventar la participaci\u00f3n de comparsas de la ciudad de Goya en los Carnavales Correntinos 2025. Sobre tablas se aprobaron varios proyectos de declaraci\u00f3n municipal y cultural.<\/p>\n<p>La 14\u00b0 sesi\u00f3n ordinaria del a\u00f1o del Concejo Deliberante de Goya, fue presidida por el Vice Intendente y titular nato del Cuerpo, doctor Pedro Gerardo Cassani (h), y en su transcurso se aprob\u00f3 por unanimidad la incorporaci\u00f3n de Fondos de afectaci\u00f3n espec\u00edfica no reintegrables de la Provincia por $ 200 millones para atender gastos que demand\u00f3 la celebraci\u00f3n de la 48\u00b0 Fiesta Nacional del Surub\u00ed y otros $ 10 millones en concepto de ayuda econ\u00f3mica destinada a solventar la participaci\u00f3n de comparsas de la ciudad de Goya en los Carnavales Correntinos 2025.<\/p>\n<p>Asimismo, incorpor\u00f3, trat\u00f3 sobre tablas y declar\u00f3 \u201cde inter\u00e9s municipal\u201d los proyectos de Resoluci\u00f3n sobre: \u201cExpo T\u00e9cnica 2025\u201d \u201cUniendo sabores forjando futuro\u201d de la escuela T\u00e9cnica Valent\u00edn Virasoro, autor\u00eda de la concejal Vivian Merlo; la 2da edici\u00f3n del Concurso de Pesca de Costa organizado por la Barra pesquera Los Parientes, presentado por el concejal Oscar Ferrero y la 1ra Jornada \u201cEnse\u00f1ar y Aprender en el nivel inicial\u201d, promovido por la concejal Susana Quiroz.<\/p>\n<p>Igualmente, el Cuerpo legislativo declaro de \u201cinter\u00e9s cultural\u201d la realizaci\u00f3n del primer encuentro de passistas y ritmistas del litoral a desarrollarse el 29 de noviembre, autor\u00eda e la concejal Cecilia Gortari.<\/p>\n<p>En el inicio, el presidente del HCD dio la bienvenida a los estudiantes de 6\u00b0 a\u00f1o \u201cA\u201d (Bachiller en Humanidades y Ciencias Sociales) del colegio Santa Teresa de Jes\u00fas que presenciaron la sesi\u00f3n junto a las docentes Lorena Tuama, Noelia Casafus y Lourdes Merlo de dicha casa de estudios. Tambi\u00e9n particip\u00f3 la concejal electa Ver\u00f3nica Ram\u00edrez (CC-ARI) y un grupo de mujeres del Colectivo Feminista de Goya, entre otros.<\/p>\n<p>NOTAS INGRESADAS<\/p>\n<p>Tras la lectura del Orden del D\u00eda por parte de la Prosecretaria Mar\u00eda N\u00e9lida R\u00edos, a cargo interinamente de la Secretar\u00eda del Cuerpo, y luego de ponerse a consideraci\u00f3n el acta de la \u00faltima sesi\u00f3n que fue aprobada, se dieron a conocer las notas oficiales ingresadas, que fueron las siguientes:<\/p>\n<p>-Del Tribunal de Faltas de Goya, remitiendo expediente sobre prohibici\u00f3n de animales equinos en el radio urbano. Se reserva en Secretar\u00eda.<\/p>\n<p>&#8211; De la Direcci\u00f3n de Recursos Naturales invitando a la 5ta edici\u00f3n de la Expo Ambiente 2025 y Botellas de Amor, este mi\u00e9rcoles 29, de 8 a 18 horas, en el predio Costa Surub\u00ed. Se pas\u00f3 a Ceremonial.<\/p>\n<p>NOTAS PARTICULARES<\/p>\n<p>-De la Sra. Alicia Arnica de Nardelli solicitando declaraci\u00f3n de inter\u00e9s municipal la presentaci\u00f3n de su libro \u201cUn llamado al amor y a la esperanza\u201d. Se reserva en Secretar\u00eda<\/p>\n<p>-Del Colectivo feminista Goya solicita colaboraci\u00f3n para costear gastos de traslado al encuentro plurinacional de Mujeres, lesbianas, travestis y trans. Se reserva en Secretar\u00eda.<\/p>\n<p>PROYECTOS PRESENTADOS<\/p>\n<p>Luego se conocieron los proyectos presentados, cuatro de los cuales fueron tratados y aprobados sobre tablas como se mencion\u00f3 antes. Los otros proyectos ingresados fueron los siguientes:<\/p>\n<p>-Proyecto de Ordenanza sobre Presupuesto de Recursos y Gastos y Plan de Obras correspondiente al Ejercicio 2026. Enviado por el D.E.M. Pas\u00f3 a la comisi\u00f3n de Econom\u00eda. El concejal Leandro Montti pidi\u00f3 que se env\u00ede por correo electr\u00f3nico una copia a todos los concejales y lo mismo sobre el proyecto de Tarifaria 2026<\/p>\n<p>-Proyecto de Ordenanza sobre Tarifaria 2026. Enviado por el D.E.M. Pas\u00f3 a la Comisi\u00f3n de Econom\u00eda. La concejal Merlo reitero el pedido de env\u00edo de copias de ambos proyectos a todos sus pares.<\/p>\n<p>-Proyecto de Ordenanza sobre sustituci\u00f3n laboral con perspectiva de g\u00e9nero. Autora concejal P\u00e9rez Carballo. Pas\u00f3 a la comisi\u00f3n de Legislaci\u00f3n.<\/p>\n<p>-Proyecto de Ordenanza sobre semaforizaci\u00f3n en Avenida Neustad y Jujuy. Autores concejales Curak y Antonio Mazzaro. Pas\u00f3 a las comisiones de Transporte y de Econom\u00eda<\/p>\n<p>-Proyecto de Ordenanza sobre Registro Municipal de Personas con Discapacidad. Autora concejal P\u00e9rez Carballo. Pas\u00f3 a la comisi\u00f3n de Salud.<\/p>\n<p>-Proyecto de Resoluci\u00f3n declarando de inter\u00e9s municipal el diagn\u00f3stico participativo del proyecto \u201csomos en red\u201d sobre violencia pol\u00edtica de g\u00e9nero, implementado por CISCSA y andhes con el apoyo de ONU mujeres, wyde y la uni\u00f3n europea. Autora Concejal Gortari. Paso a la comisi\u00f3n de Legislaci\u00f3n.<\/p>\n<p>-Proyecto de Resoluci\u00f3n declarando de inter\u00e9s municipal sobre requerir a Incluir Salud Goya, dependiente del Hospital Zonal de la ciudad brinde informaci\u00f3n necesaria a este cuerpo legislativo. Autor Mazzaro Antonio y Esquen\u00f3n. Pas\u00f3 a la comisi\u00f3n de Salud.<\/p>\n<p>-Proyecto de Resoluci\u00f3n declarando de inter\u00e9s municipal sobre requerir se informe y se cumpla con el art\u00edculo 32 de la Carta Org\u00e1nica Municipal (discapacitados) Autor C. Antonio Mazzaro y Esquen\u00f3n. Pas\u00f3 a la comisi\u00f3n de Legislaci\u00f3n<\/p>\n<p>INCORPORACI\u00d3N $ 200 MILLONES<\/p>\n<p>Seguidamente los concejales aprobaron por unanimidad el proyecto de ordenanza de Incorporaci\u00f3n Presupuestaria de Fondos de afectaci\u00f3n espec\u00edfica no reintegrables por la suma de $ 200.000.000 transferidos por el Gobierno de la Provincia de Corrientes en marco del Decreto N\u00ba 1482\/2025 con el fin de atender gastos que demand\u00f3 la celebraci\u00f3n de la 48\u00b0 Fiesta Nacional del Surub\u00ed 2025.<\/p>\n<p>En su parte resolutiva, el proyecto aprobado establece:<\/p>\n<p>ARTICULO 1\u00ba: INCORPORAR LOS FONDOS DE AFECTACI\u00d3N ESPECIF\u00cdCA POR LA SUMA DE PESOS DOSCIENTOS MILLONES ($200.000.000,00) que ser\u00e1n registrados en la partida presupuestaria 1.0.00.1.02.03 \u201cFiesta Nacional del Surub\u00ed\u201d.<\/p>\n<p>ARTICULO 2\u00ba: AUMENTAR LAS PARTIDAS PRESUPUESTARIAS DE IMPUTACI\u00d3N:<\/p>\n<p>CONCEPTO IMPORTE<\/p>\n<p>2.1.1.1.01.04.1.2.23 Respuestos y accesorios $ 1,214,310.00<\/p>\n<p>2.1.1.1.01.04.1.3.33 Alquiler de camiones, maquinarias y equipos $ 11,040,086.00<\/p>\n<p>2.1.1.1.01.07.1.3.56 Honorarios por servicios t\u00e9cnicos y profesionales $ 2,380,000.00<\/p>\n<p>2.1.1.1.01.16.1.2.18 Combustibles y lubricantes $ 14,890,000.00<\/p>\n<p>2.1.1.1.01.16.1.2.20 Utiles y materiales el\u00e9ctricos $ 1,936,260.00<\/p>\n<p>2.1.1.1.01.16.1.3.49 Sonido e iluminaci\u00f3n $ 121,700,000.00<\/p>\n<p>2.1.1.1.01.16.1.3.53 Alquiler de mobiliarios para eventos y fiestas $ 23,892,000.00<\/p>\n<p>2.1.1.1.01.16.2.5.75 Construcciones en bienes de dominio privado $ 7,005,344.00<\/p>\n<p>2.1.1.1.01.17.1.3.53 Alquiler de mobiliarios para eventos y fiestas $ 15,942,000.00<\/p>\n<p>TOTAL $ 200,000,000.00<\/p>\n<p>ARTICULO 3\u00ba: DE FORMA.<\/p>\n<p>Concejal Sebasti\u00e1n Mazzaro<\/p>\n<p>La fundamentaci\u00f3n del proyecto estuvo a cargo del presidente de la Comisi\u00f3n de Econom\u00eda, el concejal Sebasti\u00e1n Mazzaro.<\/p>\n<p>El edil del Partido Popular explic\u00f3 se hac\u00eda esto con la finalidad de dar transparencia a los fondos que recibe el municipio. Indic\u00f3 que son recursos que aporta la provincia para un<\/p>\n<p>evento importante como lo es la Fiesta Nacional del Surub\u00ed. \u201cY nos toca incorporarlo al Presupuesto, no solo para dar transparencia a lo recibido, sino adem\u00e1s porque forma parte de uno de los requisitos necesarios para posteriormente rendir cuentas a la Provincia\u201d, explic\u00f3 Mazzaro.<\/p>\n<p>Aclar\u00f3 que, si bien los fondos no son reintegrables, \u201cs\u00ed son rendibles\u201d, dijo y uno de los pasos para las rendiciones es incorporarlo al Presupuesto. Por lo que, le\u00edda la partida presupuestaria de ingresos y aclarada en detalle tambi\u00e9n las de gastos, \u201cmantenemos la idea del presupuesto equilibrado y la universalidad en el caso de la formulaci\u00f3n de este Presupuesto 2025 que est\u00e1 en ejecuci\u00f3n, pero como estos son fondos recibidos que afectan a este ejercicio, corresponde la incorporaci\u00f3n presupuestaria y luego ser\u00e1 rendido en el Balance Municipal el a\u00f1o que viene\u201d. Puesto a consideraci\u00f3n, el proyecto fue aprobado por todos los ediles presentes.<\/p>\n<p>RECURSOS PARA APOYO A COMPARSAS<\/p>\n<p>Seguidamente se trat\u00f3 el proyecto de ordenanza con despacho de comisi\u00f3n sobre Incorporaci\u00f3n presupuestaria de fondos provinciales de afectaci\u00f3n espec\u00edfica por la suma de $ 10.000.000, ayuda econ\u00f3mica destinada a solventar los gastos que demand\u00f3 la participaci\u00f3n de las comparsas de la ciudad de Goya en los Carnavales Correntinos 2025.<\/p>\n<p>Al hacer uso de la palabra el concejal Sebasti\u00e1n Mazzaro (PP) dijo que \u201cel criterio es el mismo\u201d, que la iniciativa anterior.<\/p>\n<p>Se\u00f1al\u00f3 que lo que hace el Concejo en este caso es incorporar tambi\u00e9n esta partida que fue para los carnavales y para solventar gastos de comparsas, \u201cincorporarlo al Presupuesto que ten\u00edamos para este a\u00f1o, y de esta forma se da transparencia a los fondos recibidos y luego se har\u00e1 la correspondiente rendici\u00f3n ante quien tiene la funci\u00f3n de controlar, que es el organismo provincial, ya que los fondos vienen de Provincia, y luego se rinde en este Municipio a trav\u00e9s del Balance del ejercicio 2025\u201d.<\/p>\n<p>En su parte resolutiva, el proyecto que fue aprobado por unanimidad, establece:<\/p>\n<p>ART\u00cdCULO 1\u00ba: INCORPORAR LOS APORTES DE AFECTACI\u00d3N ESPECIF\u00cdCA por la suma de PESOS DIEZ MILLONES ($10.000.000,00) el que ser\u00e1 registrado en la partida presupuestaria 1.0.00.1.02.05 \u201cTransferencias Provinciales para Proyectos Espec\u00edficos\u201d.<\/p>\n<p>ART\u00cdCULO 2\u00ba: AUMENTAR LAS PARTIDAS PRESUPUESTARIAS DE IMPUTACI\u00d3N QUE SE DETALLAN A CONTINUACI\u00d3N:<\/p>\n<p>CODIGO CONCEPTO IMPORTE<\/p>\n<p>2.1.1.1.01.01.1.2.18 Combustibles y Lubricantes<\/p>\n<p>1,194,715.09<\/p>\n<p>2.1.1.1.01.01.1.3.43 Publicidad y propaganda 350,000.00<\/p>\n<p>2.1.1.1.01.03.1.2.10 Alimentos para personas 875,000.00<\/p>\n<p>2.1.1.1.01.03.1.3.43 Publicidad y propaganda 120,000.00<\/p>\n<p>2.1.1.1.01.04.1.3.34 Alquiler camionetas 900,000.00<\/p>\n<p>2.1.1.1.01.07.1.2.13 Hilados, telas y confecciones textiles 2,203,684.91<\/p>\n<p>2.1.1.1.01.07.1.2.26 Otros no especificados 1,322,700.00<\/p>\n<p>2.1.1.1.01.14.1.2.13 Hilados, telas y confecciones textiles 222,000.00<\/p>\n<p>2.1.1.1.01.16.1.2.13 Hilados, telas y confecciones textiles 414,000.00<\/p>\n<p>2.1.1.1.01.17.1.3.49 Sonido e iluminaci\u00f3n 2,097,900.00<\/p>\n<p>2.1.1.1.01.17.1.3.56 Honorarios por servicios t\u00e9cnicos y profesionales 300,000.00<\/p>\n<p>TOTAL 10,000,000.00<\/p>\n<p>ARTICULO 3\u00ba: COMUN\u00cdQUESE, PUBL\u00cdQUESE, D\u00c9SE AL R.M., s\u00e1quese copia para Secretar\u00eda de Hacienda y Econom\u00eda, Asesor\u00eda Letrada, Secretar\u00edas del D.E.M., H.C.D., y oportunamente ARCHIVESE.-<\/p>\n<p>ARCHIVO DE EXPEDIENTES<\/p>\n<p>Despu\u00e9s se trat\u00f3 y aprob\u00f3 el env\u00edo a Archivo por perdida de vigencia legislativa de los proyectos de Resoluci\u00f3n con despacho de comisi\u00f3n Expediente N\u00ba 3.306\/23 (P. R. s\/adhesi\u00f3n a la ley nacional N\u00ba 27.642\/22) y Expediente N\u00ba 3.313\/23 (P.R. solicitar mejoras en el servicio de transporte urbano de pasajeros).<\/p>\n<p>PROYECTOS INCORPORADOS<\/p>\n<p>Agotado el tratamiento de los temas incluidos en el Orden del Dia se trataron sobre tablas los proyectos incorporados. El primero de ellos fue el proyecto de Resoluci\u00f3n declarando de inter\u00e9s municipal la \u201cExpo T\u00e9cnica 2025\u201d \u201cUniendo sabores forjando futuro\u201d de la Escuela T\u00e9cnica Valent\u00edn Virasoro, evento que se realizar\u00e1 el pr\u00f3ximo 13 de noviembre.<\/p>\n<p>Concejal Merlo<\/p>\n<p>La concejal Vivian Merlo, autora de esta iniciativa, record\u00f3 en primer lugar que la \u201cExpo T\u00e9cnica 2025\u201d, es un proyecto que lleva a cabo la Escuela T\u00e9cnica Valent\u00edn Virasoro todos los a\u00f1os.<\/p>\n<p>\u201cTiene el mismo lema, \u201cUniendo saberes, forjando futuro\u201d, ya que este evento es una jornada donde no solamente se reconoce el trabajo de los docentes de todo el a\u00f1o en el aula, sino que ellos lo llevan a la pr\u00e1ctica en esta expo para que los vecinos, las instituciones e inclusive las empresas puedan acompa\u00f1ar y ver el potencial de lo que son capaces de realizar nuestros j\u00f3venes en las escuelas t\u00e9cnicas de Goya que son tan importantes, y que son muchas en toda la provincia de Corrientes\u201d, resalt\u00f3 Merlo.<\/p>\n<p>Hizo notar que la fecha de la Expo el d\u00eda 13, est\u00e1 relacionada con el 15 de noviembre que es el D\u00eda Nacional de las Escuelas T\u00e9cnicas. \u201cTodos los a\u00f1os en esta fecha logran expresar en talleres y exposici\u00f3n todo lo que han trabajado durante el a\u00f1o, que incluye inteligencia artificial, toda la nueva tecnolog\u00eda y diferentes tipos de proyectos\u201d, resalt\u00f3 la edil de la UCR y pidi\u00f3 a sus pares el acompa\u00f1amiento y colaboraci\u00f3n para \u201cvisibilizar, reconocer y seguir apostando a nuestras escuelas t\u00e9cnicas que forman futuros profesionales\u201d. Y fue aprobado con el voto de todos los presentes.<\/p>\n<p>CONCURSO DE PESCA DE COSTA<\/p>\n<p>Tambi\u00e9n fue declarado \u201cde inter\u00e9s municipal\u201d la 2da edici\u00f3n del Concurso de Pesca de Costa organizado por la Barra pesquera \u201cLos Parientes\u201d, y que se llevara a cabo el domingo 2 de noviembre en playa El Inga.<\/p>\n<p>Concejal Ferrero<\/p>\n<p>Dando su apoyo a la iniciativa de su autor\u00eda, el concejal Oscar Ferrero, ilustr\u00f3 que la barra pesquera \u201cLos Parientes\u201d comenz\u00f3 como una barra pesquera familiar en una casa con varios pescadores del mismo n\u00facleo, pero fue creciendo con el paso del tiempo.<\/p>\n<p>\u201cHoy es un grupo m\u00e1s complejo y el a\u00f1o pasado comenzaron con la realizaci\u00f3n de estos eventos\u201d, dijo el edil del Frente Renovador. Coment\u00f3 que el concurso de pesca de costa incluye a los chicos desde los tres a\u00f1os en diferentes categor\u00edas y la premiaci\u00f3n es amplia.<\/p>\n<p>\u201cSe trata de lograr que la mayor\u00eda de las personas tengan premio y el que no se haga acreedor a un premio que pueda acceder a regalos de comercios e instituciones que van a ser sorteados el domingo\u201d, sostuvo Ferrero y pidi\u00f3 el acompa\u00f1amiento a sus pares.<\/p>\n<p>PRIMER ENCUENTRO DE PASSISTAS Y RITMISTAS DEL LITORAL<\/p>\n<p>El tercer proyecto incorporado correspondi\u00f3 a la declaraci\u00f3n \u201cde inter\u00e9s cultural\u201d del 1\u00b0 encuentro de passistas y ritmistas del litoral \u201cSambaval\u201d, a llevarse a cabo el 29 de noviembre en Goya.<\/p>\n<p>Concejal Gortari<\/p>\n<p>La concejal Cecilia Gortari, promotora de la declaraci\u00f3n ponder\u00f3 la importancia que tendr\u00e1 el evento fundamentalmente para \u201crevalorizar el arte de la samba y del carnaval como manifestaciones vivas del patrimonio cultural de la regi\u00f3n\u201d, e invit\u00f3 a los talleres que se van a llevar a cabo desde las 10 y hasta 16 horas de ese d\u00eda 29 de noviembre.<\/p>\n<p>\u201cEst\u00e1n abiertas las inscripciones a todos aquellos que quieran participar y tambi\u00e9n se va a llevar a cabo un show abierto al p\u00fablico a partir de las 21 horas donde se va a poder<\/p>\n<p>presenciar la competencia de las pasistas, y de percusionistas de las diferentes academias y comparsas\u201d, dijo la edil y anunci\u00f3 que el cierre va a estar a cargo de la banda local \u201cOs Demonios\u201d.<\/p>\n<p>Gortari se\u00f1al\u00f3 que el premio de la competencia \u201ctiene que ver con la participaci\u00f3n de aquellos que ganen en el Carnaval de Uruguayana (Brasil) que es muy reconocido en la regi\u00f3n\u201d. Al tiempo que felicit\u00f3 a la licenciada Marlene Melgarejo Zini, una gestora cultural goyana, impulsora de esta iniciativa junto a una organizaci\u00f3n y a personas que est\u00e1n llevando adelante este importante evento cultural \u201cpara poner en valor a nuestro Carnaval y por supuesto generar el intercambio regional\u201d, remarc\u00f3 la concejal. Puesto a consideraci\u00f3n, el proyecto fue votado positivamente por todo el Cuerpo.<\/p>\n<p>1RA JORNADA \u201cENSE\u00d1AR Y APRENDER EN EL NIVEL INICIAL\u201d<\/p>\n<p>El \u00faltimo tema incorporado fue el proyecto de Resoluci\u00f3n declarando de inter\u00e9s municipal la 1ra Jornada \u201cEnse\u00f1ar y Aprender en el nivel inicial\u201d, a realizarse este jueves, 30 de octubre, de 8 a 12 y de 14 a 16 horas en el predio Costa Surub\u00ed.<\/p>\n<p>Concejal Quiroz<\/p>\n<p>Su autora, la concejal Susana Quiroz, al fundamentar su apoyo, explic\u00f3 que esta la 1ra Jornada \u201cEnse\u00f1ar y Aprender en el nivel inicial\u201d, est\u00e1 a cargo de todos los profesores de la carrera de Educaci\u00f3n Inicial del Instituto Superior Goya. \u201cMe contaban que surgi\u00f3 en una reuni\u00f3n este compromiso de los profesores para poder promocionar por un lado la carrera e incentivar a los alumnos\u201d, dijo la edil radical.<\/p>\n<p>Explic\u00f3 que las actividades se desarrollar\u00e1n este jueves 30, de ma\u00f1ana (8 a 12) y tarde (de 14 a 16 horas) en dos turnos. Y consider\u00f3 que \u201cser\u00eda importante acompa\u00f1ar desde nuestro lugar, ya que el Municipio siempre est\u00e1 acompa\u00f1ando desde la Secretar\u00eda de Educaci\u00f3n\u201d. El proyecto de declaraci\u00f3n fue aprobado por unanimidad.<\/p>\n<p>LIBRE USO DE LA PALABRA<\/p>\n<p>Tras haberse analizados los temas que conformaron el Orden de D\u00eda y los incorporados, el Presidente Pedro Cassani (h) , invit\u00f3 a los ediles a expresarse en el Libre Uso de la Palabra.<\/p>\n<p>Concejal Antonio Mazzaro<\/p>\n<p>El primero en hacer uso de este derecho fue el concejal Antonio Mazzaro y se refiri\u00f3 a la Boleta \u00danica de Papel que por primera vez se utiliz\u00f3 en la provincia de Corrientes, el pasado domingo en las elecciones legislativas nacionales.<\/p>\n<p>\u201cLa Boleta \u00danica de Papel es un sistema simple, sencillo, el votante entr\u00f3 y vot\u00f3 en menos<\/p>\n<p>de un minuto y no se sinti\u00f3 atacado por un sistema electoral de m\u00e1s de 60 boletas como nos pas\u00f3 en una elecci\u00f3n anterior y como nos viene pasando en el sistema anterior\u201d, dijo el concejal de ELI y pidi\u00f3 \u201ca la clase pol\u00edtica\u201d que \u201centienda el reclamo de los correntinos y lleve adelante el proyecto que hoy cuenta con media sanci\u00f3n en la C\u00e1mara de Diputados y que ojal\u00e1 prontamente el Senado de la Provincia lo pueda aprobar y dentro de dos a\u00f1os votemos con boleta \u00fanica\u201d.<\/p>\n<p>Resalt\u00f3 el concejal \u201cTony\u201d Mazzaro que se trata de proyecto impulsado desde su partido ELI. Y record\u00f3 que \u201cse han hecho capacitaciones con personas de otras provincias donde funciona este sistema y donde se ha puesto en consideraci\u00f3n y ha sido muy efectivo. Me siento realmente orgulloso de haber sido parte durante todo el a\u00f1o pasado inculcando, capacitando a la ciudadan\u00eda, a los goyanos (sobre la boleta \u00fanica de papel) y ojal\u00e1 podamos dentro de dos a\u00f1os poder implementar este sistema\u201d, augur\u00f3.<\/p>\n<p>Hizo notar tambi\u00e9n que en la sesi\u00f3n de este mi\u00e9rcoles participaron estudiantes que ya est\u00e1n finalizando sus estudios secundarios y en dos a\u00f1os m\u00e1s podr\u00e1n votar por primera vez. \u201cOjal\u00e1 que sea con boleta \u00fanica de papel\u201d, expres\u00f3 el edil.<\/p>\n<p>Concejal Refojos<\/p>\n<p>Continu\u00f3 en el uso de la palabra la concejal Gabriela Refojos quien dijo coincidir sobre la Boleta \u00danica de Papel y plante\u00f3 al edil de ELI que adem\u00e1s de promover que se vote con este sistema \u201ctan \u00e1gil, transparente y r\u00e1pido tambi\u00e9n desde su espacio estar\u00eda bueno que se promueva y se concientice que la clase pol\u00edtica y dirigente cumpla con sus funciones y sus deberes ya que es un espacio que viene trabajando hace mucho tiempo. Estar\u00eda bueno que ELI sea ejemplo de eso ya que la ciudadan\u00eda est\u00e1 esperando ese ejemplo de parte de los funcionarios con el cumplimiento de sus deberes y obligaciones\u201d, cerr\u00f3 la edil del PRO.<\/p>\n<p>Concejal Zorzoli<\/p>\n<p>Tambi\u00e9n el concejal Jorge Zorzoli (CC-ARI), manifest\u00f3 estar de acuerdo con lo expuesto por el concejal Mazzaro sobre la Boleta \u00danica Papel, pero \u201ccreo que no es suficiente\u201d, dijo.<\/p>\n<p>Pidi\u00f3 entonces a los legisladores provinciales \u201cque haya una nueva ley donde se reforme el sistema electoral, la ley electoral\u201d.<\/p>\n<p>\u201cA m\u00ed me gustar\u00eda -expuso Zorzoli- que aparte de la Boleta \u00danica tengan fecha de vencimiento los mandatos de los legisladores provinciales tanto de diputados como senadores, que quede claro de qu\u00e9 manera se financian los partidos pol\u00edticos\u201d, al tiempo que record\u00f3 que el proyecto de \u201cFicha limpia qued\u00f3 pendiente, y tambi\u00e9n tiene que estar<\/p>\n<p>en discusi\u00f3n. A m\u00ed me gustar\u00eda es que se haga una cosa que sea mucho m\u00e1s amplia que simplemente la Boleta \u00danica\u201d, plante\u00f3 el edil.<\/p>\n<p>Concejal Gortari<\/p>\n<p>La concejal Cecilia Gortari (Frente Renovador), al igual que los que la antecedieron en el uso de la palabra, manifest\u00f3 su adhesi\u00f3n al sistema de Boleta \u00danica de Papel, proyecto que en nuestra provincia ya tiene media sanci\u00f3n de Diputados.<\/p>\n<p>En Corrientes debe darse un sistema electoral \u201cque simplifique y ponga en valor la practicidad a la hora de elegir y participar democr\u00e1ticamente de la ciudadan\u00eda\u201d, sostuvo y opin\u00f3 que \u201cel cuarto oscuro actual de la Provincia es inviable. Eso est\u00e1 a la vista cuando entramos a votar, adem\u00e1s del enorme gasto que demanda la impresi\u00f3n de las boletas y con eso tambi\u00e9n adhiero a la necesidad de mayor transparencia en el financiamiento de los partidos pol\u00edticos, porque la simple impresi\u00f3n de las boletas es sumamente costosa y hay algunos partidos que imprimen varios padrones electorales\u201d, critic\u00f3.<\/p>\n<p>Gortari expres\u00f3 luego \u201cno podemos ir a votar a una elecci\u00f3n m\u00e1s con este sistema electoral. Me ha tocado ir al Superior Tribunal de Justicia de esta Provincia a reclamar respecto a las dificultades del escrutinio y comprobar que se computan mal los votos porque as\u00ed sucedi\u00f3. Esa apertura de urnas (en su elecci\u00f3n de concejal) modific\u00f3 los resultados electorales y la integraci\u00f3n de este Concejo Deliberante, raz\u00f3n por la cual estoy sentada ac\u00e1, as\u00ed que creo que soy la prueba m\u00e1s concreta de que nuestro sistema electoral actual distorsiona la voluntad popular de los correntinos y correntinas\u201d, afirm\u00f3.<\/p>\n<p>Se refiri\u00f3 adem\u00e1s al 38\u00b0 Encuentro Plurinacional de Mujeres y Licencias que este a\u00f1o se va a realizar en nuestra provincia. \u201cEs un evento de suma importancia donde se realizan diferentes talleres, espacios de encuentro, de manifestaci\u00f3n y de expresi\u00f3n cultural y es una oportunidad \u00fanica para las mujeres de todas las localidades correntinas de poder participar\u201d, dijo la edil y pidi\u00f3 a la Presidencia del HCD \u201ctome en consideraci\u00f3n la posibilidad de que se pueda realizar alg\u00fan tipo de apoyo (econ\u00f3mico) para que las organizaciones que est\u00e1n trabajando puedan concurrir al encuentro\u201d.<\/p>\n<p>Concejal Zorzoli<\/p>\n<p>Volvi\u00f3 a hacer uso de la palabra el concejal Zorzoli. Esta vez para plantear la integraci\u00f3n del bloque Uni\u00f3n la Patria (UxP), parte de la oposici\u00f3n al oficialismo gobernante.<\/p>\n<p>Zorzoli hizo alusi\u00f3n a la elecci\u00f3n del 31 de agosto pasado y respecto del bloque de UxP dijo \u201cyo lo he visto (a integrantes del mismo) en otros lugares, me gustar\u00eda que me aclaren nada m\u00e1s si no es mucho pedirlo y qui\u00e9nes son. Yo soy de la Coalici\u00f3n C\u00edvica, el \u00fanico<\/p>\n<p>partido que particip\u00e9 en toda mi vida hace m\u00e1s de 20 a\u00f1os y me gustar\u00eda saber con qui\u00e9n podemos debatir y discutir de qu\u00e9 pertenencia pol\u00edtica corresponde\u201d, plante\u00f3.<\/p>\n<p>Concejal Curak<\/p>\n<p>Finalmente, el concejal Nicolas Correa Curak, sum\u00f3 su apoyo a lo dicho sobre la Boleta \u00danica de Papel. \u201cMe pareci\u00f3 que fue una elecci\u00f3n muy buena\u201d, juzg\u00f3 y destac\u00f3 la labor de la Polic\u00eda, el Ejercito Argentino y felicit\u00f3 \u201ca los diputados que van a representar a la Provincia y desearles muchos \u00e9xitos y mucha suerte a los tres electos\u201d, tras lo cual y al no haber m\u00e1s interesados en el uso de la palabra, el presidente Cassani dio por finalizada la sesi\u00f3n.-<\/p>\n<p>&nbsp;<\/p>\n","protected":false},"excerpt":{"rendered":"<p>Se trata de una Incorporaci\u00f3n Presupuestaria de fondos de apoyo econ\u00f3mico no reintegrable por la suma de $ 200 millones para atender gastos que demand\u00f3 la celebraci\u00f3n de la 48\u00b0 Fiesta Nacional del Surub\u00ed y otros $ 10 millones en concepto de ayuda econ\u00f3mica destinada a solventar la participaci\u00f3n de comparsas de la ciudad de [&hellip;]<\/p>\n","protected":false},"author":4,"featured_media":0,"comment_status":"closed","ping_status":"closed","sticky":false,"template":"","format":"standard","meta":{"footnotes":""},"categories":[45],"tags":[],"class_list":{"0":"post-139000","1":"post","2":"type-post","3":"status-publish","4":"format-standard","6":"category-locales"},"_links":{"self":[{"href":"https:\/\/revistaesperanzas.com\/web\/wp-json\/wp\/v2\/posts\/139000","targetHints":{"allow":["GET"]}}],"collection":[{"href":"https:\/\/revistaesperanzas.com\/web\/wp-json\/wp\/v2\/posts"}],"about":[{"href":"https:\/\/revistaesperanzas.com\/web\/wp-json\/wp\/v2\/types\/post"}],"author":[{"embeddable":true,"href":"https:\/\/revistaesperanzas.com\/web\/wp-json\/wp\/v2\/users\/4"}],"replies":[{"embeddable":true,"href":"https:\/\/revistaesperanzas.com\/web\/wp-json\/wp\/v2\/comments?post=139000"}],"version-history":[{"count":0,"href":"https:\/\/revistaesperanzas.com\/web\/wp-json\/wp\/v2\/posts\/139000\/revisions"}],"wp:attachment":[{"href":"https:\/\/revistaesperanzas.com\/web\/wp-json\/wp\/v2\/media?parent=139000"}],"wp:term":[{"taxonomy":"category","embeddable":true,"href":"https:\/\/revistaesperanzas.com\/web\/wp-json\/wp\/v2\/categories?post=139000"},{"taxonomy":"post_tag","embeddable":true,"href":"https:\/\/revistaesperanzas.com\/web\/wp-json\/wp\/v2\/tags?post=139000"}],"curies":[{"name":"wp","href":"https:\/\/api.w.org\/{rel}","templated":true}]}}