{"id":139007,"date":"2025-10-29T21:30:51","date_gmt":"2025-10-30T00:30:51","guid":{"rendered":"https:\/\/revistaesperanzas.com\/web\/?p=139007"},"modified":"2025-10-29T21:30:51","modified_gmt":"2025-10-30T00:30:51","slug":"expo-ambiente-2025","status":"publish","type":"post","link":"https:\/\/revistaesperanzas.com\/web\/2025\/10\/expo-ambiente-2025\/","title":{"rendered":"EXPO AMBIENTE 2025"},"content":{"rendered":"<p style=\"font-weight: 400;\">Entrega de premios y reconocimientos a los participantes del concurso ambiental y Botellas de Amor<a href=\"https:\/\/revistaesperanzas.com\/web\/2025\/10\/expo-ambiente-2025\/expo-ambiente-2025-premiacion-1\/\" rel=\"attachment wp-att-139008\"><img loading=\"lazy\" decoding=\"async\" class=\" wp-image-139008 alignleft\" src=\"https:\/\/revistaesperanzas.com\/web\/wp-content\/uploads\/2025\/10\/EXPO-AMBIENTE-2025-PREMIACION-1.jpg\" alt=\"\" width=\"500\" height=\"225\" srcset=\"https:\/\/revistaesperanzas.com\/web\/wp-content\/uploads\/2025\/10\/EXPO-AMBIENTE-2025-PREMIACION-1.jpg 1280w, https:\/\/revistaesperanzas.com\/web\/wp-content\/uploads\/2025\/10\/EXPO-AMBIENTE-2025-PREMIACION-1-933x420.jpg 933w, https:\/\/revistaesperanzas.com\/web\/wp-content\/uploads\/2025\/10\/EXPO-AMBIENTE-2025-PREMIACION-1-696x313.jpg 696w, https:\/\/revistaesperanzas.com\/web\/wp-content\/uploads\/2025\/10\/EXPO-AMBIENTE-2025-PREMIACION-1-1068x481.jpg 1068w\" sizes=\"auto, (max-width: 500px) 100vw, 500px\" \/><\/a><\/p>\n<p style=\"font-weight: 400;\">En la tarde del mi\u00e9rcoles como finalizaci\u00f3n de la 5\u00aa Edici\u00f3n de la exposici\u00f3n ambientalista organizada desde la Municipalidad de Goya, por medio de la Direcci\u00f3n de Recursos Naturales, dependiente de la Secretar\u00eda de Producci\u00f3n, se procedi\u00f3 a la entrega de los respectivos premios en las diferentes categor\u00edas participantes.<a href=\"https:\/\/revistaesperanzas.com\/web\/2025\/10\/expo-ambiente-2025\/expo-ambiente-2025-premiacion-2\/\" rel=\"attachment wp-att-139009\"><img loading=\"lazy\" decoding=\"async\" class=\" wp-image-139009 alignright\" src=\"https:\/\/revistaesperanzas.com\/web\/wp-content\/uploads\/2025\/10\/EXPO-AMBIENTE-2025-PREMIACION-2.jpg\" alt=\"\" width=\"500\" height=\"225\" srcset=\"https:\/\/revistaesperanzas.com\/web\/wp-content\/uploads\/2025\/10\/EXPO-AMBIENTE-2025-PREMIACION-2.jpg 1280w, https:\/\/revistaesperanzas.com\/web\/wp-content\/uploads\/2025\/10\/EXPO-AMBIENTE-2025-PREMIACION-2-933x420.jpg 933w, https:\/\/revistaesperanzas.com\/web\/wp-content\/uploads\/2025\/10\/EXPO-AMBIENTE-2025-PREMIACION-2-696x313.jpg 696w, https:\/\/revistaesperanzas.com\/web\/wp-content\/uploads\/2025\/10\/EXPO-AMBIENTE-2025-PREMIACION-2-1068x481.jpg 1068w\" sizes=\"auto, (max-width: 500px) 100vw, 500px\" \/><\/a><\/p>\n<p style=\"font-weight: 400;\">De la ceremonia de premiaci\u00f3n participaron el Secretario de Producci\u00f3n Valerio Ramirez, la Directora de Recursos Naturales Adriana Gomez Arizaga y quienes oficiaron de jurado Mirta Zone y Betina Tones, junto a directivos, docentes y estudiantes de los establecimientos educativos de los niveles inicial, primario y secundario que formaron parte de esta iniciativa.<a href=\"https:\/\/revistaesperanzas.com\/web\/2025\/10\/expo-ambiente-2025\/expo-ambiente-2025-premiacion-3\/\" rel=\"attachment wp-att-139010\"><img loading=\"lazy\" decoding=\"async\" class=\" wp-image-139010 alignleft\" src=\"https:\/\/revistaesperanzas.com\/web\/wp-content\/uploads\/2025\/10\/EXPO-AMBIENTE-2025-PREMIACION-3.jpg\" alt=\"\" width=\"500\" height=\"225\" srcset=\"https:\/\/revistaesperanzas.com\/web\/wp-content\/uploads\/2025\/10\/EXPO-AMBIENTE-2025-PREMIACION-3.jpg 1280w, https:\/\/revistaesperanzas.com\/web\/wp-content\/uploads\/2025\/10\/EXPO-AMBIENTE-2025-PREMIACION-3-933x420.jpg 933w, https:\/\/revistaesperanzas.com\/web\/wp-content\/uploads\/2025\/10\/EXPO-AMBIENTE-2025-PREMIACION-3-696x313.jpg 696w, https:\/\/revistaesperanzas.com\/web\/wp-content\/uploads\/2025\/10\/EXPO-AMBIENTE-2025-PREMIACION-3-1068x481.jpg 1068w\" sizes=\"auto, (max-width: 500px) 100vw, 500px\" \/><\/a><\/p>\n<p style=\"font-weight: 400;\">Del mismo modo se hizo entrega de los premios del Concurso Botellas de Amor, en las dos categor\u00edas 3 destinadas a escuelas y el 1 del cual participaron vecinos y familias de la ciudad.<\/p>\n<p style=\"font-weight: 400;\">Con la entrega de premios y reconocimientos a los establecimientos participantes, se dio por concluida la 5\u00aa Edici\u00f3n de la Expo Ambiente 2025.<a href=\"https:\/\/revistaesperanzas.com\/web\/2025\/10\/expo-ambiente-2025\/expo-ambiente-2025-premiacion-4\/\" rel=\"attachment wp-att-139011\"><img loading=\"lazy\" decoding=\"async\" class=\" wp-image-139011 alignright\" src=\"https:\/\/revistaesperanzas.com\/web\/wp-content\/uploads\/2025\/10\/EXPO-AMBIENTE-2025-PREMIACION-4.jpg\" alt=\"\" width=\"500\" height=\"225\" srcset=\"https:\/\/revistaesperanzas.com\/web\/wp-content\/uploads\/2025\/10\/EXPO-AMBIENTE-2025-PREMIACION-4.jpg 1280w, https:\/\/revistaesperanzas.com\/web\/wp-content\/uploads\/2025\/10\/EXPO-AMBIENTE-2025-PREMIACION-4-933x420.jpg 933w, https:\/\/revistaesperanzas.com\/web\/wp-content\/uploads\/2025\/10\/EXPO-AMBIENTE-2025-PREMIACION-4-696x313.jpg 696w, https:\/\/revistaesperanzas.com\/web\/wp-content\/uploads\/2025\/10\/EXPO-AMBIENTE-2025-PREMIACION-4-1068x481.jpg 1068w\" sizes=\"auto, (max-width: 500px) 100vw, 500px\" \/><\/a><\/p>\n<p style=\"font-weight: 400;\">GANADORES DE LA EXPO AMBIENTE<\/p>\n<p style=\"font-weight: 400;\">Nivel Inicial:<\/p>\n<p style=\"font-weight: 400;\">1\u00ba JIN Nro 10 \u201cBrujita Encantada\u201d (Salita de 5 a\u00f1os); con el Proyecto \u201c\u00c1rbol de Timbo\u201d, como dato el mencionado jard\u00edn de infantes este situado como anexo de la escuela del Paraje Soledad, se llev\u00f3 una orden de compras por 200 Mil Pesos, + un parlante y micr\u00f3fono.<a href=\"https:\/\/revistaesperanzas.com\/web\/2025\/10\/expo-ambiente-2025\/expo-ambiente-2025-premiacion-5\/\" rel=\"attachment wp-att-139012\"><img loading=\"lazy\" decoding=\"async\" class=\" wp-image-139012 alignleft\" src=\"https:\/\/revistaesperanzas.com\/web\/wp-content\/uploads\/2025\/10\/EXPO-AMBIENTE-2025-PREMIACION-5.jpg\" alt=\"\" width=\"500\" height=\"225\" srcset=\"https:\/\/revistaesperanzas.com\/web\/wp-content\/uploads\/2025\/10\/EXPO-AMBIENTE-2025-PREMIACION-5.jpg 1280w, https:\/\/revistaesperanzas.com\/web\/wp-content\/uploads\/2025\/10\/EXPO-AMBIENTE-2025-PREMIACION-5-933x420.jpg 933w, https:\/\/revistaesperanzas.com\/web\/wp-content\/uploads\/2025\/10\/EXPO-AMBIENTE-2025-PREMIACION-5-696x313.jpg 696w, https:\/\/revistaesperanzas.com\/web\/wp-content\/uploads\/2025\/10\/EXPO-AMBIENTE-2025-PREMIACION-5-1068x481.jpg 1068w\" sizes=\"auto, (max-width: 500px) 100vw, 500px\" \/><\/a><\/p>\n<p style=\"font-weight: 400;\">2\u00ba EJI N\u00famero 2 \u201cPanambi\u201d, con el Proyecto: \u201cReserva Natural\u201d se hizo acreedor de una orden de compra de 100 Mil Pesos.<\/p>\n<p style=\"font-weight: 400;\">3\u00ba Escuela Parroquial \u201cLa Rotonda\u201d con el Proyecto: \u201cLa Vida de las Abejas\u201d con un premio en orden de compra por 50 Mil Pesos.<a href=\"https:\/\/revistaesperanzas.com\/web\/2025\/10\/expo-ambiente-2025\/expo-ambiente-2025-premiacion-6\/\" rel=\"attachment wp-att-139013\"><img loading=\"lazy\" decoding=\"async\" class=\" wp-image-139013 alignright\" src=\"https:\/\/revistaesperanzas.com\/web\/wp-content\/uploads\/2025\/10\/EXPO-AMBIENTE-2025-PREMIACION-6.jpg\" alt=\"\" width=\"500\" height=\"225\" srcset=\"https:\/\/revistaesperanzas.com\/web\/wp-content\/uploads\/2025\/10\/EXPO-AMBIENTE-2025-PREMIACION-6.jpg 1280w, https:\/\/revistaesperanzas.com\/web\/wp-content\/uploads\/2025\/10\/EXPO-AMBIENTE-2025-PREMIACION-6-933x420.jpg 933w, https:\/\/revistaesperanzas.com\/web\/wp-content\/uploads\/2025\/10\/EXPO-AMBIENTE-2025-PREMIACION-6-696x313.jpg 696w, https:\/\/revistaesperanzas.com\/web\/wp-content\/uploads\/2025\/10\/EXPO-AMBIENTE-2025-PREMIACION-6-1068x481.jpg 1068w\" sizes=\"auto, (max-width: 500px) 100vw, 500px\" \/><\/a><\/p>\n<p style=\"font-weight: 400;\">Nivel Primario:<br \/>\nPrimer Ciclo:<\/p>\n<p style=\"font-weight: 400;\">1\u00ba Escuela 254 \u201cDr. Pedro Alc\u00e1ntara D\u00edaz Colodrero\u201d (alumnos del 2\u00ba grado), con el Proyecto: \u201cGota a Gota el Agua se Agota\u201d llevando la orden de compra por 200 Mil Pesos, + parlante y micr\u00f3fono.<\/p>\n<p style=\"font-weight: 400;\">2\u00ba Escuela Normal \u201cDr. Mariano I. Loza\u201d (alumnos de 3er grado), con el Proyecto:<a href=\"https:\/\/revistaesperanzas.com\/web\/2025\/10\/expo-ambiente-2025\/expo-ambiente-2025-premiacion-7\/\" rel=\"attachment wp-att-139014\"><img loading=\"lazy\" decoding=\"async\" class=\" wp-image-139014 alignleft\" src=\"https:\/\/revistaesperanzas.com\/web\/wp-content\/uploads\/2025\/10\/EXPO-AMBIENTE-2025-PREMIACION-7.jpg\" alt=\"\" width=\"500\" height=\"225\" srcset=\"https:\/\/revistaesperanzas.com\/web\/wp-content\/uploads\/2025\/10\/EXPO-AMBIENTE-2025-PREMIACION-7.jpg 1280w, https:\/\/revistaesperanzas.com\/web\/wp-content\/uploads\/2025\/10\/EXPO-AMBIENTE-2025-PREMIACION-7-933x420.jpg 933w, https:\/\/revistaesperanzas.com\/web\/wp-content\/uploads\/2025\/10\/EXPO-AMBIENTE-2025-PREMIACION-7-696x313.jpg 696w, https:\/\/revistaesperanzas.com\/web\/wp-content\/uploads\/2025\/10\/EXPO-AMBIENTE-2025-PREMIACION-7-1068x481.jpg 1068w\" sizes=\"auto, (max-width: 500px) 100vw, 500px\" \/><\/a> \u201cPeque\u00f1os Recicladores\u201d llevando una Orden de Compra por 100 Mil Pesos.<\/p>\n<p style=\"font-weight: 400;\">3\u00ba Escuela 511 \u201cPrefectura Naval Argentina\u201d (alumnos de 3er grado), con el Proyecto: \u201cBombas de semillas\u201d una Orden de Compra por 50 Mil Pesos.<\/p>\n<p style=\"font-weight: 400;\">Nivel Secundario:<a href=\"https:\/\/revistaesperanzas.com\/web\/2025\/10\/expo-ambiente-2025\/expo-ambiente-2025-premiacion-8\/\" rel=\"attachment wp-att-139015\"><img loading=\"lazy\" decoding=\"async\" class=\"wp-image-139015 alignright\" src=\"https:\/\/revistaesperanzas.com\/web\/wp-content\/uploads\/2025\/10\/EXPO-AMBIENTE-2025-PREMIACION-8.jpg\" alt=\"\" width=\"500\" height=\"225\" srcset=\"https:\/\/revistaesperanzas.com\/web\/wp-content\/uploads\/2025\/10\/EXPO-AMBIENTE-2025-PREMIACION-8.jpg 1280w, https:\/\/revistaesperanzas.com\/web\/wp-content\/uploads\/2025\/10\/EXPO-AMBIENTE-2025-PREMIACION-8-933x420.jpg 933w, https:\/\/revistaesperanzas.com\/web\/wp-content\/uploads\/2025\/10\/EXPO-AMBIENTE-2025-PREMIACION-8-696x313.jpg 696w, https:\/\/revistaesperanzas.com\/web\/wp-content\/uploads\/2025\/10\/EXPO-AMBIENTE-2025-PREMIACION-8-1068x481.jpg 1068w\" sizes=\"auto, (max-width: 500px) 100vw, 500px\" \/><\/a><\/p>\n<p style=\"font-weight: 400;\">1\u00ba Escuela T\u00e9cnica \u201cValentin Virasoro\u201d (estudiantes de 5\u00ba a\u00f1o), Proyecto: \u201cBiocl\u00e1stico\u201d, una Orden de Compra por 200 Mil Pesos + parlante y micr\u00f3fono.<\/p>\n<p style=\"font-weight: 400;\">2\u00ba Colegio Secundario \u201cGregoria Morales\u201d, con el Proyecto \u201cVerduras Frescas Directo a tu Casa\u201d, una Orden de Compra por 100 Mil Pesos.<a href=\"https:\/\/revistaesperanzas.com\/web\/?attachment_id=\" rel=\"attachment wp-att-139016\"><img loading=\"lazy\" decoding=\"async\" class=\" wp-image-139016 alignleft\" src=\"https:\/\/revistaesperanzas.com\/web\/wp-content\/uploads\/2025\/10\/EXPO-AMBIENTE-2025-PREMIACION-9-1.jpg\" alt=\"\" width=\"500\" height=\"225\" \/><\/a><\/p>\n<p style=\"font-weight: 400;\">3\u00ba Escuela T\u00e9cnica \u201cValentin Virasoro\u201d (estudiantes del 6\u00ba a\u00f1o), con el Proyecto: \u201cDel Arroz al Ladrillo, transformando Residuos en Construcci\u00f3n Sustentable\u201d una Orden de Compra por 50 Mil Pesos.<\/p>\n<p style=\"font-weight: 400;\">GANADORES DE BOTELLAS DE AMOR<\/p>\n<p style=\"font-weight: 400;\">En este caso las categor\u00edas establecidas en el concurso han sido 2 la 3: establecimientos educativos y la 1 Vecinos, familia.<a href=\"https:\/\/revistaesperanzas.com\/web\/2025\/10\/expo-ambiente-2025\/expo-ambiente-2025-premiacion-10-2\/\" rel=\"attachment wp-att-139021\"><img loading=\"lazy\" decoding=\"async\" class=\" wp-image-139021 alignright\" src=\"https:\/\/revistaesperanzas.com\/web\/wp-content\/uploads\/2025\/10\/EXPO-AMBIENTE-2025-PREMIACION-10-1.jpg\" alt=\"\" width=\"500\" height=\"225\" srcset=\"https:\/\/revistaesperanzas.com\/web\/wp-content\/uploads\/2025\/10\/EXPO-AMBIENTE-2025-PREMIACION-10-1.jpg 1600w, https:\/\/revistaesperanzas.com\/web\/wp-content\/uploads\/2025\/10\/EXPO-AMBIENTE-2025-PREMIACION-10-1-933x420.jpg 933w, https:\/\/revistaesperanzas.com\/web\/wp-content\/uploads\/2025\/10\/EXPO-AMBIENTE-2025-PREMIACION-10-1-696x313.jpg 696w, https:\/\/revistaesperanzas.com\/web\/wp-content\/uploads\/2025\/10\/EXPO-AMBIENTE-2025-PREMIACION-10-1-1068x481.jpg 1068w\" sizes=\"auto, (max-width: 500px) 100vw, 500px\" \/><\/a><\/p>\n<p style=\"font-weight: 400;\">Categor\u00eda 3<\/p>\n<p style=\"font-weight: 400;\">1\u00ba Escuela 197 \u201cManuel Antonio Pando\u201d: 177, 869 Kg en 622 Botellas,\u00a0 una Orden de Compra por 200 Mil Pesos.<\/p>\n<p style=\"font-weight: 400;\">2\u00ba Escuela 281 \u201cSof\u00eda Chalub\u201d: 139, 914 Kg en 557 Botellas,\u00a0 una Orden de Compra por 150 Mil Pesos.<\/p>\n<p style=\"font-weight: 400;\">3\u00ba Escuela 207 \u201cEnrique Carles Vila\u201d con 119, 969 Kg en 241 Botellas,\u00a0 una Orden de Compra por 100 Mil Pesos.<\/p>\n<p style=\"font-weight: 400;\">Categor\u00eda 1<\/p>\n<p style=\"font-weight: 400;\"><a href=\"https:\/\/revistaesperanzas.com\/web\/2025\/10\/expo-ambiente-2025\/expo-ambiente-2025-premiacion-11\/\" rel=\"attachment wp-att-139022\"><img loading=\"lazy\" decoding=\"async\" class=\" wp-image-139022 alignleft\" src=\"https:\/\/revistaesperanzas.com\/web\/wp-content\/uploads\/2025\/10\/EXPO-AMBIENTE-2025-PREMIACION-11.jpg\" alt=\"\" width=\"500\" height=\"225\" srcset=\"https:\/\/revistaesperanzas.com\/web\/wp-content\/uploads\/2025\/10\/EXPO-AMBIENTE-2025-PREMIACION-11.jpg 1280w, https:\/\/revistaesperanzas.com\/web\/wp-content\/uploads\/2025\/10\/EXPO-AMBIENTE-2025-PREMIACION-11-933x420.jpg 933w, https:\/\/revistaesperanzas.com\/web\/wp-content\/uploads\/2025\/10\/EXPO-AMBIENTE-2025-PREMIACION-11-696x313.jpg 696w, https:\/\/revistaesperanzas.com\/web\/wp-content\/uploads\/2025\/10\/EXPO-AMBIENTE-2025-PREMIACION-11-1068x481.jpg 1068w\" sizes=\"auto, (max-width: 500px) 100vw, 500px\" \/><\/a>1\u00ba Norma Pav\u00f3n; 48,270 Kg en 145 Botellas una Orden de Compra por 100 Mil Pesos<\/p>\n<p style=\"font-weight: 400;\">2\u00ba Patricia Docarmo; 22,172 Kg en 83 Botellas una Orden de Compra por 70 Mil Pesos.<\/p>\n<p style=\"font-weight: 400;\">3\u00ba Mar\u00eda Palacios; 14,704 Kg en 34 Botellas una Orden de Compra por 40 Mil Pesos.<\/p>\n<p style=\"font-weight: 400;\">Los directivos y docentes agradecieron por la generaci\u00f3n de este espacio, por la iniciativa de la exposici\u00f3n y concurso, se\u00f1alando que contribuye a aportar elementos desde el \u00e1mbito escolar para el cuidado del medio ambiente, asumir conductas responsables en la recolecci\u00f3n de residuos y permitir convertir a los estudiantes en agentes multiplicadores de todo este conocimiento.<a href=\"https:\/\/revistaesperanzas.com\/web\/2025\/10\/expo-ambiente-2025\/expo-ambiente-2025-premiacion-12\/\" rel=\"attachment wp-att-139023\"><img loading=\"lazy\" decoding=\"async\" class=\" wp-image-139023 alignright\" src=\"https:\/\/revistaesperanzas.com\/web\/wp-content\/uploads\/2025\/10\/EXPO-AMBIENTE-2025-PREMIACION-12.jpg\" alt=\"\" width=\"500\" height=\"225\" srcset=\"https:\/\/revistaesperanzas.com\/web\/wp-content\/uploads\/2025\/10\/EXPO-AMBIENTE-2025-PREMIACION-12.jpg 1280w, https:\/\/revistaesperanzas.com\/web\/wp-content\/uploads\/2025\/10\/EXPO-AMBIENTE-2025-PREMIACION-12-933x420.jpg 933w, https:\/\/revistaesperanzas.com\/web\/wp-content\/uploads\/2025\/10\/EXPO-AMBIENTE-2025-PREMIACION-12-696x313.jpg 696w, https:\/\/revistaesperanzas.com\/web\/wp-content\/uploads\/2025\/10\/EXPO-AMBIENTE-2025-PREMIACION-12-1068x481.jpg 1068w\" sizes=\"auto, (max-width: 500px) 100vw, 500px\" \/><\/a><\/p>\n<p style=\"font-weight: 400;\">Para concluir desde la Direcci\u00f3n de Recursos Naturales, se hizo entrega de menciones a modo de reconocimiento por el trabajo, esfuerzo, dedicaci\u00f3n en la elaboraci\u00f3n de los materiales, recopilaci\u00f3n de informaci\u00f3n que se brind\u00f3 en la jornada ambientalista a todas las instituciones educativas participantes.<\/p>\n","protected":false},"excerpt":{"rendered":"<p>Entrega de premios y reconocimientos a los participantes del concurso ambiental y Botellas de Amor En la tarde del mi\u00e9rcoles como finalizaci\u00f3n de la 5\u00aa Edici\u00f3n de la exposici\u00f3n ambientalista organizada desde la Municipalidad de Goya, por medio de la Direcci\u00f3n de Recursos Naturales, dependiente de la Secretar\u00eda de Producci\u00f3n, se procedi\u00f3 a la entrega [&hellip;]<\/p>\n","protected":false},"author":4,"featured_media":139019,"comment_status":"closed","ping_status":"closed","sticky":false,"template":"","format":"standard","meta":{"footnotes":""},"categories":[45],"tags":[],"class_list":{"0":"post-139007","1":"post","2":"type-post","3":"status-publish","4":"format-standard","5":"has-post-thumbnail","7":"category-locales"},"_links":{"self":[{"href":"https:\/\/revistaesperanzas.com\/web\/wp-json\/wp\/v2\/posts\/139007","targetHints":{"allow":["GET"]}}],"collection":[{"href":"https:\/\/revistaesperanzas.com\/web\/wp-json\/wp\/v2\/posts"}],"about":[{"href":"https:\/\/revistaesperanzas.com\/web\/wp-json\/wp\/v2\/types\/post"}],"author":[{"embeddable":true,"href":"https:\/\/revistaesperanzas.com\/web\/wp-json\/wp\/v2\/users\/4"}],"replies":[{"embeddable":true,"href":"https:\/\/revistaesperanzas.com\/web\/wp-json\/wp\/v2\/comments?post=139007"}],"version-history":[{"count":0,"href":"https:\/\/revistaesperanzas.com\/web\/wp-json\/wp\/v2\/posts\/139007\/revisions"}],"wp:featuredmedia":[{"embeddable":true,"href":"https:\/\/revistaesperanzas.com\/web\/wp-json\/wp\/v2\/media\/139019"}],"wp:attachment":[{"href":"https:\/\/revistaesperanzas.com\/web\/wp-json\/wp\/v2\/media?parent=139007"}],"wp:term":[{"taxonomy":"category","embeddable":true,"href":"https:\/\/revistaesperanzas.com\/web\/wp-json\/wp\/v2\/categories?post=139007"},{"taxonomy":"post_tag","embeddable":true,"href":"https:\/\/revistaesperanzas.com\/web\/wp-json\/wp\/v2\/tags?post=139007"}],"curies":[{"name":"wp","href":"https:\/\/api.w.org\/{rel}","templated":true}]}}