{"id":139029,"date":"2025-10-29T21:35:46","date_gmt":"2025-10-30T00:35:46","guid":{"rendered":"https:\/\/revistaesperanzas.com\/web\/?p=139029"},"modified":"2025-10-29T21:35:46","modified_gmt":"2025-10-30T00:35:46","slug":"servicio-penitenciario","status":"publish","type":"post","link":"https:\/\/revistaesperanzas.com\/web\/2025\/10\/servicio-penitenciario\/","title":{"rendered":"SERVICIO PENITENCIARIO"},"content":{"rendered":"<p style=\"font-weight: 400;\">Unidad Penal 8 de Goya<\/p>\n<p style=\"font-weight: 400;\">El jueves 30 se realizar\u00e1 el acto Institucional en dependencias de la Unidad con asiento en nuestra ciudad.<\/p>\n<p style=\"font-weight: 400;\">El Director Alcaide Mayor Diego Dumullar invita a la comunidad a participar del acto, a realizarse a partir de las 9 y 30 horas en esa dependencia policial.<\/p>\n<p style=\"font-weight: 400;\">Durante la ceremonia institucional se reconocer\u00e1 y destacar\u00e1 al personal destacado con premios al m\u00e9rito y compromiso laboral, como muestra a la dedicaci\u00f3n diaria para contribuir al cumplimiento de la misi\u00f3n asignada.<\/p>\n<p style=\"font-weight: 400;\">En declaraciones radiales el Alcaide Mayor adelant\u00f3 que durante el acto se presentar\u00e1 una obra de teatro interpretadas por personas privadas de su libertad, como parte de las actividades de reinserci\u00f3n social, \u201creflejando valores de superaci\u00f3n, esperanza y reconstrucci\u00f3n personal promovidos desde la Instituci\u00f3n\u201d<a href=\"https:\/\/revistaesperanzas.com\/web\/2025\/10\/servicio-penitenciario\/ilustracion-nota-a-director-alcaide-mayor-diego-dumullar-1\/\" rel=\"attachment wp-att-139031\"><img loading=\"lazy\" decoding=\"async\" class=\" wp-image-139031 alignright\" src=\"https:\/\/revistaesperanzas.com\/web\/wp-content\/uploads\/2025\/10\/ilustracion-nota-a-Director-Alcaide-Mayor-Diego-Dumullar-1.jpg\" alt=\"\" width=\"500\" height=\"668\" \/><\/a><\/p>\n<p style=\"font-weight: 400;\">En el contacto con la prensa indic\u00f3: \u201cSe har\u00e1n entrega de los certificados de finalizaci\u00f3n de los talleres de oficios, en Electricidad ofrecido por la Direcci\u00f3n de Empleo de la Municipalidad de Goya, invitamos a la comunidad a acompa\u00f1arnos, hemos cursado las invitaciones a las autoridades, funcionarios municipales, de las otras fuerzas de seguridad para que est\u00e9n presentes en este acto\u201d<\/p>\n<p style=\"font-weight: 400;\">Nuestro principal Objetivo es otorgar la dignificaci\u00f3n como personas a cada uno de los internos\u201d Afirm\u00f3 Diego Dumullar.<\/p>\n<p style=\"font-weight: 400;\">ACTIVIDADES CULTURALES, RECREATIVAS Y DEPORTIVAS<\/p>\n<p style=\"font-weight: 400;\">El funcionario policial, consultado sobre las actividades sociales, culturales y deportivas desarrolladas en la Unidad Penal, destac\u00f3: \u201cLa expresi\u00f3n del arte, por medio del concurso Creando Libertad, es importante a liberar muchas emociones, con trabajos expuestos demostraron una gran capacidad, ratificado por las evaluaciones hecha por los integrantes del jurado, plasmando en el dibujo todas las situaciones experimentadas por los &#8220;internos \u201c\u201d proyectando su futura reinserci\u00f3n social.\u201d<\/p>\n<p style=\"font-weight: 400;\">\u201cLa parte recreativa es parte de la educaci\u00f3n, en ese sentido hicimos una competencia deportiva en nuestra dependencia, un mini torneo de f\u00fatbol 5 culminando en la jornada del mi\u00e9rcoles, con la entrega de presentes a los ganadores, es para resaltar la actitud y comportamiento en un contexto de encierro.\u201d Comento el Alcaide<\/p>\n<p style=\"font-weight: 400;\">TALLERES DE OFICIOS<\/p>\n<p style=\"font-weight: 400;\">Sobre los talleres de oficio ofrecido por parte de la Municipalidad a trav\u00e9s de la Direcci\u00f3n de Empleo, se\u00f1alo: \u201cHemos concluido una serie de capacitaciones, en nuestro acto haremos entrega de los certificados en Instalaci\u00f3n El\u00e9ctrica como una oportunidad para generar recursos, hay algunos \u201creclusos\u201d, que est\u00e1n pr\u00f3ximos a recuperar la libertad, entendemos que es un buen elemento para esas personas.<\/p>\n<p style=\"font-weight: 400;\">ACTO INSTITUCIONAL DEL SERVICIO PENITENCIARIO EN GOYA<\/p>\n<p style=\"font-weight: 400;\">El Alcaide Director Mayor sobre el acto institucional a realizarse el jueves 30, a las 9 y 30, explico: \u201cEl servicio penitenciario el pasado 9 de octubre cumpli\u00f3 40 a\u00f1os de funciones, eso se realiz\u00f3 en la capital correntina, de all\u00ed nuestra decisi\u00f3n de hacer esta ceremonia el jueves, con el objetivo de reconocer la labor y trabajo de nuestro personal, nos parece significativo hacer este reconocimiento p\u00fablico, desde la mirada en este tratamiento de lograr la reinserci\u00f3n social de la mejor manera posible, un aspecto fundamental es posibilitar que cuando salgan en libertad sean mejores personas despu\u00e9s de cumplir con la condena impuesta por la Justicia.\u201d<\/p>\n<p style=\"font-weight: 400;\">En el di\u00e1logo radial, reconoci\u00f3 la articulaci\u00f3n con la Municipalidad: \u201cDesde hace un a\u00f1o y medio venimos trabajando en esta relaci\u00f3n interinstitucional, adem\u00e1s de aprender un oficio, una t\u00e9cnica, con la Direcci\u00f3n de Promoci\u00f3n Social, logramos que puedan primero exhibir sus trabajos, ahora con la autorizaci\u00f3n correspondiente ellos mismos ferian en la Plaza Mitre esas elaboraciones artesanales.<\/p>\n<p style=\"font-weight: 400;\">Finalmente el Alcaide Director Mayor Diego Dumullar, record\u00f3: \u201cInvitamos a la comunidad a participar de este acto, los esperamos para que vean, conozcan la misi\u00f3n que llevamos adelante, la idea es pasar bien este momento de compartir, esto engloba en algo particular que sientan la dignidad como personas, valorados, con esos Tips, lo har\u00e1 recapacitar para proyectar su vida en la reinserci\u00f3n social, agradeciendo a las instituciones, a la Municipalidad por acompa\u00f1ar estos proyectos, programas destinados a los internos.\u201d<\/p>\n","protected":false},"excerpt":{"rendered":"<p>Unidad Penal 8 de Goya El jueves 30 se realizar\u00e1 el acto Institucional en dependencias de la Unidad con asiento en nuestra ciudad. El Director Alcaide Mayor Diego Dumullar invita a la comunidad a participar del acto, a realizarse a partir de las 9 y 30 horas en esa dependencia policial. Durante la ceremonia institucional [&hellip;]<\/p>\n","protected":false},"author":4,"featured_media":139030,"comment_status":"closed","ping_status":"closed","sticky":false,"template":"","format":"standard","meta":{"footnotes":""},"categories":[45],"tags":[],"class_list":{"0":"post-139029","1":"post","2":"type-post","3":"status-publish","4":"format-standard","5":"has-post-thumbnail","7":"category-locales"},"_links":{"self":[{"href":"https:\/\/revistaesperanzas.com\/web\/wp-json\/wp\/v2\/posts\/139029","targetHints":{"allow":["GET"]}}],"collection":[{"href":"https:\/\/revistaesperanzas.com\/web\/wp-json\/wp\/v2\/posts"}],"about":[{"href":"https:\/\/revistaesperanzas.com\/web\/wp-json\/wp\/v2\/types\/post"}],"author":[{"embeddable":true,"href":"https:\/\/revistaesperanzas.com\/web\/wp-json\/wp\/v2\/users\/4"}],"replies":[{"embeddable":true,"href":"https:\/\/revistaesperanzas.com\/web\/wp-json\/wp\/v2\/comments?post=139029"}],"version-history":[{"count":0,"href":"https:\/\/revistaesperanzas.com\/web\/wp-json\/wp\/v2\/posts\/139029\/revisions"}],"wp:featuredmedia":[{"embeddable":true,"href":"https:\/\/revistaesperanzas.com\/web\/wp-json\/wp\/v2\/media\/139030"}],"wp:attachment":[{"href":"https:\/\/revistaesperanzas.com\/web\/wp-json\/wp\/v2\/media?parent=139029"}],"wp:term":[{"taxonomy":"category","embeddable":true,"href":"https:\/\/revistaesperanzas.com\/web\/wp-json\/wp\/v2\/categories?post=139029"},{"taxonomy":"post_tag","embeddable":true,"href":"https:\/\/revistaesperanzas.com\/web\/wp-json\/wp\/v2\/tags?post=139029"}],"curies":[{"name":"wp","href":"https:\/\/api.w.org\/{rel}","templated":true}]}}