{"id":139036,"date":"2025-10-30T09:12:00","date_gmt":"2025-10-30T12:12:00","guid":{"rendered":"https:\/\/revistaesperanzas.com\/web\/?p=139036"},"modified":"2025-10-30T09:12:00","modified_gmt":"2025-10-30T12:12:00","slug":"nueva-inauguracion-de-calle-de-pavimento-en-hormigon-armado","status":"publish","type":"post","link":"https:\/\/revistaesperanzas.com\/web\/2025\/10\/nueva-inauguracion-de-calle-de-pavimento-en-hormigon-armado\/","title":{"rendered":"NUEVA INAUGURACI\u00d3N DE CALLE DE PAVIMENTO EN HORMIG\u00d3N ARMADO"},"content":{"rendered":"<p style=\"font-weight: 400;\">EN EL BARRIO G\u00dcEMES EL INTENDENTE JUNTO A VECINOS Y FUNCIONARIOS DEJ\u00d3 INAUGURADA NUEVA OBRA DE PAVIMENTO<a href=\"https:\/\/revistaesperanzas.com\/web\/2025\/10\/nueva-inauguracion-de-calle-de-pavimento-en-hormigon-armado\/calle-nestor-kirchner-barrio-guemes-5-alberto-lopez\/\" rel=\"attachment wp-att-139038\"><img loading=\"lazy\" decoding=\"async\" class=\" wp-image-139038 alignleft\" src=\"https:\/\/revistaesperanzas.com\/web\/wp-content\/uploads\/2025\/10\/calle-Nestor-Kirchner-Barrio-Guemes-5-Alberto-Lopez.jpg\" alt=\"\" width=\"500\" height=\"333\" srcset=\"https:\/\/revistaesperanzas.com\/web\/wp-content\/uploads\/2025\/10\/calle-Nestor-Kirchner-Barrio-Guemes-5-Alberto-Lopez.jpg 1280w, https:\/\/revistaesperanzas.com\/web\/wp-content\/uploads\/2025\/10\/calle-Nestor-Kirchner-Barrio-Guemes-5-Alberto-Lopez-630x420.jpg 630w, https:\/\/revistaesperanzas.com\/web\/wp-content\/uploads\/2025\/10\/calle-Nestor-Kirchner-Barrio-Guemes-5-Alberto-Lopez-696x464.jpg 696w, https:\/\/revistaesperanzas.com\/web\/wp-content\/uploads\/2025\/10\/calle-Nestor-Kirchner-Barrio-Guemes-5-Alberto-Lopez-1068x712.jpg 1068w\" sizes=\"auto, (max-width: 500px) 100vw, 500px\" \/><\/a><\/p>\n<p style=\"font-weight: 400;\">Cumpliendo con el cronograma establecido por medio de este programa basado como el gran capital, la Mutua Confianza, el \u201cMita y Mita\u201d en la noche del mi\u00e9rcoles el Mandatario Local dej\u00f3 inaugurado el pavimento en hormig\u00f3n armado en calle N\u00e9stor Kirchner, entre San Juan y Jujuy de nuestra ciudad.<a href=\"https:\/\/revistaesperanzas.com\/web\/2025\/10\/nueva-inauguracion-de-calle-de-pavimento-en-hormigon-armado\/calle-nestor-kirchner-barrio-guemes-3\/\" rel=\"attachment wp-att-139039\"><img loading=\"lazy\" decoding=\"async\" class=\" wp-image-139039 alignright\" src=\"https:\/\/revistaesperanzas.com\/web\/wp-content\/uploads\/2025\/10\/calle-Nestor-Kirchner-Barrio-Guemes-3.jpg\" alt=\"\" width=\"500\" height=\"333\" srcset=\"https:\/\/revistaesperanzas.com\/web\/wp-content\/uploads\/2025\/10\/calle-Nestor-Kirchner-Barrio-Guemes-3.jpg 1280w, https:\/\/revistaesperanzas.com\/web\/wp-content\/uploads\/2025\/10\/calle-Nestor-Kirchner-Barrio-Guemes-3-630x420.jpg 630w, https:\/\/revistaesperanzas.com\/web\/wp-content\/uploads\/2025\/10\/calle-Nestor-Kirchner-Barrio-Guemes-3-696x464.jpg 696w, https:\/\/revistaesperanzas.com\/web\/wp-content\/uploads\/2025\/10\/calle-Nestor-Kirchner-Barrio-Guemes-3-1068x712.jpg 1068w\" sizes=\"auto, (max-width: 500px) 100vw, 500px\" \/><\/a><\/p>\n<p style=\"font-weight: 400;\">Como en cada inauguraci\u00f3n el Intendente Mariano Hormaechea junto a los vecinos del Barrio G\u00fcemes, procedieron a la plantaci\u00f3n de varias especies arb\u00f3reas, cedidas por el Vivero Municipal, con el compromiso asumido por los vecinos del cuidado de estas especies, que no solo sirven para embellecer el barrio sino otorgando los beneficios del \u00e1rbol para los vecinos.<\/p>\n<p style=\"font-weight: 400;\">El acto de inauguraci\u00f3n fue el \u00e1mbito propicio para que el Intendente Mariano Hormaechea<a href=\"https:\/\/revistaesperanzas.com\/web\/2025\/10\/nueva-inauguracion-de-calle-de-pavimento-en-hormigon-armado\/calle-nestor-kirchner-barrio-guemes-4-carolina-esquenon\/\" rel=\"attachment wp-att-139040\"><img loading=\"lazy\" decoding=\"async\" class=\" wp-image-139040 alignleft\" src=\"https:\/\/revistaesperanzas.com\/web\/wp-content\/uploads\/2025\/10\/calle-Nestor-Kirchner-Barrio-Guemes-4-Carolina-Esquenon.jpg\" alt=\"\" width=\"500\" height=\"333\" srcset=\"https:\/\/revistaesperanzas.com\/web\/wp-content\/uploads\/2025\/10\/calle-Nestor-Kirchner-Barrio-Guemes-4-Carolina-Esquenon.jpg 1280w, https:\/\/revistaesperanzas.com\/web\/wp-content\/uploads\/2025\/10\/calle-Nestor-Kirchner-Barrio-Guemes-4-Carolina-Esquenon-630x420.jpg 630w, https:\/\/revistaesperanzas.com\/web\/wp-content\/uploads\/2025\/10\/calle-Nestor-Kirchner-Barrio-Guemes-4-Carolina-Esquenon-696x464.jpg 696w, https:\/\/revistaesperanzas.com\/web\/wp-content\/uploads\/2025\/10\/calle-Nestor-Kirchner-Barrio-Guemes-4-Carolina-Esquenon-1068x712.jpg 1068w\" sizes=\"auto, (max-width: 500px) 100vw, 500px\" \/><\/a> invitara a los vecinos a \u201cParticipar del Acto Institucional el pr\u00f3ximo 9 de noviembre en Plaza Mitre como el punto inicial de la actividad de Goya, registrada en Documento P\u00fablico.\u201d<\/p>\n<p style=\"font-weight: 400;\">Junto al Intendente Municipal, acompa\u00f1aron el acto de inauguraci\u00f3n de la cuadra N\u00e9stor Kirchner del Barrio G\u00fcemes, el Vicepresidente 1\u00ba del HCD Marcelo Frattini, la Vicepresidente 2\u00ba del HCD Viv\u00edan Merlo, el Diputado Provincial Jes\u00fas M\u00e9ndez Vernengo; el Subsecretario de Turismo Oscar Macias, presidentes de comisiones barriales, funcionarios municipales, provinciales, concejales, y los vecinos del mencionado barrio de nuestra ciudad.<a href=\"https:\/\/revistaesperanzas.com\/web\/2025\/10\/nueva-inauguracion-de-calle-de-pavimento-en-hormigon-armado\/calle-nestor-kirchner-barrio-guemes-2\/\" rel=\"attachment wp-att-139041\"><img loading=\"lazy\" decoding=\"async\" class=\" wp-image-139041 alignright\" src=\"https:\/\/revistaesperanzas.com\/web\/wp-content\/uploads\/2025\/10\/calle-Nestor-Kirchner-Barrio-Guemes-2.jpg\" alt=\"\" width=\"500\" height=\"333\" srcset=\"https:\/\/revistaesperanzas.com\/web\/wp-content\/uploads\/2025\/10\/calle-Nestor-Kirchner-Barrio-Guemes-2.jpg 1280w, https:\/\/revistaesperanzas.com\/web\/wp-content\/uploads\/2025\/10\/calle-Nestor-Kirchner-Barrio-Guemes-2-630x420.jpg 630w, https:\/\/revistaesperanzas.com\/web\/wp-content\/uploads\/2025\/10\/calle-Nestor-Kirchner-Barrio-Guemes-2-696x464.jpg 696w, https:\/\/revistaesperanzas.com\/web\/wp-content\/uploads\/2025\/10\/calle-Nestor-Kirchner-Barrio-Guemes-2-1068x712.jpg 1068w\" sizes=\"auto, (max-width: 500px) 100vw, 500px\" \/><\/a><\/p>\n<p style=\"font-weight: 400;\">MARIANO HORMAECHEA<\/p>\n<p style=\"font-weight: 400;\">El Intendente Mariano Hormaechea, agradeci\u00f3 el acompa\u00f1amiento de funcionarios provinciales, municipales, legisladores, concejales, vecinos, para asegurar: \u201cLos agradecidos somos nosotros de representar este proyecto pol\u00edtico, de continuar con este programa, que consideramos es un s\u00edmbolo de nuestra ciudad y de la gesti\u00f3n, estamos llegando a las 80 cuadras pavimentadas, de las 100 proyectadas, en esta segunda etapa, con el objetivo de mejorar la calidad de vida de nuestros vecinos, ratificada esta confianza para avanzar en el sentido de pavimentar las calles de nuestra ciudad, sumando al cord\u00f3n cuneta, que es parte de este programa.\u201d<a href=\"https:\/\/revistaesperanzas.com\/web\/2025\/10\/nueva-inauguracion-de-calle-de-pavimento-en-hormigon-armado\/calle-nestor-kirchner-barrio-guemes-6-fernando-rodriguez\/\" rel=\"attachment wp-att-139042\"><img loading=\"lazy\" decoding=\"async\" class=\" wp-image-139042 alignleft\" src=\"https:\/\/revistaesperanzas.com\/web\/wp-content\/uploads\/2025\/10\/calle-Nestor-Kirchner-Barrio-Guemes-6-Fernando-Rodriguez.jpg\" alt=\"\" width=\"500\" height=\"333\" srcset=\"https:\/\/revistaesperanzas.com\/web\/wp-content\/uploads\/2025\/10\/calle-Nestor-Kirchner-Barrio-Guemes-6-Fernando-Rodriguez.jpg 1280w, https:\/\/revistaesperanzas.com\/web\/wp-content\/uploads\/2025\/10\/calle-Nestor-Kirchner-Barrio-Guemes-6-Fernando-Rodriguez-630x420.jpg 630w, https:\/\/revistaesperanzas.com\/web\/wp-content\/uploads\/2025\/10\/calle-Nestor-Kirchner-Barrio-Guemes-6-Fernando-Rodriguez-696x464.jpg 696w, https:\/\/revistaesperanzas.com\/web\/wp-content\/uploads\/2025\/10\/calle-Nestor-Kirchner-Barrio-Guemes-6-Fernando-Rodriguez-1068x712.jpg 1068w\" sizes=\"auto, (max-width: 500px) 100vw, 500px\" \/><\/a><\/p>\n<p style=\"font-weight: 400;\">En sus palabras el Jefe Comunal, se\u00f1alo: \u201cEsto mejora la conectividad de los barrios, con el centro de la ciudad, esto es algo que tenemos planificados desde la gesti\u00f3n, por eso la pavimentaci\u00f3n de la calle Brasil, estamos a dos cuadras de llegar a la Mazzanti, con esfuerzo propio, con los recursos municipales, sumando otras arterias como la Jujuy, venimos trabajando con los concejales, para redise\u00f1ar el sentido de estas calles para ordenar el tr\u00e1nsito, el gran desaf\u00edo que tenemos los goyanos, es el planteo que hacemos hacia adelante.<\/p>\n<p style=\"font-weight: 400;\">\u201cExiste expectativas en relaci\u00f3n a la tercera etapa del \u201cMita y Mita\u201d con este n\u00famero de 100 cuadras a pavimentar, al igual que el cord\u00f3n cuneta, todav\u00eda existe disponibles cupos, al igual el programa Tu Vereda que estamos alrededor de los 400 vecinos inscriptos sobre<a href=\"https:\/\/revistaesperanzas.com\/web\/2025\/10\/nueva-inauguracion-de-calle-de-pavimento-en-hormigon-armado\/calle-nestor-kirchner-barrio-guemes-7\/\" rel=\"attachment wp-att-139043\"><img loading=\"lazy\" decoding=\"async\" class=\" wp-image-139043 alignright\" src=\"https:\/\/revistaesperanzas.com\/web\/wp-content\/uploads\/2025\/10\/calle-Nestor-Kirchner-Barrio-Guemes-7.jpg\" alt=\"\" width=\"500\" height=\"333\" srcset=\"https:\/\/revistaesperanzas.com\/web\/wp-content\/uploads\/2025\/10\/calle-Nestor-Kirchner-Barrio-Guemes-7.jpg 1280w, https:\/\/revistaesperanzas.com\/web\/wp-content\/uploads\/2025\/10\/calle-Nestor-Kirchner-Barrio-Guemes-7-630x420.jpg 630w, https:\/\/revistaesperanzas.com\/web\/wp-content\/uploads\/2025\/10\/calle-Nestor-Kirchner-Barrio-Guemes-7-696x464.jpg 696w, https:\/\/revistaesperanzas.com\/web\/wp-content\/uploads\/2025\/10\/calle-Nestor-Kirchner-Barrio-Guemes-7-1068x712.jpg 1068w\" sizes=\"auto, (max-width: 500px) 100vw, 500px\" \/><\/a> los 500 dispuestos, a los vecinos quiero transmitirle una vez concluidas las obras de la segunda fase, estaremos iniciando la tercera etapa de este programa\u201d Adelant\u00f3 el Mandatario Local<\/p>\n<p style=\"font-weight: 400;\">En el final de su alocuci\u00f3n, coment\u00f3 a los vecinos: \u201cVenimos trabajando con el Concejo Deliberante, cultura otras \u00e1reas para la celebraci\u00f3n institucional, el 9 de noviembre donde pondremos el valor de la primera radicaci\u00f3n de Goya, para contribuir a revalorizar la identidad, sentido de pertenencia, contar con un punto de inicio para la construcci\u00f3n de la ciudad hacia el futuro, por eso el agradecimiento al HCD por sumarse a esta iniciativa, nos reunimos con todos los sectores sociales por eso invitamos a este acto institucional, no buscamos fecha de fundaci\u00f3n, sino una fecha de inicio, de la primera radicaci\u00f3n de Goya, registrada en un Documento P\u00fablico, no venimos a sacarle nada a nadie, esto suma,<a href=\"https:\/\/revistaesperanzas.com\/web\/2025\/10\/nueva-inauguracion-de-calle-de-pavimento-en-hormigon-armado\/calle-nestor-kirchner-barrio-guemes-8\/\" rel=\"attachment wp-att-139044\"><img loading=\"lazy\" decoding=\"async\" class=\" wp-image-139044 alignleft\" src=\"https:\/\/revistaesperanzas.com\/web\/wp-content\/uploads\/2025\/10\/calle-Nestor-Kirchner-Barrio-Guemes-8.jpg\" alt=\"\" width=\"500\" height=\"333\" srcset=\"https:\/\/revistaesperanzas.com\/web\/wp-content\/uploads\/2025\/10\/calle-Nestor-Kirchner-Barrio-Guemes-8.jpg 1280w, https:\/\/revistaesperanzas.com\/web\/wp-content\/uploads\/2025\/10\/calle-Nestor-Kirchner-Barrio-Guemes-8-630x420.jpg 630w, https:\/\/revistaesperanzas.com\/web\/wp-content\/uploads\/2025\/10\/calle-Nestor-Kirchner-Barrio-Guemes-8-696x464.jpg 696w, https:\/\/revistaesperanzas.com\/web\/wp-content\/uploads\/2025\/10\/calle-Nestor-Kirchner-Barrio-Guemes-8-1068x712.jpg 1068w\" sizes=\"auto, (max-width: 500px) 100vw, 500px\" \/><\/a> reivindica nuestra historia, estar\u00e1 representada en ese 9 de noviembre, invitamos a los vecinos para estar en este acto institucional en nuestra Plaza Mitre\u201d<\/p>\n<p style=\"font-weight: 400;\">Comprometiendo a los vecinos a que: \u201cSigamos trabajando juntos, en equipo, hacia adelante que permita desarrollar cada d\u00eda a Goya y que sea m\u00e1s hermosa.<\/p>\n<p style=\"font-weight: 400;\">CAROLINA ESQUENON<\/p>\n<p style=\"font-weight: 400;\">En nombre de los frentistas, que crearon su subcomisi\u00f3n pro asfalto Carolina Esquenon, manifest\u00f3: \u201cQuiero agradecer, a las vecinas, a cada familia, por el trabajo, a mi hermana Karina, a los trabajadores, al Intendente por recibirnos desde el primer minuto cuando planteamos esta necesidad, qued\u00f3 hermosa nuestra cuadra.\u201d<\/p>\n<p style=\"font-weight: 400;\">ALBERTO LOPEZ<\/p>\n<p style=\"font-weight: 400;\">El vecino frentista de la cuadra inaugurada Alberto Lopez, destac\u00f3: \u201cEs un anhelo muy importante y demandado por los vecinos, para mejorar la accesibilidad hacia el centro, nosotros al transitar diariamente por este lugar nos tornaba dif\u00edcil en los d\u00edas de lluvia, gracias a todos por este esfuerzo, invito a los vecinos, as\u00ed como nos reunimos para este asfalto a juntarnos para organizar y tener nuestra comisi\u00f3n directiva, gracias y resalt\u00f3 el acompa\u00f1amiento de Jos\u00e9 Casco\u201d<\/p>\n<p style=\"font-weight: 400;\">FERNANDO RODRIGUEZ<a href=\"https:\/\/revistaesperanzas.com\/web\/2025\/10\/nueva-inauguracion-de-calle-de-pavimento-en-hormigon-armado\/calle-nestor-kirchner-barrio-guemes-9\/\" rel=\"attachment wp-att-139045\"><img loading=\"lazy\" decoding=\"async\" class=\" wp-image-139045 alignright\" src=\"https:\/\/revistaesperanzas.com\/web\/wp-content\/uploads\/2025\/10\/calle-Nestor-Kirchner-Barrio-Guemes-9.jpg\" alt=\"\" width=\"500\" height=\"333\" srcset=\"https:\/\/revistaesperanzas.com\/web\/wp-content\/uploads\/2025\/10\/calle-Nestor-Kirchner-Barrio-Guemes-9.jpg 1280w, https:\/\/revistaesperanzas.com\/web\/wp-content\/uploads\/2025\/10\/calle-Nestor-Kirchner-Barrio-Guemes-9-630x420.jpg 630w, https:\/\/revistaesperanzas.com\/web\/wp-content\/uploads\/2025\/10\/calle-Nestor-Kirchner-Barrio-Guemes-9-696x464.jpg 696w, https:\/\/revistaesperanzas.com\/web\/wp-content\/uploads\/2025\/10\/calle-Nestor-Kirchner-Barrio-Guemes-9-1068x712.jpg 1068w\" sizes=\"auto, (max-width: 500px) 100vw, 500px\" \/><\/a><\/p>\n<p style=\"font-weight: 400;\">El Director de Recursos Humanos Fernando Rodr\u00edguez, tras felicitar por la uni\u00f3n de los vecinos por este logro, afirm\u00f3: \u201cEste programa \u201cMita y Mita\u201d es un emblema de esta administraci\u00f3n municipal, iniciada en la gesti\u00f3n del Lic. Ignacio Osella, continua con el liderazgo de Mariano Hormaechea, nos sentimos orgullosos de seguir inaugurando obras, desde mi funci\u00f3n, valoro el trabajo de los agentes municipales, esos recursos humanos son parte fundamental de este equipo, de este espacio pol\u00edtico, nosotros estamos trabajando para optimizar esos recursos, con la confianza otorgada por los vecinos nos confiere una responsabilidad, para redoblar los esfuerzos con el prop\u00f3sito de seguir avanzando, en estos ejes modernizaci\u00f3n, desarrollo e inclusi\u00f3n, este es el desaf\u00edo hacia adelante ratificar este rumbo con el liderazgo de Mariano (Hormaechea), organ\u00edcense para continuar por este camino trabajar juntos, en equipo.\u201d<\/p>\n<p style=\"font-weight: 400;\">CORTE DE CINTAS<a href=\"https:\/\/revistaesperanzas.com\/web\/2025\/10\/nueva-inauguracion-de-calle-de-pavimento-en-hormigon-armado\/calle-nestor-kirchner-barrio-guemes-10\/\" rel=\"attachment wp-att-139046\"><img loading=\"lazy\" decoding=\"async\" class=\" wp-image-139046 alignleft\" src=\"https:\/\/revistaesperanzas.com\/web\/wp-content\/uploads\/2025\/10\/calle-Nestor-Kirchner-Barrio-Guemes-10.jpg\" alt=\"\" width=\"500\" height=\"333\" srcset=\"https:\/\/revistaesperanzas.com\/web\/wp-content\/uploads\/2025\/10\/calle-Nestor-Kirchner-Barrio-Guemes-10.jpg 1280w, https:\/\/revistaesperanzas.com\/web\/wp-content\/uploads\/2025\/10\/calle-Nestor-Kirchner-Barrio-Guemes-10-630x420.jpg 630w, https:\/\/revistaesperanzas.com\/web\/wp-content\/uploads\/2025\/10\/calle-Nestor-Kirchner-Barrio-Guemes-10-696x464.jpg 696w, https:\/\/revistaesperanzas.com\/web\/wp-content\/uploads\/2025\/10\/calle-Nestor-Kirchner-Barrio-Guemes-10-1068x712.jpg 1068w\" sizes=\"auto, (max-width: 500px) 100vw, 500px\" \/><\/a><\/p>\n<p style=\"font-weight: 400;\">Para dejar oficialmente inaugurada, habilitada la obra de pavimento en hormig\u00f3n armado en calle N\u00e9stor Kirchner del Barrio G\u00fcemes, el Intendente, funcionarios provinciales, municipales, concejales y vecinos procedieron a realizar el tradicional corte de cintas.<\/p>\n","protected":false},"excerpt":{"rendered":"<p>EN EL BARRIO G\u00dcEMES EL INTENDENTE JUNTO A VECINOS Y FUNCIONARIOS DEJ\u00d3 INAUGURADA NUEVA OBRA DE PAVIMENTO Cumpliendo con el cronograma establecido por medio de este programa basado como el gran capital, la Mutua Confianza, el \u201cMita y Mita\u201d en la noche del mi\u00e9rcoles el Mandatario Local dej\u00f3 inaugurado el pavimento en hormig\u00f3n armado en [&hellip;]<\/p>\n","protected":false},"author":4,"featured_media":139037,"comment_status":"closed","ping_status":"closed","sticky":false,"template":"","format":"standard","meta":{"footnotes":""},"categories":[45],"tags":[],"class_list":{"0":"post-139036","1":"post","2":"type-post","3":"status-publish","4":"format-standard","5":"has-post-thumbnail","7":"category-locales"},"_links":{"self":[{"href":"https:\/\/revistaesperanzas.com\/web\/wp-json\/wp\/v2\/posts\/139036","targetHints":{"allow":["GET"]}}],"collection":[{"href":"https:\/\/revistaesperanzas.com\/web\/wp-json\/wp\/v2\/posts"}],"about":[{"href":"https:\/\/revistaesperanzas.com\/web\/wp-json\/wp\/v2\/types\/post"}],"author":[{"embeddable":true,"href":"https:\/\/revistaesperanzas.com\/web\/wp-json\/wp\/v2\/users\/4"}],"replies":[{"embeddable":true,"href":"https:\/\/revistaesperanzas.com\/web\/wp-json\/wp\/v2\/comments?post=139036"}],"version-history":[{"count":0,"href":"https:\/\/revistaesperanzas.com\/web\/wp-json\/wp\/v2\/posts\/139036\/revisions"}],"wp:featuredmedia":[{"embeddable":true,"href":"https:\/\/revistaesperanzas.com\/web\/wp-json\/wp\/v2\/media\/139037"}],"wp:attachment":[{"href":"https:\/\/revistaesperanzas.com\/web\/wp-json\/wp\/v2\/media?parent=139036"}],"wp:term":[{"taxonomy":"category","embeddable":true,"href":"https:\/\/revistaesperanzas.com\/web\/wp-json\/wp\/v2\/categories?post=139036"},{"taxonomy":"post_tag","embeddable":true,"href":"https:\/\/revistaesperanzas.com\/web\/wp-json\/wp\/v2\/tags?post=139036"}],"curies":[{"name":"wp","href":"https:\/\/api.w.org\/{rel}","templated":true}]}}