{"id":139049,"date":"2025-10-30T09:19:37","date_gmt":"2025-10-30T12:19:37","guid":{"rendered":"https:\/\/revistaesperanzas.com\/web\/?p=139049"},"modified":"2025-10-30T09:19:37","modified_gmt":"2025-10-30T12:19:37","slug":"muestra-pictorica-hacer-visible-declarada-de-interes-cultural","status":"publish","type":"post","link":"https:\/\/revistaesperanzas.com\/web\/2025\/10\/muestra-pictorica-hacer-visible-declarada-de-interes-cultural\/","title":{"rendered":"MUESTRA PICT\u00d3RICA \u201cHACER VISIBLE\u201d DECLARADA DE INTER\u00c9S CULTURAL"},"content":{"rendered":"<p style=\"font-weight: 400;\">La Casa de la Cultura abri\u00f3 sus puertas en la noche del mi\u00e9rcoles para dejar habilitada la exposici\u00f3n de los cuadros recreados por la artista pl\u00e1stica Cecilia Alonso<a href=\"https:\/\/revistaesperanzas.com\/web\/2025\/10\/muestra-pictorica-hacer-visible-declarada-de-interes-cultural\/muestra-pictorica-cecilia-alonso-5\/\" rel=\"attachment wp-att-139051\"><img loading=\"lazy\" decoding=\"async\" class=\"alignnone size-full wp-image-139051\" src=\"https:\/\/revistaesperanzas.com\/web\/wp-content\/uploads\/2025\/10\/muestra-pictorica-Cecilia-Alonso-5.jpg\" alt=\"\" width=\"1600\" height=\"900\" srcset=\"https:\/\/revistaesperanzas.com\/web\/wp-content\/uploads\/2025\/10\/muestra-pictorica-Cecilia-Alonso-5.jpg 1600w, https:\/\/revistaesperanzas.com\/web\/wp-content\/uploads\/2025\/10\/muestra-pictorica-Cecilia-Alonso-5-747x420.jpg 747w, https:\/\/revistaesperanzas.com\/web\/wp-content\/uploads\/2025\/10\/muestra-pictorica-Cecilia-Alonso-5-696x392.jpg 696w, https:\/\/revistaesperanzas.com\/web\/wp-content\/uploads\/2025\/10\/muestra-pictorica-Cecilia-Alonso-5-1068x601.jpg 1068w\" sizes=\"auto, (max-width: 1600px) 100vw, 1600px\" \/><\/a><\/p>\n<p style=\"font-weight: 400;\">El Patio de la Casona luci\u00f3 sus galas para la apertura de la muestra pict\u00f3rica que cont\u00f3 con el acompa\u00f1amiento del Director de Cultura Manuel Zampar, el grupo \u201cChamigo Pintores\u201d del cual la autora es miembro activa, personalidades de la literatura y la cultura como la Profesora Mar\u00eda Margarita Fogantini, el presidente de la SADE Goya Felipe Farquharson y p\u00fablico en general.<a href=\"https:\/\/revistaesperanzas.com\/web\/2025\/10\/muestra-pictorica-hacer-visible-declarada-de-interes-cultural\/muestra-pictorica-cecilia-alonso-6\/\" rel=\"attachment wp-att-139052\"><img loading=\"lazy\" decoding=\"async\" class=\"alignnone size-full wp-image-139052\" src=\"https:\/\/revistaesperanzas.com\/web\/wp-content\/uploads\/2025\/10\/muestra-pictorica-Cecilia-Alonso-6.jpg\" alt=\"\" width=\"1600\" height=\"900\" srcset=\"https:\/\/revistaesperanzas.com\/web\/wp-content\/uploads\/2025\/10\/muestra-pictorica-Cecilia-Alonso-6.jpg 1600w, https:\/\/revistaesperanzas.com\/web\/wp-content\/uploads\/2025\/10\/muestra-pictorica-Cecilia-Alonso-6-747x420.jpg 747w, https:\/\/revistaesperanzas.com\/web\/wp-content\/uploads\/2025\/10\/muestra-pictorica-Cecilia-Alonso-6-696x392.jpg 696w, https:\/\/revistaesperanzas.com\/web\/wp-content\/uploads\/2025\/10\/muestra-pictorica-Cecilia-Alonso-6-1068x601.jpg 1068w\" sizes=\"auto, (max-width: 1600px) 100vw, 1600px\" \/><\/a><\/p>\n<p style=\"font-weight: 400;\">Una noche de pintura, m\u00fasica y canto porque los artistas de la Direcci\u00f3n de Cultura Silvio Dom\u00ednguez y Alejandro Fern\u00e1ndez regalaron en una combinaci\u00f3n de lujo canciones en su mayor\u00eda pertenecientes a \u201cCharly\u201d Garc\u00eda en su paso por \u201cSui Generis\u201d.<a href=\"https:\/\/revistaesperanzas.com\/web\/2025\/10\/muestra-pictorica-hacer-visible-declarada-de-interes-cultural\/muestra-pictorica-cecilia-alonso-7\/\" rel=\"attachment wp-att-139053\"><img loading=\"lazy\" decoding=\"async\" class=\"alignnone size-full wp-image-139053\" src=\"https:\/\/revistaesperanzas.com\/web\/wp-content\/uploads\/2025\/10\/muestra-pictorica-Cecilia-Alonso-7.jpg\" alt=\"\" width=\"1600\" height=\"900\" srcset=\"https:\/\/revistaesperanzas.com\/web\/wp-content\/uploads\/2025\/10\/muestra-pictorica-Cecilia-Alonso-7.jpg 1600w, https:\/\/revistaesperanzas.com\/web\/wp-content\/uploads\/2025\/10\/muestra-pictorica-Cecilia-Alonso-7-747x420.jpg 747w, https:\/\/revistaesperanzas.com\/web\/wp-content\/uploads\/2025\/10\/muestra-pictorica-Cecilia-Alonso-7-696x392.jpg 696w, https:\/\/revistaesperanzas.com\/web\/wp-content\/uploads\/2025\/10\/muestra-pictorica-Cecilia-Alonso-7-1068x601.jpg 1068w\" sizes=\"auto, (max-width: 1600px) 100vw, 1600px\" \/><\/a><\/p>\n<p style=\"font-weight: 400;\">Tras la entrega por parte del Director de Cultura Manuel Zampar de la Disposici\u00f3n 20\/2025 por la cual de dispuso declarar de Inter\u00e9s Cultural la muestra pict\u00f3rica \u201cHacer Visible\u201d la autora agradeci\u00f3 el gesto, mencion\u00f3 que la inspiraci\u00f3n de sus pinturas se bas\u00f3 en recuerdos de su infancia de su Monte Caseros natal, de personajes que intento que recobren vida a trav\u00e9s de \u201cestas obras\u201d, as\u00ed como tambi\u00e9n de personajes urbanos de nuestra ciudad como \u201cAna La Pelona\u201d que si bien \u201cno la conoc\u00ed me acercaron informaci\u00f3n y<a href=\"https:\/\/revistaesperanzas.com\/web\/2025\/10\/muestra-pictorica-hacer-visible-declarada-de-interes-cultural\/muestra-pictorica-cecilia-alonso-3\/\" rel=\"attachment wp-att-139054\"><img loading=\"lazy\" decoding=\"async\" class=\"wp-image-139054 alignleft\" src=\"https:\/\/revistaesperanzas.com\/web\/wp-content\/uploads\/2025\/10\/muestra-pictorica-Cecilia-Alonso-3.jpg\" alt=\"\" width=\"523\" height=\"611\" srcset=\"https:\/\/revistaesperanzas.com\/web\/wp-content\/uploads\/2025\/10\/muestra-pictorica-Cecilia-Alonso-3.jpg 898w, https:\/\/revistaesperanzas.com\/web\/wp-content\/uploads\/2025\/10\/muestra-pictorica-Cecilia-Alonso-3-360x420.jpg 360w, https:\/\/revistaesperanzas.com\/web\/wp-content\/uploads\/2025\/10\/muestra-pictorica-Cecilia-Alonso-3-696x813.jpg 696w\" sizes=\"auto, (max-width: 523px) 100vw, 523px\" \/><\/a> fotos para recrear la creaci\u00f3n pict\u00f3rica, de Juan Javier otro de los que uno quiere hacer visibles, reflejando su dura realidad que transita diariamente, intentando que esto ayude a que el acostumbramiento que genera verlo en esa situaci\u00f3n todos los d\u00edas, nos provoque indiferencia, esto es en s\u00edntesis el motivo que me inspir\u00f3 a pintar y poder hoy presentar mis cuadros, estoy emocionada y agradecida al Director de Cultura Manuel Zampar, a Leo (Leonardo Ramirez Boll) y a todo el grupo maravilloso que me dejan formar parte de \u201cChamigo Pintores\u201d<\/p>\n<p style=\"font-weight: 400;\">MANUEL ZAMPAR<\/p>\n<p style=\"font-weight: 400;\">El Director de Cultura agradeci\u00f3 la presencia de las personalidades del arte, la literatura, la historia, de la cultura en general, para se\u00f1alar: \u201cSiempre nos produce una inmensa alegr\u00eda<a href=\"https:\/\/revistaesperanzas.com\/web\/2025\/10\/muestra-pictorica-hacer-visible-declarada-de-interes-cultural\/muestra-pictorica-cecilia-alonso-4\/\" rel=\"attachment wp-att-139055\"><img loading=\"lazy\" decoding=\"async\" class=\" wp-image-139055 alignright\" src=\"https:\/\/revistaesperanzas.com\/web\/wp-content\/uploads\/2025\/10\/muestra-pictorica-Cecilia-Alonso-4.jpg\" alt=\"\" width=\"550\" height=\"670\" srcset=\"https:\/\/revistaesperanzas.com\/web\/wp-content\/uploads\/2025\/10\/muestra-pictorica-Cecilia-Alonso-4.jpg 900w, https:\/\/revistaesperanzas.com\/web\/wp-content\/uploads\/2025\/10\/muestra-pictorica-Cecilia-Alonso-4-345x420.jpg 345w, https:\/\/revistaesperanzas.com\/web\/wp-content\/uploads\/2025\/10\/muestra-pictorica-Cecilia-Alonso-4-696x848.jpg 696w\" sizes=\"auto, (max-width: 550px) 100vw, 550px\" \/><\/a> abrir nuestra casa para permitir que los artistas, pl\u00e1sticos en este caso, puedan mostrar, exhibir sus creaciones, es la primera vez que Cecilia (Alonso) presenta sus cuadros en este espacio, agradecido por esta oportunidad, quiero transmitir que con el Grupo \u201cChamigo Pintores\u201d junto a otros artistas se han convertido en embajadores del Pintemos Goya, pude comprobar en el viaje que los acompa\u00f1e en Los Rearte, C\u00f3rdoba y en Chascom\u00fas en Buenos Aires, por eso invito a que puedan disfrutar de la calidad y pasi\u00f3n de la artista volcada en estos cuadros que estaremos recorriendo en la Casa de la Cultura.<\/p>\n<p style=\"font-weight: 400;\">De esa manera qued\u00f3 habilitada la muestra, los presentes tras la recorrida por el Sal\u00f3n donde se exponen los cuadros, alargaron la estad\u00eda en Casa de la Cultura con un peque\u00f1o brindis, agasajo preparado para la gala art\u00edstica.<\/p>\n","protected":false},"excerpt":{"rendered":"<p>La Casa de la Cultura abri\u00f3 sus puertas en la noche del mi\u00e9rcoles para dejar habilitada la exposici\u00f3n de los cuadros recreados por la artista pl\u00e1stica Cecilia Alonso El Patio de la Casona luci\u00f3 sus galas para la apertura de la muestra pict\u00f3rica que cont\u00f3 con el acompa\u00f1amiento del Director de Cultura Manuel Zampar, el [&hellip;]<\/p>\n","protected":false},"author":4,"featured_media":139050,"comment_status":"closed","ping_status":"closed","sticky":false,"template":"","format":"standard","meta":{"footnotes":""},"categories":[45],"tags":[],"class_list":{"0":"post-139049","1":"post","2":"type-post","3":"status-publish","4":"format-standard","5":"has-post-thumbnail","7":"category-locales"},"_links":{"self":[{"href":"https:\/\/revistaesperanzas.com\/web\/wp-json\/wp\/v2\/posts\/139049","targetHints":{"allow":["GET"]}}],"collection":[{"href":"https:\/\/revistaesperanzas.com\/web\/wp-json\/wp\/v2\/posts"}],"about":[{"href":"https:\/\/revistaesperanzas.com\/web\/wp-json\/wp\/v2\/types\/post"}],"author":[{"embeddable":true,"href":"https:\/\/revistaesperanzas.com\/web\/wp-json\/wp\/v2\/users\/4"}],"replies":[{"embeddable":true,"href":"https:\/\/revistaesperanzas.com\/web\/wp-json\/wp\/v2\/comments?post=139049"}],"version-history":[{"count":0,"href":"https:\/\/revistaesperanzas.com\/web\/wp-json\/wp\/v2\/posts\/139049\/revisions"}],"wp:featuredmedia":[{"embeddable":true,"href":"https:\/\/revistaesperanzas.com\/web\/wp-json\/wp\/v2\/media\/139050"}],"wp:attachment":[{"href":"https:\/\/revistaesperanzas.com\/web\/wp-json\/wp\/v2\/media?parent=139049"}],"wp:term":[{"taxonomy":"category","embeddable":true,"href":"https:\/\/revistaesperanzas.com\/web\/wp-json\/wp\/v2\/categories?post=139049"},{"taxonomy":"post_tag","embeddable":true,"href":"https:\/\/revistaesperanzas.com\/web\/wp-json\/wp\/v2\/tags?post=139049"}],"curies":[{"name":"wp","href":"https:\/\/api.w.org\/{rel}","templated":true}]}}