{"id":139058,"date":"2025-10-30T11:37:21","date_gmt":"2025-10-30T14:37:21","guid":{"rendered":"https:\/\/revistaesperanzas.com\/web\/?p=139058"},"modified":"2025-10-30T11:37:21","modified_gmt":"2025-10-30T14:37:21","slug":"plana-mayor-de-la-policia-de-corrientes-recorre-zonas-inundadas-por-las-aguas","status":"publish","type":"post","link":"https:\/\/revistaesperanzas.com\/web\/2025\/10\/plana-mayor-de-la-policia-de-corrientes-recorre-zonas-inundadas-por-las-aguas\/","title":{"rendered":"PLANA MAYOR DE LA POLICIA DE CORRIENTES RECORRE ZONAS INUNDADAS POR LAS AGUAS"},"content":{"rendered":"<p>SAN LUIS DEL PALMAR &#8211; &#8211; Hoy, distintos ministros del gobierno provincial, junto al intendente local y el jefe de Polic\u00eda recorrieron la zona afectada por las inundaciones y adem\u00e1s llevaron asistencias, cada uno desde el \u00e1mbito de su competencia.<a href=\"https:\/\/revistaesperanzas.com\/web\/2025\/10\/plana-mayor-de-la-policia-de-corrientes-recorre-zonas-inundadas-por-las-aguas\/whatsapp-image-2025-10-29-at-22-38-48\/\" rel=\"attachment wp-att-139060\"><img loading=\"lazy\" decoding=\"async\" class=\"alignnone size-full wp-image-139060\" src=\"https:\/\/revistaesperanzas.com\/web\/wp-content\/uploads\/2025\/10\/WhatsApp-Image-2025-10-29-at-22.38.48.jpeg\" alt=\"\" width=\"1280\" height=\"720\" srcset=\"https:\/\/revistaesperanzas.com\/web\/wp-content\/uploads\/2025\/10\/WhatsApp-Image-2025-10-29-at-22.38.48.jpeg 1280w, https:\/\/revistaesperanzas.com\/web\/wp-content\/uploads\/2025\/10\/WhatsApp-Image-2025-10-29-at-22.38.48-747x420.jpeg 747w, https:\/\/revistaesperanzas.com\/web\/wp-content\/uploads\/2025\/10\/WhatsApp-Image-2025-10-29-at-22.38.48-696x392.jpeg 696w, https:\/\/revistaesperanzas.com\/web\/wp-content\/uploads\/2025\/10\/WhatsApp-Image-2025-10-29-at-22.38.48-1068x601.jpeg 1068w\" sizes=\"auto, (max-width: 1280px) 100vw, 1280px\" \/><\/a><a href=\"https:\/\/revistaesperanzas.com\/web\/2025\/10\/plana-mayor-de-la-policia-de-corrientes-recorre-zonas-inundadas-por-las-aguas\/whatsapp-image-2025-10-29-at-22-38-49\/\" rel=\"attachment wp-att-139061\"><img loading=\"lazy\" decoding=\"async\" class=\"alignnone size-full wp-image-139061\" src=\"https:\/\/revistaesperanzas.com\/web\/wp-content\/uploads\/2025\/10\/WhatsApp-Image-2025-10-29-at-22.38.49.jpeg\" alt=\"\" width=\"1280\" height=\"720\" srcset=\"https:\/\/revistaesperanzas.com\/web\/wp-content\/uploads\/2025\/10\/WhatsApp-Image-2025-10-29-at-22.38.49.jpeg 1280w, https:\/\/revistaesperanzas.com\/web\/wp-content\/uploads\/2025\/10\/WhatsApp-Image-2025-10-29-at-22.38.49-747x420.jpeg 747w, https:\/\/revistaesperanzas.com\/web\/wp-content\/uploads\/2025\/10\/WhatsApp-Image-2025-10-29-at-22.38.49-696x392.jpeg 696w, https:\/\/revistaesperanzas.com\/web\/wp-content\/uploads\/2025\/10\/WhatsApp-Image-2025-10-29-at-22.38.49-1068x601.jpeg 1068w\" sizes=\"auto, (max-width: 1280px) 100vw, 1280px\" \/><\/a><\/p>\n<p>Estuvieron acompa\u00f1ando al intendente Prof. Reni Buj\u00e1n; el Ministro de Salud P\u00fablica Dr Ricardo Cardozo; el Ministro de Acci\u00f3n Social <a href=\"https:\/\/revistaesperanzas.com\/web\/2025\/10\/plana-mayor-de-la-policia-de-corrientes-recorre-zonas-inundadas-por-las-aguas\/whatsapp-image-2025-10-29-at-22-38-49-1-2\/\" rel=\"attachment wp-att-139063\"><img loading=\"lazy\" decoding=\"async\" class=\" wp-image-139063 alignleft\" src=\"https:\/\/revistaesperanzas.com\/web\/wp-content\/uploads\/2025\/10\/WhatsApp-Image-2025-10-29-at-22.38.49-1-1.jpeg\" alt=\"\" width=\"293\" height=\"397\" srcset=\"https:\/\/revistaesperanzas.com\/web\/wp-content\/uploads\/2025\/10\/WhatsApp-Image-2025-10-29-at-22.38.49-1-1.jpeg 717w, https:\/\/revistaesperanzas.com\/web\/wp-content\/uploads\/2025\/10\/WhatsApp-Image-2025-10-29-at-22.38.49-1-1-310x420.jpeg 310w, https:\/\/revistaesperanzas.com\/web\/wp-content\/uploads\/2025\/10\/WhatsApp-Image-2025-10-29-at-22.38.49-1-1-696x942.jpeg 696w\" sizes=\"auto, (max-width: 293px) 100vw, 293px\" \/><\/a>Ad\u00e1n Gaya; el Ministro de Seguridad Dr Alfredo Vallejos; de Defensa Civil de la provincia Bruno Lobinzon; y el jefe de Polic\u00eda Crio. Gral. Lic. Miguel A. Leguizamon, quienes estuvieron<a href=\"https:\/\/revistaesperanzas.com\/web\/2025\/10\/plana-mayor-de-la-policia-de-corrientes-recorre-zonas-inundadas-por-las-aguas\/whatsapp-image-2025-10-29-at-22-38-50-1\/\" rel=\"attachment wp-att-139064\"><img loading=\"lazy\" decoding=\"async\" class=\" wp-image-139064 alignright\" src=\"https:\/\/revistaesperanzas.com\/web\/wp-content\/uploads\/2025\/10\/WhatsApp-Image-2025-10-29-at-22.38.50-1.jpeg\" alt=\"\" width=\"306\" height=\"407\" srcset=\"https:\/\/revistaesperanzas.com\/web\/wp-content\/uploads\/2025\/10\/WhatsApp-Image-2025-10-29-at-22.38.50-1.jpeg 963w, https:\/\/revistaesperanzas.com\/web\/wp-content\/uploads\/2025\/10\/WhatsApp-Image-2025-10-29-at-22.38.50-1-316x420.jpeg 316w, https:\/\/revistaesperanzas.com\/web\/wp-content\/uploads\/2025\/10\/WhatsApp-Image-2025-10-29-at-22.38.50-1-696x925.jpeg 696w\" sizes=\"auto, (max-width: 306px) 100vw, 306px\" \/><\/a> interioriz\u00e1ndose de la situaci\u00f3n, utiliz\u00e1ndose adem\u00e1s drones de la polic\u00eda para tener un mejor panorama desde el aire y sobre todo coordinando acciones en conjunto a desplegarse al respecto.<\/p>\n<p>Posteriormente, el jefe de la fuerza policial estuvo visitando y asistiendo a polic\u00edas afectados por las inundaciones.<\/p>\n","protected":false},"excerpt":{"rendered":"<p>SAN LUIS DEL PALMAR &#8211; &#8211; Hoy, distintos ministros del gobierno provincial, junto al intendente local y el jefe de Polic\u00eda recorrieron la zona afectada por las inundaciones y adem\u00e1s llevaron asistencias, cada uno desde el \u00e1mbito de su competencia. Estuvieron acompa\u00f1ando al intendente Prof. Reni Buj\u00e1n; el Ministro de Salud P\u00fablica Dr Ricardo Cardozo; [&hellip;]<\/p>\n","protected":false},"author":4,"featured_media":139059,"comment_status":"closed","ping_status":"closed","sticky":false,"template":"","format":"standard","meta":{"footnotes":""},"categories":[58],"tags":[],"class_list":{"0":"post-139058","1":"post","2":"type-post","3":"status-publish","4":"format-standard","5":"has-post-thumbnail","7":"category-corrientes"},"_links":{"self":[{"href":"https:\/\/revistaesperanzas.com\/web\/wp-json\/wp\/v2\/posts\/139058","targetHints":{"allow":["GET"]}}],"collection":[{"href":"https:\/\/revistaesperanzas.com\/web\/wp-json\/wp\/v2\/posts"}],"about":[{"href":"https:\/\/revistaesperanzas.com\/web\/wp-json\/wp\/v2\/types\/post"}],"author":[{"embeddable":true,"href":"https:\/\/revistaesperanzas.com\/web\/wp-json\/wp\/v2\/users\/4"}],"replies":[{"embeddable":true,"href":"https:\/\/revistaesperanzas.com\/web\/wp-json\/wp\/v2\/comments?post=139058"}],"version-history":[{"count":0,"href":"https:\/\/revistaesperanzas.com\/web\/wp-json\/wp\/v2\/posts\/139058\/revisions"}],"wp:featuredmedia":[{"embeddable":true,"href":"https:\/\/revistaesperanzas.com\/web\/wp-json\/wp\/v2\/media\/139059"}],"wp:attachment":[{"href":"https:\/\/revistaesperanzas.com\/web\/wp-json\/wp\/v2\/media?parent=139058"}],"wp:term":[{"taxonomy":"category","embeddable":true,"href":"https:\/\/revistaesperanzas.com\/web\/wp-json\/wp\/v2\/categories?post=139058"},{"taxonomy":"post_tag","embeddable":true,"href":"https:\/\/revistaesperanzas.com\/web\/wp-json\/wp\/v2\/tags?post=139058"}],"curies":[{"name":"wp","href":"https:\/\/api.w.org\/{rel}","templated":true}]}}