{"id":139082,"date":"2025-10-30T11:58:36","date_gmt":"2025-10-30T14:58:36","guid":{"rendered":"https:\/\/revistaesperanzas.com\/web\/?p=139082"},"modified":"2025-10-30T11:58:37","modified_gmt":"2025-10-30T14:58:37","slug":"policia-de-cororientes-policia-rural-secuestra-un-animal-porcino-que-fuera-robado-haras-antes","status":"publish","type":"post","link":"https:\/\/revistaesperanzas.com\/web\/2025\/10\/policia-de-cororientes-policia-rural-secuestra-un-animal-porcino-que-fuera-robado-haras-antes\/","title":{"rendered":"POLICIA DE CORORIENTES (POLICIA RURAL) SECUESTRA UN ANIMAL PORCINO QUE FUERA ROBADO HARAS ANTES"},"content":{"rendered":"<p>SAN LUIS DEL PALMAR &#8211; &#8211; La Polic\u00eda recuper\u00f3 un animal porcino que fuera denunciado como sustra\u00eddo<\/p>\n<p>En la jornada de antes de ayer 28-10-25, efectivos policiales de la Unidad especial de seguridad rural y ecol\u00f3gica de San Luis del Palmar, en un eficaz accionar, lograron hallar y recuperar un animal porcino que fuera denunciado como sustra\u00eddo.<a href=\"https:\/\/revistaesperanzas.com\/web\/2025\/10\/policia-de-cororientes-policia-rural-secuestra-un-animal-porcino-que-fuera-robado-haras-antes\/whatsapp-image-2025-10-30-at-11-25-49\/\" rel=\"attachment wp-att-139085\"><img loading=\"lazy\" decoding=\"async\" class=\"alignnone size-full wp-image-139085\" src=\"https:\/\/revistaesperanzas.com\/web\/wp-content\/uploads\/2025\/10\/WhatsApp-Image-2025-10-30-at-11.25.49.jpeg\" alt=\"\" width=\"1280\" height=\"720\" srcset=\"https:\/\/revistaesperanzas.com\/web\/wp-content\/uploads\/2025\/10\/WhatsApp-Image-2025-10-30-at-11.25.49.jpeg 1280w, https:\/\/revistaesperanzas.com\/web\/wp-content\/uploads\/2025\/10\/WhatsApp-Image-2025-10-30-at-11.25.49-747x420.jpeg 747w, https:\/\/revistaesperanzas.com\/web\/wp-content\/uploads\/2025\/10\/WhatsApp-Image-2025-10-30-at-11.25.49-696x392.jpeg 696w, https:\/\/revistaesperanzas.com\/web\/wp-content\/uploads\/2025\/10\/WhatsApp-Image-2025-10-30-at-11.25.49-1068x601.jpeg 1068w\" sizes=\"auto, (max-width: 1280px) 100vw, 1280px\" \/><\/a><\/p>\n<p>El procedimiento lo realizaron los mencionados polic\u00edas, tras tomar conocimiento que de un inmueble ubicado por calle Bella Vista y 13 de Julio de esa localidad, personas de identidad desconocida habr\u00edan sustra\u00eddo una \u201cchancha\u201d de 7 meses, ante lo cual, de forma inmediata, tras un r\u00e1pido y eficaz accionar lograron hallarlo y recuperarlo en un descampado en el Barrio 184 viviendas.<\/p>\n<p>El animal recuperado fue trasladado a la citada dependencia policial, donde se prosigue con los tr\u00e1mites del caso.<\/p>\n","protected":false},"excerpt":{"rendered":"<p>SAN LUIS DEL PALMAR &#8211; &#8211; La Polic\u00eda recuper\u00f3 un animal porcino que fuera denunciado como sustra\u00eddo En la jornada de antes de ayer 28-10-25, efectivos policiales de la Unidad especial de seguridad rural y ecol\u00f3gica de San Luis del Palmar, en un eficaz accionar, lograron hallar y recuperar un animal porcino que fuera denunciado [&hellip;]<\/p>\n","protected":false},"author":4,"featured_media":139084,"comment_status":"closed","ping_status":"closed","sticky":false,"template":"","format":"standard","meta":{"footnotes":""},"categories":[1],"tags":[],"class_list":{"0":"post-139082","1":"post","2":"type-post","3":"status-publish","4":"format-standard","5":"has-post-thumbnail","7":"category-sin-categoria"},"_links":{"self":[{"href":"https:\/\/revistaesperanzas.com\/web\/wp-json\/wp\/v2\/posts\/139082","targetHints":{"allow":["GET"]}}],"collection":[{"href":"https:\/\/revistaesperanzas.com\/web\/wp-json\/wp\/v2\/posts"}],"about":[{"href":"https:\/\/revistaesperanzas.com\/web\/wp-json\/wp\/v2\/types\/post"}],"author":[{"embeddable":true,"href":"https:\/\/revistaesperanzas.com\/web\/wp-json\/wp\/v2\/users\/4"}],"replies":[{"embeddable":true,"href":"https:\/\/revistaesperanzas.com\/web\/wp-json\/wp\/v2\/comments?post=139082"}],"version-history":[{"count":0,"href":"https:\/\/revistaesperanzas.com\/web\/wp-json\/wp\/v2\/posts\/139082\/revisions"}],"wp:featuredmedia":[{"embeddable":true,"href":"https:\/\/revistaesperanzas.com\/web\/wp-json\/wp\/v2\/media\/139084"}],"wp:attachment":[{"href":"https:\/\/revistaesperanzas.com\/web\/wp-json\/wp\/v2\/media?parent=139082"}],"wp:term":[{"taxonomy":"category","embeddable":true,"href":"https:\/\/revistaesperanzas.com\/web\/wp-json\/wp\/v2\/categories?post=139082"},{"taxonomy":"post_tag","embeddable":true,"href":"https:\/\/revistaesperanzas.com\/web\/wp-json\/wp\/v2\/tags?post=139082"}],"curies":[{"name":"wp","href":"https:\/\/api.w.org\/{rel}","templated":true}]}}