{"id":139088,"date":"2025-10-30T12:01:14","date_gmt":"2025-10-30T15:01:14","guid":{"rendered":"https:\/\/revistaesperanzas.com\/web\/?p=139088"},"modified":"2025-10-30T12:01:14","modified_gmt":"2025-10-30T15:01:14","slug":"139088","status":"publish","type":"post","link":"https:\/\/revistaesperanzas.com\/web\/2025\/10\/139088\/","title":{"rendered":""},"content":{"rendered":"<p>SANTA ANA &#8211; La polic\u00eda en tareas de contralor, demoro a un hombre que presuntamente registrar\u00eda pedido de captura.<\/p>\n<p>En la jornada de ayer 29-10-25, personal policial de la Comisar\u00eda de Distrito Santa Ana, junto a la valiosa colaboraci\u00f3n de los efectivos de la Direcci\u00f3n General de Seguridad Vial y Especial, momentos en que se encontraban realizando un operativo de control vehicular en el acceso a la localidad de Santa Ana, sobre Ruta Provincial N\u00b043, demoraron a una persona aparentemente con pedido de captura.<\/p>\n<p>Durante el desarrollo del procedimiento, aproximadamente a las 19:30 horas, los uniformados procedieron a la identificaci\u00f3n de un hombre de 38 a\u00f1os de edad, quien tras efectuarse las correspondientes investigaciones resulto que registrar\u00eda pedido de captura, por lo que fue demorado.<\/p>\n<p>Al respecto, esta persona fue trasladada hasta la citada dependencia policial donde se contin\u00faan con los tramites de rigor.<\/p>\n","protected":false},"excerpt":{"rendered":"<p>SANTA ANA &#8211; La polic\u00eda en tareas de contralor, demoro a un hombre que presuntamente registrar\u00eda pedido de captura. En la jornada de ayer 29-10-25, personal policial de la Comisar\u00eda de Distrito Santa Ana, junto a la valiosa colaboraci\u00f3n de los efectivos de la Direcci\u00f3n General de Seguridad Vial y Especial, momentos en que se [&hellip;]<\/p>\n","protected":false},"author":4,"featured_media":139089,"comment_status":"closed","ping_status":"closed","sticky":false,"template":"","format":"standard","meta":{"footnotes":""},"categories":[58],"tags":[],"class_list":{"0":"post-139088","1":"post","2":"type-post","3":"status-publish","4":"format-standard","5":"has-post-thumbnail","7":"category-corrientes"},"_links":{"self":[{"href":"https:\/\/revistaesperanzas.com\/web\/wp-json\/wp\/v2\/posts\/139088","targetHints":{"allow":["GET"]}}],"collection":[{"href":"https:\/\/revistaesperanzas.com\/web\/wp-json\/wp\/v2\/posts"}],"about":[{"href":"https:\/\/revistaesperanzas.com\/web\/wp-json\/wp\/v2\/types\/post"}],"author":[{"embeddable":true,"href":"https:\/\/revistaesperanzas.com\/web\/wp-json\/wp\/v2\/users\/4"}],"replies":[{"embeddable":true,"href":"https:\/\/revistaesperanzas.com\/web\/wp-json\/wp\/v2\/comments?post=139088"}],"version-history":[{"count":0,"href":"https:\/\/revistaesperanzas.com\/web\/wp-json\/wp\/v2\/posts\/139088\/revisions"}],"wp:featuredmedia":[{"embeddable":true,"href":"https:\/\/revistaesperanzas.com\/web\/wp-json\/wp\/v2\/media\/139089"}],"wp:attachment":[{"href":"https:\/\/revistaesperanzas.com\/web\/wp-json\/wp\/v2\/media?parent=139088"}],"wp:term":[{"taxonomy":"category","embeddable":true,"href":"https:\/\/revistaesperanzas.com\/web\/wp-json\/wp\/v2\/categories?post=139088"},{"taxonomy":"post_tag","embeddable":true,"href":"https:\/\/revistaesperanzas.com\/web\/wp-json\/wp\/v2\/tags?post=139088"}],"curies":[{"name":"wp","href":"https:\/\/api.w.org\/{rel}","templated":true}]}}