{"id":139091,"date":"2025-10-30T12:03:43","date_gmt":"2025-10-30T15:03:43","guid":{"rendered":"https:\/\/revistaesperanzas.com\/web\/?p=139091"},"modified":"2025-10-30T12:03:43","modified_gmt":"2025-10-30T15:03:43","slug":"area-institucional-se-cumplen-38-anos-de-la-creacion-del-gerys","status":"publish","type":"post","link":"https:\/\/revistaesperanzas.com\/web\/2025\/10\/area-institucional-se-cumplen-38-anos-de-la-creacion-del-gerys\/","title":{"rendered":"AREA INSTITUCIONAL:  SE CUMPLEN 38 A\u00d1OS DE LA CREACI\u00d3N DEL GERyS"},"content":{"rendered":"<p>La unidad de rescate y salvamento de la Polic\u00eda de Corrientes<br \/>\nEste 30 de octubre se conmemora el 38\u00b0 aniversario de la creaci\u00f3n del Grupo Especial de Rescate y Salvamento (GERyS), unidad dependiente de la Direcci\u00f3n General de Lucha contra el Fuego de la Polic\u00eda de Corrientes, creada el 30 de octubre de 1987 mediante la J.P. N\u00b0 043\/87.<a href=\"https:\/\/revistaesperanzas.com\/web\/2025\/10\/area-institucional-se-cumplen-38-anos-de-la-creacion-del-gerys\/whatsapp-image-2025-10-30-at-11-52-06\/\" rel=\"attachment wp-att-139093\"><img loading=\"lazy\" decoding=\"async\" class=\"wp-image-139093 alignleft\" src=\"https:\/\/revistaesperanzas.com\/web\/wp-content\/uploads\/2025\/10\/WhatsApp-Image-2025-10-30-at-11.52.06.jpeg\" alt=\"\" width=\"551\" height=\"409\" srcset=\"https:\/\/revistaesperanzas.com\/web\/wp-content\/uploads\/2025\/10\/WhatsApp-Image-2025-10-30-at-11.52.06.jpeg 720w, https:\/\/revistaesperanzas.com\/web\/wp-content\/uploads\/2025\/10\/WhatsApp-Image-2025-10-30-at-11.52.06-565x420.jpeg 565w, https:\/\/revistaesperanzas.com\/web\/wp-content\/uploads\/2025\/10\/WhatsApp-Image-2025-10-30-at-11.52.06-80x60.jpeg 80w, https:\/\/revistaesperanzas.com\/web\/wp-content\/uploads\/2025\/10\/WhatsApp-Image-2025-10-30-at-11.52.06-485x360.jpeg 485w, https:\/\/revistaesperanzas.com\/web\/wp-content\/uploads\/2025\/10\/WhatsApp-Image-2025-10-30-at-11.52.06-696x517.jpeg 696w, https:\/\/revistaesperanzas.com\/web\/wp-content\/uploads\/2025\/10\/WhatsApp-Image-2025-10-30-at-11.52.06-265x198.jpeg 265w\" sizes=\"auto, (max-width: 551px) 100vw, 551px\" \/><\/a><\/p>\n<p>El GERyS est\u00e1 integrado por personal especialmente capacitado para intervenir en situaciones no convencionales que requieren entrenamiento t\u00e9cnico y f\u00edsico de alta exigencia. Su misi\u00f3n principal es salvar vidas, actuando en operaciones de rescate y salvamento en lugares de dif\u00edcil acceso, tanto sobre nivel, a nivel o bajo nivel, en tierra o agua.<\/p>\n<p>Asimismo, el grupo participa en operaciones helitransportadas, interviniendo en hechos de gran envergadura como inundaciones, derrumbes, incendios urbanos, accidentes de tr\u00e1nsito, ferroviarios o a\u00e9reos. Su personal se encuentra preparado para realizar descensos por cuerdas a 90\u00b0 y 45\u00b0, desplazamientos en planos inclinados y t\u00e9cnicas de andinismo urbano.<a href=\"https:\/\/revistaesperanzas.com\/web\/2025\/10\/area-institucional-se-cumplen-38-anos-de-la-creacion-del-gerys\/whatsapp-image-2025-10-30-at-11-52-05\/\" rel=\"attachment wp-att-139094\"><img loading=\"lazy\" decoding=\"async\" class=\"alignnone size-full wp-image-139094\" src=\"https:\/\/revistaesperanzas.com\/web\/wp-content\/uploads\/2025\/10\/WhatsApp-Image-2025-10-30-at-11.52.05.jpeg\" alt=\"\" width=\"1600\" height=\"900\" srcset=\"https:\/\/revistaesperanzas.com\/web\/wp-content\/uploads\/2025\/10\/WhatsApp-Image-2025-10-30-at-11.52.05.jpeg 1600w, https:\/\/revistaesperanzas.com\/web\/wp-content\/uploads\/2025\/10\/WhatsApp-Image-2025-10-30-at-11.52.05-747x420.jpeg 747w, https:\/\/revistaesperanzas.com\/web\/wp-content\/uploads\/2025\/10\/WhatsApp-Image-2025-10-30-at-11.52.05-696x392.jpeg 696w, https:\/\/revistaesperanzas.com\/web\/wp-content\/uploads\/2025\/10\/WhatsApp-Image-2025-10-30-at-11.52.05-1068x601.jpeg 1068w\" sizes=\"auto, (max-width: 1600px) 100vw, 1600px\" \/><\/a><\/p>\n<p>El ministro de Seguridad, Dr. Alfredo Vallejos; el subsecretario de Seguridad, Crio. Gral. (R) Osvaldo de los Santos Garc\u00eda; el jefe de Polic\u00eda, Crio. Gral. Lic. Miguel \u00c1ngel Leguizam\u00f3n; el subjefe, Crio. Gral. Walter Aceval, y la Plana Mayor de la fuerza provincial, hacen llegar su saludo y reconocimiento al personal del GERyS, por un nuevo aniversario y por su permanente entrega, compromiso y valor en cada intervenci\u00f3n.<\/p>\n","protected":false},"excerpt":{"rendered":"<p>La unidad de rescate y salvamento de la Polic\u00eda de Corrientes Este 30 de octubre se conmemora el 38\u00b0 aniversario de la creaci\u00f3n del Grupo Especial de Rescate y Salvamento (GERyS), unidad dependiente de la Direcci\u00f3n General de Lucha contra el Fuego de la Polic\u00eda de Corrientes, creada el 30 de octubre de 1987 mediante [&hellip;]<\/p>\n","protected":false},"author":4,"featured_media":139092,"comment_status":"closed","ping_status":"closed","sticky":false,"template":"","format":"standard","meta":{"footnotes":""},"categories":[58],"tags":[],"class_list":{"0":"post-139091","1":"post","2":"type-post","3":"status-publish","4":"format-standard","5":"has-post-thumbnail","7":"category-corrientes"},"_links":{"self":[{"href":"https:\/\/revistaesperanzas.com\/web\/wp-json\/wp\/v2\/posts\/139091","targetHints":{"allow":["GET"]}}],"collection":[{"href":"https:\/\/revistaesperanzas.com\/web\/wp-json\/wp\/v2\/posts"}],"about":[{"href":"https:\/\/revistaesperanzas.com\/web\/wp-json\/wp\/v2\/types\/post"}],"author":[{"embeddable":true,"href":"https:\/\/revistaesperanzas.com\/web\/wp-json\/wp\/v2\/users\/4"}],"replies":[{"embeddable":true,"href":"https:\/\/revistaesperanzas.com\/web\/wp-json\/wp\/v2\/comments?post=139091"}],"version-history":[{"count":0,"href":"https:\/\/revistaesperanzas.com\/web\/wp-json\/wp\/v2\/posts\/139091\/revisions"}],"wp:featuredmedia":[{"embeddable":true,"href":"https:\/\/revistaesperanzas.com\/web\/wp-json\/wp\/v2\/media\/139092"}],"wp:attachment":[{"href":"https:\/\/revistaesperanzas.com\/web\/wp-json\/wp\/v2\/media?parent=139091"}],"wp:term":[{"taxonomy":"category","embeddable":true,"href":"https:\/\/revistaesperanzas.com\/web\/wp-json\/wp\/v2\/categories?post=139091"},{"taxonomy":"post_tag","embeddable":true,"href":"https:\/\/revistaesperanzas.com\/web\/wp-json\/wp\/v2\/tags?post=139091"}],"curies":[{"name":"wp","href":"https:\/\/api.w.org\/{rel}","templated":true}]}}