{"id":139100,"date":"2025-10-30T20:25:44","date_gmt":"2025-10-30T23:25:44","guid":{"rendered":"https:\/\/revistaesperanzas.com\/web\/?p=139100"},"modified":"2025-10-30T20:25:44","modified_gmt":"2025-10-30T23:25:44","slug":"en-horas-de-la-noche-de-la-vispera-se-produjo-un-accidente-con-consecuencia-fatal","status":"publish","type":"post","link":"https:\/\/revistaesperanzas.com\/web\/2025\/10\/en-horas-de-la-noche-de-la-vispera-se-produjo-un-accidente-con-consecuencia-fatal\/","title":{"rendered":"EN HORAS DE LA NOCHE DE LA VISPERA SE PRODUJO UN ACCIDENTE CON CONSECUENCIA FATAL"},"content":{"rendered":"<p>JUAN PUJOL\u00a0 &#8211;\u00a0 En horas de la noche de ayer 29-10-25, personal policial dependientes de la Comisaria de Distrito Juan Pujol, tomaron conocimiento que por Ruta Nacional 14 a la altura del Kil\u00f3metro 366 aproximadamente, se habr\u00eda registrado un siniestro vial, en el cual por causas y circunstancias que se tratan de establecer-, colisionaron un cami\u00f3n y un autom\u00f3vil.<\/p>\n<p>Seg\u00fan la informaci\u00f3n inicial, el siniestro se habr\u00eda registrado alrededor 23:30 horas y tuvo como protagonistas a un cami\u00f3n -Cisterna &#8211; guiado por una persona de apellido Steinke -mayor de edad-, y un autom\u00f3vil -marca Renault modelo Stepway- conducido por un hombre de apellido Gaona, teniendo como acompa\u00f1antes un hombre y tres mujeres mayores de edad,<\/p>\n<p>A ra\u00edz de este siniestro, los ocupantes del rodado menor fueron auxiliados y trasladados hasta el hospital Base Santa Catalina y de all\u00ed, una de ellas -mujer- de apellido Gim\u00e9nez de 83 a\u00f1os de edad fue derivada al hospital Robinson de la ciudad de Monte Caseros por las graves lesiones que presentaba, donde momentos despu\u00e9s se produjo su lamentable deceso.<\/p>\n<p>Al respecto, en el lugar se realizaron las diligencias correspondientes, en tanto, en la citada dependencia con intervenci\u00f3n de la unidad fiscal en turno se contin\u00faan con los tramites del caso.<\/p>\n","protected":false},"excerpt":{"rendered":"<p>JUAN PUJOL\u00a0 &#8211;\u00a0 En horas de la noche de ayer 29-10-25, personal policial dependientes de la Comisaria de Distrito Juan Pujol, tomaron conocimiento que por Ruta Nacional 14 a la altura del Kil\u00f3metro 366 aproximadamente, se habr\u00eda registrado un siniestro vial, en el cual por causas y circunstancias que se tratan de establecer-, colisionaron un [&hellip;]<\/p>\n","protected":false},"author":4,"featured_media":139101,"comment_status":"closed","ping_status":"closed","sticky":false,"template":"","format":"standard","meta":{"footnotes":""},"categories":[58],"tags":[],"class_list":{"0":"post-139100","1":"post","2":"type-post","3":"status-publish","4":"format-standard","5":"has-post-thumbnail","7":"category-corrientes"},"_links":{"self":[{"href":"https:\/\/revistaesperanzas.com\/web\/wp-json\/wp\/v2\/posts\/139100","targetHints":{"allow":["GET"]}}],"collection":[{"href":"https:\/\/revistaesperanzas.com\/web\/wp-json\/wp\/v2\/posts"}],"about":[{"href":"https:\/\/revistaesperanzas.com\/web\/wp-json\/wp\/v2\/types\/post"}],"author":[{"embeddable":true,"href":"https:\/\/revistaesperanzas.com\/web\/wp-json\/wp\/v2\/users\/4"}],"replies":[{"embeddable":true,"href":"https:\/\/revistaesperanzas.com\/web\/wp-json\/wp\/v2\/comments?post=139100"}],"version-history":[{"count":0,"href":"https:\/\/revistaesperanzas.com\/web\/wp-json\/wp\/v2\/posts\/139100\/revisions"}],"wp:featuredmedia":[{"embeddable":true,"href":"https:\/\/revistaesperanzas.com\/web\/wp-json\/wp\/v2\/media\/139101"}],"wp:attachment":[{"href":"https:\/\/revistaesperanzas.com\/web\/wp-json\/wp\/v2\/media?parent=139100"}],"wp:term":[{"taxonomy":"category","embeddable":true,"href":"https:\/\/revistaesperanzas.com\/web\/wp-json\/wp\/v2\/categories?post=139100"},{"taxonomy":"post_tag","embeddable":true,"href":"https:\/\/revistaesperanzas.com\/web\/wp-json\/wp\/v2\/tags?post=139100"}],"curies":[{"name":"wp","href":"https:\/\/api.w.org\/{rel}","templated":true}]}}