{"id":139103,"date":"2025-10-30T20:30:27","date_gmt":"2025-10-30T23:30:27","guid":{"rendered":"https:\/\/revistaesperanzas.com\/web\/?p=139103"},"modified":"2025-10-30T20:30:27","modified_gmt":"2025-10-30T23:30:27","slug":"policia-personal-de-bromatologia-y-veterinarios-inspeccionaron-diferentes-carnicerias","status":"publish","type":"post","link":"https:\/\/revistaesperanzas.com\/web\/2025\/10\/policia-personal-de-bromatologia-y-veterinarios-inspeccionaron-diferentes-carnicerias\/","title":{"rendered":"POLICIA, PERSONAL DE BROMATOLOGIA Y VETERINARIOS INSPECCIONARON DIFERENTES CARNICER\u00cdAS"},"content":{"rendered":"<p>BELLA VISTA\u00a0 &#8211;\u00a0 La Polic\u00eda, realiz\u00f3 trabajos de prevenci\u00f3n y control de carnicer\u00edas.<\/p>\n<p>Personal Policial de Seguridad Rural y Ecol\u00f3gica de Bella Vista, dentro del contexto del \u201cPlan Integral de Seguridad Integral y Prevenci\u00f3n del Abigeato y Control Masivo de Carnicer\u00edas\u201d, diagramado por la Jefatura de Polic\u00eda e implementado en el \u00e1mbito de toda la provincia, en la jornada de ayer 29-10-25, realizaron el control de diferentes carnicer\u00edas de esa ciudad.<\/p>\n<p>En este contexto, se inspeccionaron diferentes carnicer\u00edas, para lo cual contaron con la valiosa colaboraci\u00f3n de personal de veterinarios de bromatolog\u00eda de la municipalidad local.<\/p>\n<p>Cabe se\u00f1alar que el contralor finaliz\u00f3 sin novedad ya que los comercios inspeccionados contaban con todas las documentaciones exigidas por ley para el expendio de carne al p\u00fablico.<\/p>\n","protected":false},"excerpt":{"rendered":"<p>BELLA VISTA\u00a0 &#8211;\u00a0 La Polic\u00eda, realiz\u00f3 trabajos de prevenci\u00f3n y control de carnicer\u00edas. Personal Policial de Seguridad Rural y Ecol\u00f3gica de Bella Vista, dentro del contexto del \u201cPlan Integral de Seguridad Integral y Prevenci\u00f3n del Abigeato y Control Masivo de Carnicer\u00edas\u201d, diagramado por la Jefatura de Polic\u00eda e implementado en el \u00e1mbito de toda la [&hellip;]<\/p>\n","protected":false},"author":4,"featured_media":139104,"comment_status":"closed","ping_status":"closed","sticky":false,"template":"","format":"standard","meta":{"footnotes":""},"categories":[58],"tags":[],"class_list":{"0":"post-139103","1":"post","2":"type-post","3":"status-publish","4":"format-standard","5":"has-post-thumbnail","7":"category-corrientes"},"_links":{"self":[{"href":"https:\/\/revistaesperanzas.com\/web\/wp-json\/wp\/v2\/posts\/139103","targetHints":{"allow":["GET"]}}],"collection":[{"href":"https:\/\/revistaesperanzas.com\/web\/wp-json\/wp\/v2\/posts"}],"about":[{"href":"https:\/\/revistaesperanzas.com\/web\/wp-json\/wp\/v2\/types\/post"}],"author":[{"embeddable":true,"href":"https:\/\/revistaesperanzas.com\/web\/wp-json\/wp\/v2\/users\/4"}],"replies":[{"embeddable":true,"href":"https:\/\/revistaesperanzas.com\/web\/wp-json\/wp\/v2\/comments?post=139103"}],"version-history":[{"count":0,"href":"https:\/\/revistaesperanzas.com\/web\/wp-json\/wp\/v2\/posts\/139103\/revisions"}],"wp:featuredmedia":[{"embeddable":true,"href":"https:\/\/revistaesperanzas.com\/web\/wp-json\/wp\/v2\/media\/139104"}],"wp:attachment":[{"href":"https:\/\/revistaesperanzas.com\/web\/wp-json\/wp\/v2\/media?parent=139103"}],"wp:term":[{"taxonomy":"category","embeddable":true,"href":"https:\/\/revistaesperanzas.com\/web\/wp-json\/wp\/v2\/categories?post=139103"},{"taxonomy":"post_tag","embeddable":true,"href":"https:\/\/revistaesperanzas.com\/web\/wp-json\/wp\/v2\/tags?post=139103"}],"curies":[{"name":"wp","href":"https:\/\/api.w.org\/{rel}","templated":true}]}}