{"id":139108,"date":"2025-10-30T20:37:51","date_gmt":"2025-10-30T23:37:51","guid":{"rendered":"https:\/\/revistaesperanzas.com\/web\/?p=139108"},"modified":"2025-10-30T20:37:51","modified_gmt":"2025-10-30T23:37:51","slug":"como-hablar-de-nuestra-madre-di-filippo-destaco-la-importancia-de-conmemorar-la-fecha-de-radicacion-de-goya","status":"publish","type":"post","link":"https:\/\/revistaesperanzas.com\/web\/2025\/10\/como-hablar-de-nuestra-madre-di-filippo-destaco-la-importancia-de-conmemorar-la-fecha-de-radicacion-de-goya\/","title":{"rendered":"&#8220;C\u00d3MO HABLAR DE NUESTRA MADRE&#8221;:   DI FILIPPO DESTAC\u00d3 LA IMPORTANCIA DE CONMEMORAR LA FECHA DE RADICACI\u00d3N DE GOYA"},"content":{"rendered":"<p style=\"font-weight: 400;\">En una extensa entrevista, el ex intendente Alberto Di Filippo brind\u00f3 su visi\u00f3n sobre la trascendencia de reconocer el 9 de noviembre de 1791 como el d\u00eda fundacional de la ciudad.\u00a0 Destac\u00f3 la importancia del sentido de identidad y un llamado a la unidad para construir un futuro a\u00fan m\u00e1s pr\u00f3spero para Goya.<a href=\"https:\/\/revistaesperanzas.com\/web\/2025\/10\/como-hablar-de-nuestra-madre-di-filippo-destaco-la-importancia-de-conmemorar-la-fecha-de-radicacion-de-goya\/difilipo-2\/\" rel=\"attachment wp-att-139110\"><img loading=\"lazy\" decoding=\"async\" class=\"alignnone size-full wp-image-139110\" src=\"https:\/\/revistaesperanzas.com\/web\/wp-content\/uploads\/2025\/10\/DIFILIPO-2.jpeg\" alt=\"\" width=\"2560\" height=\"1695\" srcset=\"https:\/\/revistaesperanzas.com\/web\/wp-content\/uploads\/2025\/10\/DIFILIPO-2.jpeg 2560w, https:\/\/revistaesperanzas.com\/web\/wp-content\/uploads\/2025\/10\/DIFILIPO-2-634x420.jpeg 634w, https:\/\/revistaesperanzas.com\/web\/wp-content\/uploads\/2025\/10\/DIFILIPO-2-696x461.jpeg 696w, https:\/\/revistaesperanzas.com\/web\/wp-content\/uploads\/2025\/10\/DIFILIPO-2-1068x707.jpeg 1068w, https:\/\/revistaesperanzas.com\/web\/wp-content\/uploads\/2025\/10\/DIFILIPO-2-1920x1271.jpeg 1920w\" sizes=\"auto, (max-width: 2560px) 100vw, 2560px\" \/><\/a><\/p>\n<p style=\"font-weight: 400;\">Goya se prepara para vivir una jornada hist\u00f3rica el pr\u00f3ximo domingo 9 de noviembre, fecha en la que se conmemorar\u00e1 la primera radicaci\u00f3n de la ciudad, un hito que marcar\u00e1 un antes y un despu\u00e9s en la forma en que los goyanos se relacionan con su pasado. En este contexto, el ex intendente \u00a0Alberto Di Filippo, una voz autorizada para hablar del presente y futuro de Goya, volc\u00f3 sus reflexiones en una entrevista concedida a Radio Ciudad, donde en di\u00e1logo con el director de Prensa, Alejandro Medina destac\u00f3 la importancia de reconocer y valorar los or\u00edgenes de la ciudad.<\/p>\n<p style=\"font-weight: 400;\">&#8220;El agradecido soy yo por esta entrevista, aparte, por un tema tan lindo, interesante e importante. Hablar de los or\u00edgenes y las fechas de los a\u00f1os que tiene Goya es como hablar de nuestra madre&#8221;, expres\u00f3 Di Filippo resaltando el profundo significado que tiene para \u00e9l y para todos los goyanos esta conmemoraci\u00f3n.<a href=\"https:\/\/revistaesperanzas.com\/web\/2025\/10\/como-hablar-de-nuestra-madre-di-filippo-destaco-la-importancia-de-conmemorar-la-fecha-de-radicacion-de-goya\/difilipo-4\/\" rel=\"attachment wp-att-139111\"><img loading=\"lazy\" decoding=\"async\" class=\" wp-image-139111 alignleft\" src=\"https:\/\/revistaesperanzas.com\/web\/wp-content\/uploads\/2025\/10\/DIFILIPO-4.jpeg\" alt=\"\" width=\"450\" height=\"598\" srcset=\"https:\/\/revistaesperanzas.com\/web\/wp-content\/uploads\/2025\/10\/DIFILIPO-4.jpeg 1204w, https:\/\/revistaesperanzas.com\/web\/wp-content\/uploads\/2025\/10\/DIFILIPO-4-316x420.jpeg 316w, https:\/\/revistaesperanzas.com\/web\/wp-content\/uploads\/2025\/10\/DIFILIPO-4-696x925.jpeg 696w, https:\/\/revistaesperanzas.com\/web\/wp-content\/uploads\/2025\/10\/DIFILIPO-4-1068x1419.jpeg 1068w\" sizes=\"auto, (max-width: 450px) 100vw, 450px\" \/><\/a><\/p>\n<p style=\"font-weight: 400;\">\u00a0ENCUENTRO DE EX INTENDENTES<\/p>\n<p style=\"font-weight: 400;\">Di Filippo expres\u00f3 su entusiasmo por haber participado en una reciente reuni\u00f3n en la Municipalidad, donde el actual intendente, Mariano Hormaechea, convoc\u00f3 a ex jefes comunales para dialogar sobre esta iniciativa. &#8220;Es la segunda vez, en esta gesti\u00f3n, que se re\u00fanen todos los ex intendentes con el actual intendente. Es algo muy, pero muy bueno, que habla muy bien de nuestra ciudad&#8221;, afirm\u00f3 Di Filippo, subrayando el clima de di\u00e1logo y colaboraci\u00f3n que caracteriza a estos encuentros, un ejemplo de madurez pol\u00edtica que enorgullece a los goyanos.<\/p>\n<p style=\"font-weight: 400;\">INVESTIGACI\u00d3N HIST\u00d3RICA<\/p>\n<p style=\"font-weight: 400;\">El ex intendente destac\u00f3 la relevancia del documento encontrado en el Archivo Hist\u00f3rico de la Naci\u00f3n que data de 1791, el cual menciona por primera vez el nombre de Goya en un documento oficial. &#8220;En la medida en que nos aproximemos m\u00e1s, en base a documentos hist\u00f3ricos, serios, reales, concretos, al punto de partida, es muy importante. Es como ir encontrando la fecha de nacimiento de lo que m\u00e1s queremos, que es nuestra ciudad&#8221;, expres\u00f3 Di Filippo, resaltando el arduo trabajo de investigaci\u00f3n que permiti\u00f3 dar con este valioso hallazgo.<\/p>\n<p style=\"font-weight: 400;\">Asimismo, resalt\u00f3 el trabajo de la comisi\u00f3n conformada por la profesora Margarita Fogantini, el doctor Virgilio Acosta y el doctor Walter Ernesto Grosse, quienes llevaron adelante una investigaci\u00f3n exhaustiva para recabar informaci\u00f3n y respaldar esta fecha hist\u00f3rica. &#8220;Qu\u00e9 importante es contar en nuestra ciudad con personas como las que mencionaste o con otras personas que ya no est\u00e1n, como don Pedro Cassani, don Virgilio Acosta. Personas que se preocuparon, que fueron investigando no solo esto, sino una cantidad de cosas que hacen a nuestra vida, a nuestra esencia, a nuestro orgullo de sentirnos contentos de ser goyanos&#8221;, agreg\u00f3 Di Filippo.<a href=\"https:\/\/revistaesperanzas.com\/web\/2025\/10\/como-hablar-de-nuestra-madre-di-filippo-destaco-la-importancia-de-conmemorar-la-fecha-de-radicacion-de-goya\/difilipo-1\/\" rel=\"attachment wp-att-139112\"><img loading=\"lazy\" decoding=\"async\" class=\"alignnone size-full wp-image-139112\" src=\"https:\/\/revistaesperanzas.com\/web\/wp-content\/uploads\/2025\/10\/DIFILIPO-1.jpeg\" alt=\"\" width=\"1600\" height=\"1059\" srcset=\"https:\/\/revistaesperanzas.com\/web\/wp-content\/uploads\/2025\/10\/DIFILIPO-1.jpeg 1600w, https:\/\/revistaesperanzas.com\/web\/wp-content\/uploads\/2025\/10\/DIFILIPO-1-635x420.jpeg 635w, https:\/\/revistaesperanzas.com\/web\/wp-content\/uploads\/2025\/10\/DIFILIPO-1-696x461.jpeg 696w, https:\/\/revistaesperanzas.com\/web\/wp-content\/uploads\/2025\/10\/DIFILIPO-1-1068x707.jpeg 1068w\" sizes=\"auto, (max-width: 1600px) 100vw, 1600px\" \/><\/a><\/p>\n<p style=\"font-weight: 400;\">UN CRISOL DE CULTURAS Y TRADICIONES<\/p>\n<p style=\"font-weight: 400;\">Di Filippo hizo hincapi\u00e9 en la riqueza cultural e hist\u00f3rica de Goya, mencionando su mote de &#8220;la Petit Par\u00eds&#8221; y la importancia de instituciones como el Teatro Municipal y la Escuela Normal, la primera escuela Normal Mixta de Sudam\u00e9rica. Adem\u00e1s, record\u00f3 a personalidades destacadas que trascendieron las fronteras de la ciudad y la provincia, como el vicepresidente Hortensio Quijano y el doctor Borda.<\/p>\n<p style=\"font-weight: 400;\">&#8220;Goya es rica culturalmente, pero tambi\u00e9n en la historia, donde se sigue buceando en aquellos or\u00edgenes remont\u00e1ndonos a 1760 a 1770 y se logra dar con este documento que est\u00e1 en el Archivo Hist\u00f3rico Nacional del a\u00f1o 1791, que es un acta de confiscaci\u00f3n de cueros y donde aparece por primera vez el nombre de Goya, y eso nos est\u00e1 dando como un punto de partida para empezar a ordenar nuestra historia&#8221;, reflexion\u00f3 Di Filippo.<\/p>\n<p style=\"font-weight: 400;\">EL LEGADO<\/p>\n<p style=\"font-weight: 400;\">En el marco de la conmemoraci\u00f3n del 9 de noviembre, Di Filippo inst\u00f3 a los goyanos a empoderarse de esta fecha y a transmitir este legado a las futuras generaciones. &#8220;Tenemos que disfrutar nosotros, no dejar de disfrutar, pero tambi\u00e9n dejarles a nuestros hijos, a nuestros nietos, todas las cosas lo mejor posible. Esto es bueno, porque les da continuidad, los apega al lugar, les genera un cari\u00f1o entra\u00f1able por la ciudad, lo que hace que se porten mejor, que la tengan m\u00e1s cuidada&#8221;, expres\u00f3 con convicci\u00f3n.<a href=\"https:\/\/revistaesperanzas.com\/web\/2025\/10\/como-hablar-de-nuestra-madre-di-filippo-destaco-la-importancia-de-conmemorar-la-fecha-de-radicacion-de-goya\/difilipo-6\/\" rel=\"attachment wp-att-139113\"><img loading=\"lazy\" decoding=\"async\" class=\"alignnone size-full wp-image-139113\" src=\"https:\/\/revistaesperanzas.com\/web\/wp-content\/uploads\/2025\/10\/DIFILIPO-6.jpeg\" alt=\"\" width=\"1600\" height=\"1204\" srcset=\"https:\/\/revistaesperanzas.com\/web\/wp-content\/uploads\/2025\/10\/DIFILIPO-6.jpeg 1600w, https:\/\/revistaesperanzas.com\/web\/wp-content\/uploads\/2025\/10\/DIFILIPO-6-558x420.jpeg 558w, https:\/\/revistaesperanzas.com\/web\/wp-content\/uploads\/2025\/10\/DIFILIPO-6-80x60.jpeg 80w, https:\/\/revistaesperanzas.com\/web\/wp-content\/uploads\/2025\/10\/DIFILIPO-6-696x524.jpeg 696w, https:\/\/revistaesperanzas.com\/web\/wp-content\/uploads\/2025\/10\/DIFILIPO-6-1068x804.jpeg 1068w, https:\/\/revistaesperanzas.com\/web\/wp-content\/uploads\/2025\/10\/DIFILIPO-6-265x198.jpeg 265w\" sizes=\"auto, (max-width: 1600px) 100vw, 1600px\" \/><\/a><\/p>\n<p style=\"font-weight: 400;\">Medina, por su parte, a\u00f1adi\u00f3: &#8220;Se trata de articular para que el privado sienta el respaldo del Estado y tambi\u00e9n el vecino, y de esto hay claros ejemplos como el &#8216;mitad y mitad&#8217;, con el que se han logrado muchas cosas&#8221;.<\/p>\n<p style=\"font-weight: 400;\">UN FUTURO PROMETEDOR<\/p>\n<p style=\"font-weight: 400;\">Di Filippo se mostr\u00f3 optimista respecto al futuro de Goya, destacando su ubicaci\u00f3n estrat\u00e9gica, su riqueza natural y su capacidad de adaptaci\u00f3n a los cambios. En este sentido, mencion\u00f3 la importancia de seguir trabajando en conjunto para impulsar el desarrollo econ\u00f3mico, social y cultural de la ciudad, preservando su identidad y sus tradiciones.<\/p>\n<p style=\"font-weight: 400;\">&#8220;Tenemos un lugar privilegiado, incluso hasta el r\u00edo Paran\u00e1 se port\u00f3 muy bien con nosotros, la naturaleza, al hacernos esta entrada que es el riacho Goya, que fue el motivo del origen, que fue el \u00fanico lugar, en cientos de millas n\u00e1uticas para poder refugiarse, acampar, hacer un alto, reparar la embarcaci\u00f3n, lo que fuera, y hoy sigue siendo un motivo de atracci\u00f3n porque genera adem\u00e1s esto extraordinario que nos dio la naturaleza&#8221;, reflexion\u00f3 Di Filippo, resaltando la belleza natural que distingue a Goya.<\/p>\n<p style=\"font-weight: 400;\">PR\u00d3XIMOS FESTEJOS<\/p>\n<p style=\"font-weight: 400;\">Goya se prepara para celebrar el pr\u00f3ximo 9 de noviembre su fecha de radicaci\u00f3n hist\u00f3rica con una serie de eventos y actividades que resaltar\u00e1n la identidad y el patrimonio cultural de la ciudad. Esta conmemoraci\u00f3n representa una oportunidad para reflexionar sobre el pasado, celebrar el presente y proyectar un futuro pr\u00f3spero para todos los goyanos.<a href=\"https:\/\/revistaesperanzas.com\/web\/2025\/10\/como-hablar-de-nuestra-madre-di-filippo-destaco-la-importancia-de-conmemorar-la-fecha-de-radicacion-de-goya\/difilipo-5\/\" rel=\"attachment wp-att-139114\"><img loading=\"lazy\" decoding=\"async\" class=\" wp-image-139114 alignleft\" src=\"https:\/\/revistaesperanzas.com\/web\/wp-content\/uploads\/2025\/10\/DIFILIPO-5.jpeg\" alt=\"\" width=\"450\" height=\"598\" srcset=\"https:\/\/revistaesperanzas.com\/web\/wp-content\/uploads\/2025\/10\/DIFILIPO-5.jpeg 600w, https:\/\/revistaesperanzas.com\/web\/wp-content\/uploads\/2025\/10\/DIFILIPO-5-316x420.jpeg 316w\" sizes=\"auto, (max-width: 450px) 100vw, 450px\" \/><\/a><\/p>\n<p style=\"font-weight: 400;\">En este sentido, Di Filippo concluy\u00f3: &#8220;Cuando me invit\u00f3 el intendente a participar con los dem\u00e1s intendentes, le dec\u00eda a \u00e9l que era muy importante esto que se estaba haciendo y que era muy bueno y positivo. Me parec\u00eda tal vez una de las obras m\u00e1s lindas que he visto en los \u00faltimos a\u00f1os, porque es muy bueno tratar de encontrar hasta los \u00faltimos detalles posibles de nuestros or\u00edgenes.<\/p>\n<p style=\"font-weight: 400;\">\u00a0Con la mirada puesta en el pasado, el coraz\u00f3n en el presente y la esperanza en el futuro, Goya se prepara para escribir un nuevo cap\u00edtulo en su rica historia. El 9 de noviembre, la ciudad se vestir\u00e1 de fiesta para celebrar su identidad y reafirmar su compromiso con un futuro de progreso y bienestar para todos sus habitantes.<\/p>\n","protected":false},"excerpt":{"rendered":"<p>En una extensa entrevista, el ex intendente Alberto Di Filippo brind\u00f3 su visi\u00f3n sobre la trascendencia de reconocer el 9 de noviembre de 1791 como el d\u00eda fundacional de la ciudad.\u00a0 Destac\u00f3 la importancia del sentido de identidad y un llamado a la unidad para construir un futuro a\u00fan m\u00e1s pr\u00f3spero para Goya. Goya se [&hellip;]<\/p>\n","protected":false},"author":4,"featured_media":139109,"comment_status":"closed","ping_status":"closed","sticky":false,"template":"","format":"standard","meta":{"footnotes":""},"categories":[45],"tags":[],"class_list":{"0":"post-139108","1":"post","2":"type-post","3":"status-publish","4":"format-standard","5":"has-post-thumbnail","7":"category-locales"},"_links":{"self":[{"href":"https:\/\/revistaesperanzas.com\/web\/wp-json\/wp\/v2\/posts\/139108","targetHints":{"allow":["GET"]}}],"collection":[{"href":"https:\/\/revistaesperanzas.com\/web\/wp-json\/wp\/v2\/posts"}],"about":[{"href":"https:\/\/revistaesperanzas.com\/web\/wp-json\/wp\/v2\/types\/post"}],"author":[{"embeddable":true,"href":"https:\/\/revistaesperanzas.com\/web\/wp-json\/wp\/v2\/users\/4"}],"replies":[{"embeddable":true,"href":"https:\/\/revistaesperanzas.com\/web\/wp-json\/wp\/v2\/comments?post=139108"}],"version-history":[{"count":0,"href":"https:\/\/revistaesperanzas.com\/web\/wp-json\/wp\/v2\/posts\/139108\/revisions"}],"wp:featuredmedia":[{"embeddable":true,"href":"https:\/\/revistaesperanzas.com\/web\/wp-json\/wp\/v2\/media\/139109"}],"wp:attachment":[{"href":"https:\/\/revistaesperanzas.com\/web\/wp-json\/wp\/v2\/media?parent=139108"}],"wp:term":[{"taxonomy":"category","embeddable":true,"href":"https:\/\/revistaesperanzas.com\/web\/wp-json\/wp\/v2\/categories?post=139108"},{"taxonomy":"post_tag","embeddable":true,"href":"https:\/\/revistaesperanzas.com\/web\/wp-json\/wp\/v2\/tags?post=139108"}],"curies":[{"name":"wp","href":"https:\/\/api.w.org\/{rel}","templated":true}]}}