{"id":139120,"date":"2025-10-30T20:41:09","date_gmt":"2025-10-30T23:41:09","guid":{"rendered":"https:\/\/revistaesperanzas.com\/web\/?p=139120"},"modified":"2025-10-30T20:41:09","modified_gmt":"2025-10-30T23:41:09","slug":"goya-nos-esta-pidiendo-a-gritos-que-nos-ordenemos-es-una-necesidad-basica-que-tenemos-que-dar-respuesta","status":"publish","type":"post","link":"https:\/\/revistaesperanzas.com\/web\/2025\/10\/goya-nos-esta-pidiendo-a-gritos-que-nos-ordenemos-es-una-necesidad-basica-que-tenemos-que-dar-respuesta\/","title":{"rendered":"\u201cGOYA NOS EST\u00c1 PIDIENDO A GRITOS QUE NOS ORDENEMOS, ES UNA NECESIDAD B\u00c1SICA QUE TENEMOS QUE DAR RESPUESTA\u201d"},"content":{"rendered":"<p style=\"font-weight: 400;\">Subsecretar\u00eda de Planeamiento, Arq. Luisina Leyes:<\/p>\n<p style=\"font-weight: 400;\">El desarrollo urbano \u00a0es un hito fundamental para la gesti\u00f3n Hormaechea en su b\u00fasqueda de una mayor organizaci\u00f3n, sustentabilidad, modernizaci\u00f3n e inclusi\u00f3n. La arquitecta Luisina Leyes, Subsecretar\u00eda de Planeamiento de la Municipalidad de Goya, destac\u00f3 los avances en infraestructura y recuperaci\u00f3n de espacios p\u00fablicos que buscan transformar la ciudad en un destino planificado, sostenible y atractivo.<\/p>\n<p style=\"font-weight: 400;\">Respecto a la construcci\u00f3n de la Nueva Terminal de \u00d3mnibus dijo que \u201cestamos con un avance de obra entre un 35 y 40 %,los pasados d\u00edas lluviosos nos complicaron un poco. Los avances todav\u00eda no se ven porque son de fundaciones, estamos con las excavaciones y estructuras principales de fundaci\u00f3n, todo bajo suelo, creemos que para fin de a\u00f1o tendr\u00edamos un 100% de esta primera etapa\u201d explic\u00f3 este jueves la arquitecta Leyes.<\/p>\n<p style=\"font-weight: 400;\">ESPACIO VERDE B\u00b0 \u00d1ANDEROGA<a href=\"https:\/\/revistaesperanzas.com\/web\/2025\/10\/goya-nos-esta-pidiendo-a-gritos-que-nos-ordenemos-es-una-necesidad-basica-que-tenemos-que-dar-respuesta\/luisina-2\/\" rel=\"attachment wp-att-139122\"><img loading=\"lazy\" decoding=\"async\" class=\"alignnone size-full wp-image-139122\" src=\"https:\/\/revistaesperanzas.com\/web\/wp-content\/uploads\/2025\/10\/luisina-2.jpeg\" alt=\"\" width=\"1600\" height=\"1200\" srcset=\"https:\/\/revistaesperanzas.com\/web\/wp-content\/uploads\/2025\/10\/luisina-2.jpeg 1600w, https:\/\/revistaesperanzas.com\/web\/wp-content\/uploads\/2025\/10\/luisina-2-560x420.jpeg 560w, https:\/\/revistaesperanzas.com\/web\/wp-content\/uploads\/2025\/10\/luisina-2-80x60.jpeg 80w, https:\/\/revistaesperanzas.com\/web\/wp-content\/uploads\/2025\/10\/luisina-2-696x522.jpeg 696w, https:\/\/revistaesperanzas.com\/web\/wp-content\/uploads\/2025\/10\/luisina-2-1068x801.jpeg 1068w, https:\/\/revistaesperanzas.com\/web\/wp-content\/uploads\/2025\/10\/luisina-2-265x198.jpeg 265w\" sizes=\"auto, (max-width: 1600px) 100vw, 1600px\" \/><\/a><\/p>\n<p style=\"font-weight: 400;\">Desde la Oficina de Planeamiento se busca revitalizar el v\u00ednculo con el vecino y consolidar a Goya como una capital tur\u00edstica con identidad, recuperando y modernizando espacios p\u00fablicos.<\/p>\n<p style=\"font-weight: 400;\">Respecto al avance de obra del barrio \u00d1anderoga, que fue un pedido de los vecinos: \u201chemos podido dar respuestas, hicimos un an\u00e1lisis desde el \u00e1rea de Planeamiento, les hicimos dos propuestas, conjugamos ideas y coincidimos que en ese lugar se iba a desarrollar este acceso. Se hace con mano de obra municipal 100% con recursos municipales\u2026hoy estamos entrando en una etapa final con los \u00faltimos detalles como pintura e iluminaci\u00f3n y pronto vamos a estar inaugurando este sector. Cambia la fisonom\u00eda y le da otra vista al barrio, se le va dando identidad a cada sector de la ciudad\u201d reiter\u00f3.<\/p>\n<p style=\"font-weight: 400;\">COSTANERA NORTE EL ING\u00c1<\/p>\n<p style=\"font-weight: 400;\">Otro espacio que el municipio busca seguir modernizando para dar m\u00e1s utilidad, brindar comodidad y seguridad al ciudadano que hace actividades f\u00edsicas es la zona de playa El Ing\u00e1.<\/p>\n<p style=\"font-weight: 400;\">Es as\u00ed que desde la municipalidad se contin\u00faa con el avance de obras en ese sector, sobre todo en la peatonal y camino que llega hasta el canal de Chiappe.<\/p>\n<p style=\"font-weight: 400;\">\u00a0\u201cEste es el mejor ejemplo de c\u00f3mo se va desarrollando la ciudad, nosotros vamos dando respuestas a los requerimientos, vimos la necesidad de que la gente circulaba por el sector norte y cuando se consolida toda la parte de iluminaci\u00f3n del canal de Chiappe hacia la avenida Alem, ah\u00ed se acentu\u00f3 m\u00e1s esta circulaci\u00f3n de gente haciendo actividades f\u00edsicas\u201d explic\u00f3.<\/p>\n<p style=\"font-weight: 400;\">SENDA PEATONAL<\/p>\n<p style=\"font-weight: 400;\">Refiri\u00e9ndose a la intervenci\u00f3n en ese mismo sector, Luisina Leyes profundiz\u00f3 m\u00e1s la explicaci\u00f3n de la obra que actualmente se lleva adelante.<\/p>\n<p style=\"font-weight: 400;\">\u201cJunto con la secretar\u00eda de Obras P\u00fablicas se diagram\u00f3 de qu\u00e9 lado era m\u00e1s factible armar una senda peatonal, ya que la calle es angosta y doble mano, as\u00ed que se acord\u00f3 y decidimos que iba a ir a la vera del Riacho Goya y ah\u00ed se est\u00e1 consolidando con iluminaci\u00f3n\u201d dando continuidad, de esta manera, a la l\u00ednea de luminarias que actualmente ilumina la playita \u201cas\u00ed que estamos poni\u00e9ndole vida a cada sector de la ciudad\u201d insisti\u00f3.<\/p>\n<p style=\"font-weight: 400;\">ZONA DEL EX FERROCARRIL<\/p>\n<p style=\"font-weight: 400;\">Consultada por los avances de los proyectos de los espacios de la zona sur, especialmente en zona del Ex Ferrocarril, destac\u00f3 que este es un sector muy valorado por los vecinos, con actividades convocantes, la ciclo v\u00eda, espacio para disciplinas urbanas, circuito de bicis y skate en una amplia superficie.<a href=\"https:\/\/revistaesperanzas.com\/web\/2025\/10\/goya-nos-esta-pidiendo-a-gritos-que-nos-ordenemos-es-una-necesidad-basica-que-tenemos-que-dar-respuesta\/luisina-1\/\" rel=\"attachment wp-att-139123\"><img loading=\"lazy\" decoding=\"async\" class=\" wp-image-139123 alignleft\" src=\"https:\/\/revistaesperanzas.com\/web\/wp-content\/uploads\/2025\/10\/luisina-1.jpeg\" alt=\"\" width=\"420\" height=\"748\" srcset=\"https:\/\/revistaesperanzas.com\/web\/wp-content\/uploads\/2025\/10\/luisina-1.jpeg 584w, https:\/\/revistaesperanzas.com\/web\/wp-content\/uploads\/2025\/10\/luisina-1-236x420.jpeg 236w\" sizes=\"auto, (max-width: 420px) 100vw, 420px\" \/><\/a><\/p>\n<p style=\"font-weight: 400;\">Los objetivos de estas obras son promover estos espacios comunitarios como \u00e1rea de actividades cultural, social y deportiva y generar la motivaci\u00f3n en los ciudadanos de pr\u00e1cticas de convivencia en el espacio urbano p\u00fablico.<\/p>\n<p style=\"font-weight: 400;\">\u201cEste lugar era un espacio olvidado, hasta era temeroso, nadie quer\u00eda ir porque era peligro y hoy es un lugar amigable para las familias, para los ni\u00f1os, es seguro, eso lo hemos dado a trav\u00e9s del parquizado, la iluminaci\u00f3n. As\u00ed que \u00e9sta es la idea: ir ganando estos sectores al igual que en la zona norte, la ideas es ir avanzando e ir tejiendo esas conectividades que faltan\u201d conceptu\u00f3.<\/p>\n<p style=\"font-weight: 400;\">\u201cTenemos que ir pensando qu\u00e9 tipo de conectividad vamos a tener, extender las calles y buscar otras vinculaciones\u201d.<\/p>\n<p style=\"font-weight: 400;\">NECESIDAD DE DESARROLLO<\/p>\n<p style=\"font-weight: 400;\">La ampliaci\u00f3n de radios urbanos garantiza un funcionamiento eficaz, promueve el crecimiento, el bienestar y la sostenibilidad centrado en la mejora de la calidad de vida de los habitantes.<\/p>\n<p style=\"font-weight: 400;\">La gesti\u00f3n del intendente Mariano Hormaechea ha emprendido una pol\u00edtica de Estado con la finalidad del desarrollo urban\u00edstico vinculada con la modernizaci\u00f3n y la inclusi\u00f3n, \u00a0en distintos sectores de la ciudad.<\/p>\n<p style=\"font-weight: 400;\">Esta planificaci\u00f3n permite desarrollar estrategias flexibles que se ajusten a las cambiantes necesidades de la poblaci\u00f3n.<\/p>\n","protected":false},"excerpt":{"rendered":"<p>Subsecretar\u00eda de Planeamiento, Arq. Luisina Leyes: El desarrollo urbano \u00a0es un hito fundamental para la gesti\u00f3n Hormaechea en su b\u00fasqueda de una mayor organizaci\u00f3n, sustentabilidad, modernizaci\u00f3n e inclusi\u00f3n. La arquitecta Luisina Leyes, Subsecretar\u00eda de Planeamiento de la Municipalidad de Goya, destac\u00f3 los avances en infraestructura y recuperaci\u00f3n de espacios p\u00fablicos que buscan transformar la ciudad [&hellip;]<\/p>\n","protected":false},"author":4,"featured_media":139121,"comment_status":"closed","ping_status":"closed","sticky":false,"template":"","format":"standard","meta":{"footnotes":""},"categories":[45],"tags":[],"class_list":{"0":"post-139120","1":"post","2":"type-post","3":"status-publish","4":"format-standard","5":"has-post-thumbnail","7":"category-locales"},"_links":{"self":[{"href":"https:\/\/revistaesperanzas.com\/web\/wp-json\/wp\/v2\/posts\/139120","targetHints":{"allow":["GET"]}}],"collection":[{"href":"https:\/\/revistaesperanzas.com\/web\/wp-json\/wp\/v2\/posts"}],"about":[{"href":"https:\/\/revistaesperanzas.com\/web\/wp-json\/wp\/v2\/types\/post"}],"author":[{"embeddable":true,"href":"https:\/\/revistaesperanzas.com\/web\/wp-json\/wp\/v2\/users\/4"}],"replies":[{"embeddable":true,"href":"https:\/\/revistaesperanzas.com\/web\/wp-json\/wp\/v2\/comments?post=139120"}],"version-history":[{"count":0,"href":"https:\/\/revistaesperanzas.com\/web\/wp-json\/wp\/v2\/posts\/139120\/revisions"}],"wp:featuredmedia":[{"embeddable":true,"href":"https:\/\/revistaesperanzas.com\/web\/wp-json\/wp\/v2\/media\/139121"}],"wp:attachment":[{"href":"https:\/\/revistaesperanzas.com\/web\/wp-json\/wp\/v2\/media?parent=139120"}],"wp:term":[{"taxonomy":"category","embeddable":true,"href":"https:\/\/revistaesperanzas.com\/web\/wp-json\/wp\/v2\/categories?post=139120"},{"taxonomy":"post_tag","embeddable":true,"href":"https:\/\/revistaesperanzas.com\/web\/wp-json\/wp\/v2\/tags?post=139120"}],"curies":[{"name":"wp","href":"https:\/\/api.w.org\/{rel}","templated":true}]}}