{"id":139132,"date":"2025-10-30T20:45:19","date_gmt":"2025-10-30T23:45:19","guid":{"rendered":"https:\/\/revistaesperanzas.com\/web\/?p=139132"},"modified":"2025-10-30T20:45:19","modified_gmt":"2025-10-30T23:45:19","slug":"obra-senda-peatonal-sector-norte","status":"publish","type":"post","link":"https:\/\/revistaesperanzas.com\/web\/2025\/10\/obra-senda-peatonal-sector-norte\/","title":{"rendered":"OBRA SENDA PEATONAL SECTOR NORTE"},"content":{"rendered":"<p style=\"font-weight: 400;\">La Municipalidad de Goya por administraci\u00f3n lleva adelante la construcci\u00f3n de 500 metros aproximadamente de una senda peatonal, obra que comprende desde la conjunci\u00f3n del paseo Pacho Balestra y Patricias Argentinas hasta el canal de Chiappe.<a href=\"https:\/\/revistaesperanzas.com\/web\/2025\/10\/obra-senda-peatonal-sector-norte\/senda-peatonal-1\/\" rel=\"attachment wp-att-139134\"><img loading=\"lazy\" decoding=\"async\" class=\"alignnone size-full wp-image-139134\" src=\"https:\/\/revistaesperanzas.com\/web\/wp-content\/uploads\/2025\/10\/SENDA-PEATONAL-1.jpeg\" alt=\"\" width=\"1600\" height=\"1066\" srcset=\"https:\/\/revistaesperanzas.com\/web\/wp-content\/uploads\/2025\/10\/SENDA-PEATONAL-1.jpeg 1600w, https:\/\/revistaesperanzas.com\/web\/wp-content\/uploads\/2025\/10\/SENDA-PEATONAL-1-630x420.jpeg 630w, https:\/\/revistaesperanzas.com\/web\/wp-content\/uploads\/2025\/10\/SENDA-PEATONAL-1-696x464.jpeg 696w, https:\/\/revistaesperanzas.com\/web\/wp-content\/uploads\/2025\/10\/SENDA-PEATONAL-1-1068x712.jpeg 1068w\" sizes=\"auto, (max-width: 1600px) 100vw, 1600px\" \/><\/a><\/p>\n<p style=\"font-weight: 400;\">En la ma\u00f1ana de este jueves, el intendente Mariano Hormaechea junto \u00a0al Secretario de Obras y Servicios P\u00fablicos Guillermo Peluffo recorrieron el lugar donde ya se construyeron 60 metros, trabajos que se llevan adelante a trav\u00e9s de la Direcci\u00f3n de Obras de la Secretar\u00eda de Obras y Servicios P\u00fablicos con recursos propios del municipio por administraci\u00f3n con mano de obra y equipamiento de la Municipalidad.<\/p>\n<p style=\"font-weight: 400;\">Los trabajos consisten en la preparaci\u00f3n del terreno, con labores preliminares como nivelaci\u00f3n de suelo, relleno, moldeo y hormigonado.<a href=\"https:\/\/revistaesperanzas.com\/web\/2025\/10\/obra-senda-peatonal-sector-norte\/senda-peatonal-2\/\" rel=\"attachment wp-att-139135\"><img loading=\"lazy\" decoding=\"async\" class=\"alignnone size-full wp-image-139135\" src=\"https:\/\/revistaesperanzas.com\/web\/wp-content\/uploads\/2025\/10\/SENDA-PEATONAL-2.jpeg\" alt=\"\" width=\"1600\" height=\"1066\" srcset=\"https:\/\/revistaesperanzas.com\/web\/wp-content\/uploads\/2025\/10\/SENDA-PEATONAL-2.jpeg 1600w, https:\/\/revistaesperanzas.com\/web\/wp-content\/uploads\/2025\/10\/SENDA-PEATONAL-2-630x420.jpeg 630w, https:\/\/revistaesperanzas.com\/web\/wp-content\/uploads\/2025\/10\/SENDA-PEATONAL-2-696x464.jpeg 696w, https:\/\/revistaesperanzas.com\/web\/wp-content\/uploads\/2025\/10\/SENDA-PEATONAL-2-1068x712.jpeg 1068w\" sizes=\"auto, (max-width: 1600px) 100vw, 1600px\" \/><\/a><\/p>\n<p style=\"font-weight: 400;\">La construcci\u00f3n de esta senda peatonal es del lado oeste de la avenida Patricia Argentina, la que da sobre la costa del rio con lo que se logra un paso de esparcimiento, recreativo y para desarrollar actividades f\u00edsicas como caminatas, running, con el objetivo de la gesti\u00f3n municipal de avanzar en la recuperaci\u00f3n de estos espacios p\u00fablicos, en este caso un paseo costero, llegando hasta el canal de Chiappe, lugar que se vincula hasta avenida Alem donde hace unos meses se inaugur\u00f3 un sistema de iluminaci\u00f3n (alumbrado p\u00fablico). <a href=\"https:\/\/revistaesperanzas.com\/web\/2025\/10\/obra-senda-peatonal-sector-norte\/senda-peatonal-4\/\" rel=\"attachment wp-att-139136\"><img loading=\"lazy\" decoding=\"async\" class=\"alignnone size-full wp-image-139136\" src=\"https:\/\/revistaesperanzas.com\/web\/wp-content\/uploads\/2025\/10\/SENDA-PEATONAL-4.jpeg\" alt=\"\" width=\"1600\" height=\"1066\" srcset=\"https:\/\/revistaesperanzas.com\/web\/wp-content\/uploads\/2025\/10\/SENDA-PEATONAL-4.jpeg 1600w, https:\/\/revistaesperanzas.com\/web\/wp-content\/uploads\/2025\/10\/SENDA-PEATONAL-4-630x420.jpeg 630w, https:\/\/revistaesperanzas.com\/web\/wp-content\/uploads\/2025\/10\/SENDA-PEATONAL-4-696x464.jpeg 696w, https:\/\/revistaesperanzas.com\/web\/wp-content\/uploads\/2025\/10\/SENDA-PEATONAL-4-1068x712.jpeg 1068w\" sizes=\"auto, (max-width: 1600px) 100vw, 1600px\" \/><\/a><\/p>\n<p style=\"font-weight: 400;\">La planificaci\u00f3n desde la administraci\u00f3n municipal, en una pr\u00f3xima etapa contempla la recuperaci\u00f3n y puesta en valor del sector costero hacia el norte del canal de Chiappe, cabe recordar que la semana pasada se hicieron entregas de las primeras\u00a0 10 viviendas del programa O\u00f1ondiv\u00e9 en un trabajo articulado junto al\u00a0 Gobierno Provincial que permite la reubicaci\u00f3n de las familias en las viviendas situadas sobre la costa con peligro de derrumbe, acciones que permiten la disposici\u00f3n de todo este espacio a la vera del r\u00edo, logrando extender a\u00fan m\u00e1s la Costanera Norte.<a href=\"https:\/\/revistaesperanzas.com\/web\/2025\/10\/obra-senda-peatonal-sector-norte\/senda-peatonal-3\/\" rel=\"attachment wp-att-139137\"><img loading=\"lazy\" decoding=\"async\" class=\"alignnone size-full wp-image-139137\" src=\"https:\/\/revistaesperanzas.com\/web\/wp-content\/uploads\/2025\/10\/SENDA-PEATONAL-3.jpeg\" alt=\"\" width=\"1600\" height=\"1066\" srcset=\"https:\/\/revistaesperanzas.com\/web\/wp-content\/uploads\/2025\/10\/SENDA-PEATONAL-3.jpeg 1600w, https:\/\/revistaesperanzas.com\/web\/wp-content\/uploads\/2025\/10\/SENDA-PEATONAL-3-630x420.jpeg 630w, https:\/\/revistaesperanzas.com\/web\/wp-content\/uploads\/2025\/10\/SENDA-PEATONAL-3-696x464.jpeg 696w, https:\/\/revistaesperanzas.com\/web\/wp-content\/uploads\/2025\/10\/SENDA-PEATONAL-3-1068x712.jpeg 1068w\" sizes=\"auto, (max-width: 1600px) 100vw, 1600px\" \/><\/a><\/p>\n","protected":false},"excerpt":{"rendered":"<p>La Municipalidad de Goya por administraci\u00f3n lleva adelante la construcci\u00f3n de 500 metros aproximadamente de una senda peatonal, obra que comprende desde la conjunci\u00f3n del paseo Pacho Balestra y Patricias Argentinas hasta el canal de Chiappe. En la ma\u00f1ana de este jueves, el intendente Mariano Hormaechea junto \u00a0al Secretario de Obras y Servicios P\u00fablicos Guillermo [&hellip;]<\/p>\n","protected":false},"author":4,"featured_media":139133,"comment_status":"closed","ping_status":"closed","sticky":false,"template":"","format":"standard","meta":{"footnotes":""},"categories":[45],"tags":[],"class_list":{"0":"post-139132","1":"post","2":"type-post","3":"status-publish","4":"format-standard","5":"has-post-thumbnail","7":"category-locales"},"_links":{"self":[{"href":"https:\/\/revistaesperanzas.com\/web\/wp-json\/wp\/v2\/posts\/139132","targetHints":{"allow":["GET"]}}],"collection":[{"href":"https:\/\/revistaesperanzas.com\/web\/wp-json\/wp\/v2\/posts"}],"about":[{"href":"https:\/\/revistaesperanzas.com\/web\/wp-json\/wp\/v2\/types\/post"}],"author":[{"embeddable":true,"href":"https:\/\/revistaesperanzas.com\/web\/wp-json\/wp\/v2\/users\/4"}],"replies":[{"embeddable":true,"href":"https:\/\/revistaesperanzas.com\/web\/wp-json\/wp\/v2\/comments?post=139132"}],"version-history":[{"count":0,"href":"https:\/\/revistaesperanzas.com\/web\/wp-json\/wp\/v2\/posts\/139132\/revisions"}],"wp:featuredmedia":[{"embeddable":true,"href":"https:\/\/revistaesperanzas.com\/web\/wp-json\/wp\/v2\/media\/139133"}],"wp:attachment":[{"href":"https:\/\/revistaesperanzas.com\/web\/wp-json\/wp\/v2\/media?parent=139132"}],"wp:term":[{"taxonomy":"category","embeddable":true,"href":"https:\/\/revistaesperanzas.com\/web\/wp-json\/wp\/v2\/categories?post=139132"},{"taxonomy":"post_tag","embeddable":true,"href":"https:\/\/revistaesperanzas.com\/web\/wp-json\/wp\/v2\/tags?post=139132"}],"curies":[{"name":"wp","href":"https:\/\/api.w.org\/{rel}","templated":true}]}}