{"id":139140,"date":"2025-10-30T20:48:50","date_gmt":"2025-10-30T23:48:50","guid":{"rendered":"https:\/\/revistaesperanzas.com\/web\/?p=139140"},"modified":"2025-10-30T20:48:50","modified_gmt":"2025-10-30T23:48:50","slug":"educacion-vial-en-lavalle","status":"publish","type":"post","link":"https:\/\/revistaesperanzas.com\/web\/2025\/10\/educacion-vial-en-lavalle\/","title":{"rendered":"EDUCACI\u00d3N VIAL EN LAVALLE"},"content":{"rendered":"<p style=\"font-weight: 400;\">La Direcci\u00f3n de Tr\u00e1nsito de la Municipalidad de Goya y la Fundaci\u00f3n Estrella Amarilla brindaron una charla de \u201cEducaci\u00f3n Vial\u201d en Lavalle.<\/p>\n<p style=\"font-weight: 400;\">La charla informativa y de prevenci\u00f3n en seguridad vial surge a instancias de la solicitud de los directivos y docentes del colegio Rub\u00e9n Dar\u00edo Casco de esa localidad.<a href=\"https:\/\/revistaesperanzas.com\/web\/2025\/10\/educacion-vial-en-lavalle\/educacion-y-prevencion-vial-en-lavalle-transito-y-estrella-amarilla-5\/\" rel=\"attachment wp-att-139142\"><img loading=\"lazy\" decoding=\"async\" class=\" wp-image-139142 alignleft\" src=\"https:\/\/revistaesperanzas.com\/web\/wp-content\/uploads\/2025\/10\/educacion-y-prevencion-vial-en-Lavalle-Transito-y-estrella-amarilla-5.jpg\" alt=\"\" width=\"451\" height=\"338\" srcset=\"https:\/\/revistaesperanzas.com\/web\/wp-content\/uploads\/2025\/10\/educacion-y-prevencion-vial-en-Lavalle-Transito-y-estrella-amarilla-5.jpg 1280w, https:\/\/revistaesperanzas.com\/web\/wp-content\/uploads\/2025\/10\/educacion-y-prevencion-vial-en-Lavalle-Transito-y-estrella-amarilla-5-560x420.jpg 560w, https:\/\/revistaesperanzas.com\/web\/wp-content\/uploads\/2025\/10\/educacion-y-prevencion-vial-en-Lavalle-Transito-y-estrella-amarilla-5-80x60.jpg 80w, https:\/\/revistaesperanzas.com\/web\/wp-content\/uploads\/2025\/10\/educacion-y-prevencion-vial-en-Lavalle-Transito-y-estrella-amarilla-5-696x522.jpg 696w, https:\/\/revistaesperanzas.com\/web\/wp-content\/uploads\/2025\/10\/educacion-y-prevencion-vial-en-Lavalle-Transito-y-estrella-amarilla-5-1068x801.jpg 1068w, https:\/\/revistaesperanzas.com\/web\/wp-content\/uploads\/2025\/10\/educacion-y-prevencion-vial-en-Lavalle-Transito-y-estrella-amarilla-5-265x198.jpg 265w\" sizes=\"auto, (max-width: 451px) 100vw, 451px\" \/><\/a><\/p>\n<p style=\"font-weight: 400;\">El espacio destinado a brindar el conocimiento sobre la vigencia de las normativas, la necesidad de su cumplimiento, el uso del casco para los motociclistas, fue ocupado por los inspectores de la Direcci\u00f3n de Tr\u00e1nsito de la Municipalidad de Goya, Gustavo Clemente y Marcelo Esp\u00edndola, los estudiantes y profesores; estableci\u00e9ndose una interacci\u00f3n durante la charla, donde intervinieron con los aportes de las experiencias vividas, las integrantes de Estrella Amarilla.<\/p>\n<p style=\"font-weight: 400;\">La charla te\u00f3rica pr\u00e1ctica incorpora elementos que ayudan a simular situaciones, gafas que proyectan el conducir con consumo de alcohol, y un casco que muestra los efectos en el golpe tras un accidente de moto.<a href=\"https:\/\/revistaesperanzas.com\/web\/2025\/10\/educacion-vial-en-lavalle\/educacion-y-prevencion-vial-en-lavalle-transito-y-estrella-amarilla-3\/\" rel=\"attachment wp-att-139143\"><img loading=\"lazy\" decoding=\"async\" class=\" wp-image-139143 alignright\" src=\"https:\/\/revistaesperanzas.com\/web\/wp-content\/uploads\/2025\/10\/educacion-y-prevencion-vial-en-Lavalle-Transito-y-estrella-amarilla-3.jpg\" alt=\"\" width=\"450\" height=\"203\" srcset=\"https:\/\/revistaesperanzas.com\/web\/wp-content\/uploads\/2025\/10\/educacion-y-prevencion-vial-en-Lavalle-Transito-y-estrella-amarilla-3.jpg 1156w, https:\/\/revistaesperanzas.com\/web\/wp-content\/uploads\/2025\/10\/educacion-y-prevencion-vial-en-Lavalle-Transito-y-estrella-amarilla-3-932x420.jpg 932w, https:\/\/revistaesperanzas.com\/web\/wp-content\/uploads\/2025\/10\/educacion-y-prevencion-vial-en-Lavalle-Transito-y-estrella-amarilla-3-696x314.jpg 696w, https:\/\/revistaesperanzas.com\/web\/wp-content\/uploads\/2025\/10\/educacion-y-prevencion-vial-en-Lavalle-Transito-y-estrella-amarilla-3-1068x481.jpg 1068w\" sizes=\"auto, (max-width: 450px) 100vw, 450px\" \/><\/a><\/p>\n<p style=\"font-weight: 400;\">La misma se prolong\u00f3 por espacio de dos horas, desde las 14 hasta las 16 de esta jornada, tiempo por el cual agradecieron las autoridades del colegio.<\/p>\n<p style=\"font-weight: 400;\">El director de Tr\u00e1nsito Alejandro Stortti anticip\u00f3 que tienen \u201cpedidos de otras escuelas y colegios fuera de Goya para llevar estas charlas de prevenci\u00f3n, de educaci\u00f3n y seguridad vial, en tal sentido la semana que viene estaremos en Carolina, para la EPJA, la escuela para j\u00f3venes y adultos, mostrando el posicionamiento de Goya en materia de generar espacios de concientizaci\u00f3n en materia de seguridad vial\u201d.<a href=\"https:\/\/revistaesperanzas.com\/web\/2025\/10\/educacion-vial-en-lavalle\/educacion-y-prevencion-vial-en-lavalle-transito-y-estrella-amarilla-2\/\" rel=\"attachment wp-att-139144\"><img loading=\"lazy\" decoding=\"async\" class=\" wp-image-139144 alignleft\" src=\"https:\/\/revistaesperanzas.com\/web\/wp-content\/uploads\/2025\/10\/educacion-y-prevencion-vial-en-Lavalle-Transito-y-estrella-amarilla-2.jpg\" alt=\"\" width=\"453\" height=\"255\" srcset=\"https:\/\/revistaesperanzas.com\/web\/wp-content\/uploads\/2025\/10\/educacion-y-prevencion-vial-en-Lavalle-Transito-y-estrella-amarilla-2.jpg 1280w, https:\/\/revistaesperanzas.com\/web\/wp-content\/uploads\/2025\/10\/educacion-y-prevencion-vial-en-Lavalle-Transito-y-estrella-amarilla-2-747x420.jpg 747w, https:\/\/revistaesperanzas.com\/web\/wp-content\/uploads\/2025\/10\/educacion-y-prevencion-vial-en-Lavalle-Transito-y-estrella-amarilla-2-696x392.jpg 696w, https:\/\/revistaesperanzas.com\/web\/wp-content\/uploads\/2025\/10\/educacion-y-prevencion-vial-en-Lavalle-Transito-y-estrella-amarilla-2-1068x601.jpg 1068w\" sizes=\"auto, (max-width: 453px) 100vw, 453px\" \/><\/a><\/p>\n<p style=\"font-weight: 400;\">Afirmando el compromiso de continuar brindando estas charlas, el funcionario municipal destac\u00f3: \u201cEs darle continuidad a estas capacitaciones que llevamos a distintas localidades, como Esquina, Santa Luc\u00eda, a todas las EFAS, colegios secundarios\u2026, para que desde el \u00e1mbito educativo se multipliquen las acciones en pro de la prevenci\u00f3n vial\u201d.<a href=\"https:\/\/revistaesperanzas.com\/web\/2025\/10\/educacion-vial-en-lavalle\/educacion-y-prevencion-vial-en-lavalle-transito-y-estrella-amarilla-1\/\" rel=\"attachment wp-att-139145\"><img loading=\"lazy\" decoding=\"async\" class=\"size-full wp-image-139145 alignright\" src=\"https:\/\/revistaesperanzas.com\/web\/wp-content\/uploads\/2025\/10\/educacion-y-prevencion-vial-en-Lavalle-Transito-y-estrella-amarilla-1.jpg\" alt=\"\" width=\"1156\" height=\"521\" srcset=\"https:\/\/revistaesperanzas.com\/web\/wp-content\/uploads\/2025\/10\/educacion-y-prevencion-vial-en-Lavalle-Transito-y-estrella-amarilla-1.jpg 1156w, https:\/\/revistaesperanzas.com\/web\/wp-content\/uploads\/2025\/10\/educacion-y-prevencion-vial-en-Lavalle-Transito-y-estrella-amarilla-1-932x420.jpg 932w, https:\/\/revistaesperanzas.com\/web\/wp-content\/uploads\/2025\/10\/educacion-y-prevencion-vial-en-Lavalle-Transito-y-estrella-amarilla-1-696x314.jpg 696w, https:\/\/revistaesperanzas.com\/web\/wp-content\/uploads\/2025\/10\/educacion-y-prevencion-vial-en-Lavalle-Transito-y-estrella-amarilla-1-1068x481.jpg 1068w\" sizes=\"auto, (max-width: 1156px) 100vw, 1156px\" \/><\/a><\/p>\n","protected":false},"excerpt":{"rendered":"<p>La Direcci\u00f3n de Tr\u00e1nsito de la Municipalidad de Goya y la Fundaci\u00f3n Estrella Amarilla brindaron una charla de \u201cEducaci\u00f3n Vial\u201d en Lavalle. La charla informativa y de prevenci\u00f3n en seguridad vial surge a instancias de la solicitud de los directivos y docentes del colegio Rub\u00e9n Dar\u00edo Casco de esa localidad. El espacio destinado a brindar [&hellip;]<\/p>\n","protected":false},"author":4,"featured_media":139141,"comment_status":"closed","ping_status":"closed","sticky":false,"template":"","format":"standard","meta":{"footnotes":""},"categories":[45],"tags":[],"class_list":{"0":"post-139140","1":"post","2":"type-post","3":"status-publish","4":"format-standard","5":"has-post-thumbnail","7":"category-locales"},"_links":{"self":[{"href":"https:\/\/revistaesperanzas.com\/web\/wp-json\/wp\/v2\/posts\/139140","targetHints":{"allow":["GET"]}}],"collection":[{"href":"https:\/\/revistaesperanzas.com\/web\/wp-json\/wp\/v2\/posts"}],"about":[{"href":"https:\/\/revistaesperanzas.com\/web\/wp-json\/wp\/v2\/types\/post"}],"author":[{"embeddable":true,"href":"https:\/\/revistaesperanzas.com\/web\/wp-json\/wp\/v2\/users\/4"}],"replies":[{"embeddable":true,"href":"https:\/\/revistaesperanzas.com\/web\/wp-json\/wp\/v2\/comments?post=139140"}],"version-history":[{"count":0,"href":"https:\/\/revistaesperanzas.com\/web\/wp-json\/wp\/v2\/posts\/139140\/revisions"}],"wp:featuredmedia":[{"embeddable":true,"href":"https:\/\/revistaesperanzas.com\/web\/wp-json\/wp\/v2\/media\/139141"}],"wp:attachment":[{"href":"https:\/\/revistaesperanzas.com\/web\/wp-json\/wp\/v2\/media?parent=139140"}],"wp:term":[{"taxonomy":"category","embeddable":true,"href":"https:\/\/revistaesperanzas.com\/web\/wp-json\/wp\/v2\/categories?post=139140"},{"taxonomy":"post_tag","embeddable":true,"href":"https:\/\/revistaesperanzas.com\/web\/wp-json\/wp\/v2\/tags?post=139140"}],"curies":[{"name":"wp","href":"https:\/\/api.w.org\/{rel}","templated":true}]}}