{"id":139148,"date":"2025-10-30T20:50:00","date_gmt":"2025-10-30T23:50:00","guid":{"rendered":"https:\/\/revistaesperanzas.com\/web\/?p=139148"},"modified":"2025-10-30T20:50:00","modified_gmt":"2025-10-30T23:50:00","slug":"octubrillante-iluminara-goya-en-contraposicion-a-halloween","status":"publish","type":"post","link":"https:\/\/revistaesperanzas.com\/web\/2025\/10\/octubrillante-iluminara-goya-en-contraposicion-a-halloween\/","title":{"rendered":"&#8220;OCTUBRILLANTE&#8221; ILUMINAR\u00c1 GOYA EN CONTRAPOSICI\u00d3N A HALLOWEEN"},"content":{"rendered":"<p style=\"font-weight: 400;\">Celebraci\u00f3n de la Luz:<\/p>\n<p style=\"font-weight: 400;\">El evento tiene un doble prop\u00f3sito: celebrar la &#8220;luz&#8221; y la \u201cvida\u201d y ofrecer una alternativa a lo que la congregaci\u00f3n considera las costumbres &#8220;oscuras&#8221; y for\u00e1neas de Halloween.<\/p>\n<p style=\"font-weight: 400;\">El pr\u00f3ximo s\u00e1bado 1 de noviembre se realizar\u00e1 la jornada &#8220;Octubrillante, Yo Soy Luz&#8221;, un evento cultural organizado por la Congregaci\u00f3n Cristiana local.<\/p>\n<p style=\"font-weight: 400;\">La cita es a partir de las 18:30 horas en el predio del ex ferrocarril, donde se invita a toda la comunidad a disfrutar de una tarde llena de diversi\u00f3n y luz.<\/p>\n<p style=\"font-weight: 400;\">&#8220;Octubrillante&#8221; quiere ser una propuesta festiva y familiar que busca celebrar la vida y la luz, diferenci\u00e1ndose de las celebraciones tradicionales de Halloween. Pablo Churruarin, en declaraciones radiales destac\u00f3 que este evento tiene como objetivo transmitir un mensaje positivo y cristiano a la comunidad, ofreciendo una alternativa a la &#8220;noche de brujas&#8221;.<\/p>\n<p style=\"font-weight: 400;\">PROP\u00d3SITO DEL EVENTO<\/p>\n<p style=\"font-weight: 400;\">En sus declaraciones el licenciado Pablo Churruarin expres\u00f3: \u201cEste pr\u00f3ximo 1 de noviembre a las 18:30 es la convocatoria, los esperamos llenos de expectativas en la \u201cEstaci\u00f3n de los Ni\u00f1os\u201d, queremos que nadie se lo pierda, es para ir a pasar la tarde, llevar su mate, llevar a la familia, habr\u00e1 juegos y esto lo hacemos en contraposici\u00f3n al Halloween; esta moda, esta cultura que se festeja, una cultura ajena pero que la hemos adoptado. Esto es parte o producto de la globalizaci\u00f3n, de tener costumbres en ingl\u00e9s, como el Halloween, que finalmente la tenemos como una palabra m\u00e1s dentro de nuestro lenguaje popular o cotidiano para estas fechas\u201d.<\/p>\n<p style=\"font-weight: 400;\">Churruarin a\u00f1adi\u00f3: \u201cSiempre que con la congregaci\u00f3n realizamos una actividad es para de alguna manera traer conciencia sobre algo que consideramos relevante, que es el mundo espiritual.<\/p>\n<p style=\"font-weight: 400;\">Creemos que esta fiesta no cristiana, no nacida dentro de nuestra cultura, tiene otras implicancias dentro del \u00e1mbito espiritual\u201d. Entonces explic\u00f3: \u201c\u201cOctubrillante\u201d es la uni\u00f3n de dos palabras: \u2018Octu\u2019 porque es octubre y \u2018brillante\u2019 porque nos referimos a la luz; esto es una alternativa cristiana para festejar, no las tinieblas, no la oscuridad, sino a Cristo, luz del mundo, y la biblia menciona que nosotros somos \u201chijos de la luz\u201d. La luz siempre prima sobre la oscuridad; en la oscuridad habita lo oculto, a veces disfrazado de una fiesta, a veces ingenuamente, sin conciencia de lo que uno celebra, a veces es disfrazarse de demonios, de monstruos, de todo lo que sea muerte\u201d.<\/p>\n<p style=\"font-weight: 400;\">MENSAJE DE ESPERANZA Y FE<\/p>\n<p style=\"font-weight: 400;\">La Congregaci\u00f3n Cristiana busca a trav\u00e9s de &#8220;Octubrillante&#8221; transmitir un mensaje de esperanza y fe a la comunidad. \u201cComo congregaci\u00f3n celebramos el festejo de la luz y transmitimos la importancia de arrojar luz en cuanto a la fe, en cuanto a la esperanza para nosotros y nuestros hijos, y alejarnos de todo lo ominoso, de todo lo siniestro\u201d, afirm\u00f3 Churruarin.<\/p>\n<p style=\"font-weight: 400;\">ACTIVIDADES Y REFLEXIONES<\/p>\n<p style=\"font-weight: 400;\">Durante la jornada se llevar\u00e1n a cabo diversas actividades constructivas y edificantes, mientras los asistentes disfrutan de juegos y reflexiones sobre la importancia de la luz en sus vidas. \u201cVamos a hablar de lo constructivo, lo edificante, mientras jugamos. Hablaremos de la luz que tanto hace falta hoy\u201d, concluy\u00f3 Churruarin.<\/p>\n<p style=\"font-weight: 400;\">La invitaci\u00f3n est\u00e1 abierta a toda la comunidad de Goya para unirse a esta celebraci\u00f3n de la luz y la vida, en un ambiente familiar y lleno de alegr\u00eda.<\/p>\n","protected":false},"excerpt":{"rendered":"<p>Celebraci\u00f3n de la Luz: El evento tiene un doble prop\u00f3sito: celebrar la &#8220;luz&#8221; y la \u201cvida\u201d y ofrecer una alternativa a lo que la congregaci\u00f3n considera las costumbres &#8220;oscuras&#8221; y for\u00e1neas de Halloween. El pr\u00f3ximo s\u00e1bado 1 de noviembre se realizar\u00e1 la jornada &#8220;Octubrillante, Yo Soy Luz&#8221;, un evento cultural organizado por la Congregaci\u00f3n Cristiana [&hellip;]<\/p>\n","protected":false},"author":4,"featured_media":139149,"comment_status":"closed","ping_status":"closed","sticky":false,"template":"","format":"standard","meta":{"footnotes":""},"categories":[45],"tags":[],"class_list":{"0":"post-139148","1":"post","2":"type-post","3":"status-publish","4":"format-standard","5":"has-post-thumbnail","7":"category-locales"},"_links":{"self":[{"href":"https:\/\/revistaesperanzas.com\/web\/wp-json\/wp\/v2\/posts\/139148","targetHints":{"allow":["GET"]}}],"collection":[{"href":"https:\/\/revistaesperanzas.com\/web\/wp-json\/wp\/v2\/posts"}],"about":[{"href":"https:\/\/revistaesperanzas.com\/web\/wp-json\/wp\/v2\/types\/post"}],"author":[{"embeddable":true,"href":"https:\/\/revistaesperanzas.com\/web\/wp-json\/wp\/v2\/users\/4"}],"replies":[{"embeddable":true,"href":"https:\/\/revistaesperanzas.com\/web\/wp-json\/wp\/v2\/comments?post=139148"}],"version-history":[{"count":0,"href":"https:\/\/revistaesperanzas.com\/web\/wp-json\/wp\/v2\/posts\/139148\/revisions"}],"wp:featuredmedia":[{"embeddable":true,"href":"https:\/\/revistaesperanzas.com\/web\/wp-json\/wp\/v2\/media\/139149"}],"wp:attachment":[{"href":"https:\/\/revistaesperanzas.com\/web\/wp-json\/wp\/v2\/media?parent=139148"}],"wp:term":[{"taxonomy":"category","embeddable":true,"href":"https:\/\/revistaesperanzas.com\/web\/wp-json\/wp\/v2\/categories?post=139148"},{"taxonomy":"post_tag","embeddable":true,"href":"https:\/\/revistaesperanzas.com\/web\/wp-json\/wp\/v2\/tags?post=139148"}],"curies":[{"name":"wp","href":"https:\/\/api.w.org\/{rel}","templated":true}]}}