{"id":139152,"date":"2025-10-30T21:06:55","date_gmt":"2025-10-31T00:06:55","guid":{"rendered":"https:\/\/revistaesperanzas.com\/web\/?p=139152"},"modified":"2025-10-30T21:06:55","modified_gmt":"2025-10-31T00:06:55","slug":"direccion-de-trata-de-personas-busqueda-y-captura","status":"publish","type":"post","link":"https:\/\/revistaesperanzas.com\/web\/2025\/10\/direccion-de-trata-de-personas-busqueda-y-captura\/","title":{"rendered":"DIRECCION DE TRATA DE PERSONAS, BUSQUEDA Y CAPTURA"},"content":{"rendered":"<p>En el marco de un legajo judicial que se encuentra en tr\u00e1mite, la Polic\u00eda diligenci\u00f3 una orden de allanamiento y secuestr\u00f3 varios pendrives, tel\u00e9fonos celulares, disco r\u00edgido y soportes \u00f3pticos.<\/p>\n<p>En la ma\u00f1ana de hoy 30-10-25, efectivos policiales de la Direcci\u00f3n de Trata de Personas,<a href=\"https:\/\/revistaesperanzas.com\/web\/2025\/10\/direccion-de-trata-de-personas-busqueda-y-captura\/whatsapp-image-2025-10-30-at-21-01-45\/\" rel=\"attachment wp-att-139154\"><img loading=\"lazy\" decoding=\"async\" class=\"size-full wp-image-139154 alignleft\" src=\"https:\/\/revistaesperanzas.com\/web\/wp-content\/uploads\/2025\/10\/WhatsApp-Image-2025-10-30-at-21.01.45.jpeg\" alt=\"\" width=\"420\" height=\"285\" \/><\/a> B\u00fasqueda Y Captura en colaboraci\u00f3n a la Unidad Fiscal interviniente, en el marco de un legajo judicial que se investiga, diligenciaron una orden de allanamiento y secuestraron pendrives, tel\u00e9fonos celulares, disco r\u00edgido y soportes \u00f3pticos.<\/p>\n<p>Las diversas tareas investigativas, posibilit\u00f3 a los citados efectivos junto a sus pares de la Divisi\u00f3n Polic\u00eda de Alto Riesgo \u2013 P.A.R-, a diligenciar el mandato judicial cerca de las 08:00horas, en un domicilio por calle Gato y Mancha al 80 aproximadamente, lugar donde bajo las formalidades legales se procedi\u00f3 al secuestro de cuatro pendrives, doce<a href=\"https:\/\/revistaesperanzas.com\/web\/2025\/10\/direccion-de-trata-de-personas-busqueda-y-captura\/whatsapp-image-2025-10-30-at-21-01-45-4\/\" rel=\"attachment wp-att-139155\"><img loading=\"lazy\" decoding=\"async\" class=\"size-full wp-image-139155 alignright\" src=\"https:\/\/revistaesperanzas.com\/web\/wp-content\/uploads\/2025\/10\/WhatsApp-Image-2025-10-30-at-21.01.45-4.jpeg\" alt=\"\" width=\"415\" height=\"381\" \/><\/a> tel\u00e9fonos celulares, cincuenta y nueve soportes \u00f3pticos -discos- y un disco r\u00edgido \u2013 marca Tronscend, de 128 GB -, los cuales guardar\u00edan relaci\u00f3n con la causa, adem\u00e1s, tambi\u00e9n se procedi\u00f3 a la identificaci\u00f3n de los residentes del domicilio.<\/p>\n<p>Las cosas secuestradas fueron puestos a disposici\u00f3n de la Unidad Fiscal interviniente y trasladadas a la citada direcci\u00f3n donde se continuaron con los tramites de rigor.<\/p>\n","protected":false},"excerpt":{"rendered":"<p>En el marco de un legajo judicial que se encuentra en tr\u00e1mite, la Polic\u00eda diligenci\u00f3 una orden de allanamiento y secuestr\u00f3 varios pendrives, tel\u00e9fonos celulares, disco r\u00edgido y soportes \u00f3pticos. En la ma\u00f1ana de hoy 30-10-25, efectivos policiales de la Direcci\u00f3n de Trata de Personas, B\u00fasqueda Y Captura en colaboraci\u00f3n a la Unidad Fiscal interviniente, [&hellip;]<\/p>\n","protected":false},"author":4,"featured_media":139153,"comment_status":"closed","ping_status":"closed","sticky":false,"template":"","format":"standard","meta":{"footnotes":""},"categories":[58],"tags":[],"class_list":{"0":"post-139152","1":"post","2":"type-post","3":"status-publish","4":"format-standard","5":"has-post-thumbnail","7":"category-corrientes"},"_links":{"self":[{"href":"https:\/\/revistaesperanzas.com\/web\/wp-json\/wp\/v2\/posts\/139152","targetHints":{"allow":["GET"]}}],"collection":[{"href":"https:\/\/revistaesperanzas.com\/web\/wp-json\/wp\/v2\/posts"}],"about":[{"href":"https:\/\/revistaesperanzas.com\/web\/wp-json\/wp\/v2\/types\/post"}],"author":[{"embeddable":true,"href":"https:\/\/revistaesperanzas.com\/web\/wp-json\/wp\/v2\/users\/4"}],"replies":[{"embeddable":true,"href":"https:\/\/revistaesperanzas.com\/web\/wp-json\/wp\/v2\/comments?post=139152"}],"version-history":[{"count":0,"href":"https:\/\/revistaesperanzas.com\/web\/wp-json\/wp\/v2\/posts\/139152\/revisions"}],"wp:featuredmedia":[{"embeddable":true,"href":"https:\/\/revistaesperanzas.com\/web\/wp-json\/wp\/v2\/media\/139153"}],"wp:attachment":[{"href":"https:\/\/revistaesperanzas.com\/web\/wp-json\/wp\/v2\/media?parent=139152"}],"wp:term":[{"taxonomy":"category","embeddable":true,"href":"https:\/\/revistaesperanzas.com\/web\/wp-json\/wp\/v2\/categories?post=139152"},{"taxonomy":"post_tag","embeddable":true,"href":"https:\/\/revistaesperanzas.com\/web\/wp-json\/wp\/v2\/tags?post=139152"}],"curies":[{"name":"wp","href":"https:\/\/api.w.org\/{rel}","templated":true}]}}