{"id":139173,"date":"2025-10-30T23:17:44","date_gmt":"2025-10-31T02:17:44","guid":{"rendered":"https:\/\/revistaesperanzas.com\/web\/?p=139173"},"modified":"2025-10-30T23:17:44","modified_gmt":"2025-10-31T02:17:44","slug":"31-de-octubre-dia-de-las-iglesias-cristianas-evangelicas","status":"publish","type":"post","link":"https:\/\/revistaesperanzas.com\/web\/2025\/10\/31-de-octubre-dia-de-las-iglesias-cristianas-evangelicas\/","title":{"rendered":"31 DE OCTUBRE: D\u00cdA DE LAS IGLESIAS CRISTIANAS EVANG\u00c9LICAS"},"content":{"rendered":"<p style=\"font-weight: 400;\">En conmemoraci\u00f3n del D\u00eda de las Iglesias Evang\u00e9licas, establecido por la Ley Provincial N.\u00ba 6.616 y la Ley Nacional N.\u00ba 27.741. Reconociendo a las iglesias evang\u00e9licas de nuestra ciudad, por\u00a0 su valioso rol espiritual y social en nuestra comunidad.<\/p>\n<p style=\"font-weight: 400;\">Cada 31 de octubre, el mundo recuerda un hist\u00f3rico evento que marc\u00f3 el inicio de un movimiento religioso que cambi\u00f3 el curso de la historia. En el a\u00f1o 1517, el monje Agustino Mart\u00edn Lutero clav\u00f3 sus 95 tesis en la puerta de la Iglesia de Wittemberg, un acto que se considera fundacional para la Reforma Evang\u00e9lica, m\u00e1s conocida como Reforma Protestante.<\/p>\n<p style=\"font-weight: 400;\">Lutero, al clavar sus tesis, no pretend\u00eda en un principio separarse de la Iglesia establecida, sino m\u00e1s bien, hizo visible de manera dram\u00e1tica la necesidad de reformas dentro de la Iglesia de aquel entonces. Sin embargo, este acto de confrontaci\u00f3n eventualmente desemboc\u00f3 en su excomuni\u00f3n.<\/p>\n<p style=\"font-weight: 400;\">La Reforma Protestante fue un acontecimiento religioso-pol\u00edtico que cont\u00f3 con notables exponentes en toda Europa. Personajes como Calvino, Zuinglio, Menno Simons y muchos otros, a veces en conflicto entre s\u00ed, dejaron un legado de compromiso con Dios, amor a Su Palabra, fidelidad al Evangelio y entrega incondicional al pr\u00f3jimo.<\/p>\n<p style=\"font-weight: 400;\">Cinco afirmaciones brotan con fuerza del pensamiento reformado y son centrales para la fe evang\u00e9lica:<\/p>\n<ul>\n<li style=\"font-weight: 400;\">Sola Scriptura (Solo la Biblia): En el coraz\u00f3n de la fe evang\u00e9lica se encuentra la creencia de que la Palabra de Dios es la m\u00e1xima autoridad en materia de fe y pr\u00e1ctica, respaldada por pasajes como G\u00e1latas 1:6-10, 2 Timoteo 3:16 y 2 Pedro 1:3. Los evang\u00e9licos creen que la Biblia es la revelaci\u00f3n divina que gu\u00eda sus creencias y acciones.<\/li>\n<li style=\"font-weight: 400;\">Sola Gratia (Solo la Gracia): La ense\u00f1anza de que la salvaci\u00f3n es un don de Dios que se recibe de pura gracia y sin ning\u00fan m\u00e9rito personal es fundamental para los evang\u00e9licos. Efesios 2:8 enfatiza esta creencia, recordando que la salvaci\u00f3n no se gana, sino que es un regalo de Dios.<\/li>\n<li style=\"font-weight: 400;\">Sola Fide (S\u00f3lo la Fe): Los evang\u00e9licos creen que la salvaci\u00f3n se recibe mediante la fe en Jes\u00fas y Su sacrificio en la cruz en lugar de nosotros. Efesios 2:8-9 y Romanos 3:28 son vers\u00edculos que respaldan esta creencia en la fe como medio de salvaci\u00f3n.<\/li>\n<li style=\"font-weight: 400;\">Soli Deo Gloria (Solo a Dios la Gloria): Seg\u00fan la fe evang\u00e9lica, el prop\u00f3sito de la salvaci\u00f3n recibida es glorificar a Dios, destacando las excelencias y virtudes de Su car\u00e1cter. Efesios 1:4-6 y 1 Pedro 2:9 subrayan la importancia de que toda gloria y honra sean atribuidas \u00fanicamente a Dios.<\/li>\n<\/ul>\n<p style=\"font-weight: 400;\">En este 31 de octubre, al conmemorar el inicio de la Reforma Protestante, es importante recordar estos cinco principios fundamentales que contin\u00faan guiando la fe y la pr\u00e1ctica de los evang\u00e9licos en todo el mundo. La Reforma no solo cambi\u00f3 la forma en que las personas entend\u00edan su fe, sino que tambi\u00e9n dej\u00f3 una huella duradera en la historia religiosa y cultural.<\/p>\n","protected":false},"excerpt":{"rendered":"<p>En conmemoraci\u00f3n del D\u00eda de las Iglesias Evang\u00e9licas, establecido por la Ley Provincial N.\u00ba 6.616 y la Ley Nacional N.\u00ba 27.741. Reconociendo a las iglesias evang\u00e9licas de nuestra ciudad, por\u00a0 su valioso rol espiritual y social en nuestra comunidad. Cada 31 de octubre, el mundo recuerda un hist\u00f3rico evento que marc\u00f3 el inicio de un [&hellip;]<\/p>\n","protected":false},"author":4,"featured_media":139174,"comment_status":"closed","ping_status":"closed","sticky":false,"template":"","format":"standard","meta":{"footnotes":""},"categories":[45],"tags":[],"class_list":{"0":"post-139173","1":"post","2":"type-post","3":"status-publish","4":"format-standard","5":"has-post-thumbnail","7":"category-locales"},"_links":{"self":[{"href":"https:\/\/revistaesperanzas.com\/web\/wp-json\/wp\/v2\/posts\/139173","targetHints":{"allow":["GET"]}}],"collection":[{"href":"https:\/\/revistaesperanzas.com\/web\/wp-json\/wp\/v2\/posts"}],"about":[{"href":"https:\/\/revistaesperanzas.com\/web\/wp-json\/wp\/v2\/types\/post"}],"author":[{"embeddable":true,"href":"https:\/\/revistaesperanzas.com\/web\/wp-json\/wp\/v2\/users\/4"}],"replies":[{"embeddable":true,"href":"https:\/\/revistaesperanzas.com\/web\/wp-json\/wp\/v2\/comments?post=139173"}],"version-history":[{"count":0,"href":"https:\/\/revistaesperanzas.com\/web\/wp-json\/wp\/v2\/posts\/139173\/revisions"}],"wp:featuredmedia":[{"embeddable":true,"href":"https:\/\/revistaesperanzas.com\/web\/wp-json\/wp\/v2\/media\/139174"}],"wp:attachment":[{"href":"https:\/\/revistaesperanzas.com\/web\/wp-json\/wp\/v2\/media?parent=139173"}],"wp:term":[{"taxonomy":"category","embeddable":true,"href":"https:\/\/revistaesperanzas.com\/web\/wp-json\/wp\/v2\/categories?post=139173"},{"taxonomy":"post_tag","embeddable":true,"href":"https:\/\/revistaesperanzas.com\/web\/wp-json\/wp\/v2\/tags?post=139173"}],"curies":[{"name":"wp","href":"https:\/\/api.w.org\/{rel}","templated":true}]}}