{"id":139177,"date":"2025-10-31T12:30:38","date_gmt":"2025-10-31T15:30:38","guid":{"rendered":"https:\/\/revistaesperanzas.com\/web\/?p=139177"},"modified":"2025-10-31T12:30:39","modified_gmt":"2025-10-31T15:30:39","slug":"ex-intendentes-jorge-mazzaro-y-gerardo-bassi-celebran-la-iniciativa-por-la-radicacion-historica-de-goya","status":"publish","type":"post","link":"https:\/\/revistaesperanzas.com\/web\/2025\/10\/ex-intendentes-jorge-mazzaro-y-gerardo-bassi-celebran-la-iniciativa-por-la-radicacion-historica-de-goya\/","title":{"rendered":"EX INTENDENTES JORGE MAZZARO Y GERARDO BASSI CELEBRAN LA INICIATIVA POR LA RADICACI\u00d3N HIST\u00d3RICA DE GOYA"},"content":{"rendered":"<p style=\"font-weight: 400;\">&#8220;De la falta de identidad a la partida de nacimiento&#8221;:<\/p>\n<p style=\"font-weight: 400;\">La iniciativa del Ejecutivo Municipal en promover como fecha de radicaci\u00f3n hist\u00f3rica al 9 de noviembre de 1791 es celebrada por los ex intendentes Jorge Mazzaro y Gerardo Bassi como un momento clave para definir la identidad y proyectar el futuro de Goya. <a href=\"https:\/\/revistaesperanzas.com\/web\/2025\/10\/ex-intendentes-jorge-mazzaro-y-gerardo-bassi-celebran-la-iniciativa-por-la-radicacion-historica-de-goya\/bassi-y-mazzaro-7\/\" rel=\"attachment wp-att-139179\"><img loading=\"lazy\" decoding=\"async\" class=\" wp-image-139179 alignright\" src=\"https:\/\/revistaesperanzas.com\/web\/wp-content\/uploads\/2025\/10\/bassi-y-mazzaro-7.jpeg\" alt=\"\" width=\"499\" height=\"376\" srcset=\"https:\/\/revistaesperanzas.com\/web\/wp-content\/uploads\/2025\/10\/bassi-y-mazzaro-7.jpeg 1600w, https:\/\/revistaesperanzas.com\/web\/wp-content\/uploads\/2025\/10\/bassi-y-mazzaro-7-558x420.jpeg 558w, https:\/\/revistaesperanzas.com\/web\/wp-content\/uploads\/2025\/10\/bassi-y-mazzaro-7-80x60.jpeg 80w, https:\/\/revistaesperanzas.com\/web\/wp-content\/uploads\/2025\/10\/bassi-y-mazzaro-7-696x524.jpeg 696w, https:\/\/revistaesperanzas.com\/web\/wp-content\/uploads\/2025\/10\/bassi-y-mazzaro-7-1068x804.jpeg 1068w\" sizes=\"auto, (max-width: 499px) 100vw, 499px\" \/><\/a><\/p>\n<p style=\"font-weight: 400;\">El Director de Prensa, Alejandro Medina, dialog\u00f3 con los ex intendentes en Radio Ciudad 88.3 para conocer sus opiniones al respecto. Sus declaraciones ofrecen perspectivas sobre la importancia de esta fecha para la historia de Goya.<\/p>\n<p style=\"font-weight: 400;\">La ciudad de Goya conmemorar\u00e1 el 9 de noviembre de 1791, su primera radicaci\u00f3n hist\u00f3rica. Esta iniciativa, surge de la Ley Provincial 6157, cuenta con el acompa\u00f1amiento de ex intendentes y diversos sectores de la comunidad, quienes ven en esta fecha una oportunidad para fortalecer la identidad y el patrimonio cultural de la ciudad.<a href=\"https:\/\/revistaesperanzas.com\/web\/2025\/10\/ex-intendentes-jorge-mazzaro-y-gerardo-bassi-celebran-la-iniciativa-por-la-radicacion-historica-de-goya\/bassi-y-mazzaro-2\/\" rel=\"attachment wp-att-139180\"><img loading=\"lazy\" decoding=\"async\" class=\" wp-image-139180 alignleft\" src=\"https:\/\/revistaesperanzas.com\/web\/wp-content\/uploads\/2025\/10\/bassi-y-mazzaro-2.jpeg\" alt=\"\" width=\"500\" height=\"331\" srcset=\"https:\/\/revistaesperanzas.com\/web\/wp-content\/uploads\/2025\/10\/bassi-y-mazzaro-2.jpeg 1600w, https:\/\/revistaesperanzas.com\/web\/wp-content\/uploads\/2025\/10\/bassi-y-mazzaro-2-635x420.jpeg 635w, https:\/\/revistaesperanzas.com\/web\/wp-content\/uploads\/2025\/10\/bassi-y-mazzaro-2-696x461.jpeg 696w, https:\/\/revistaesperanzas.com\/web\/wp-content\/uploads\/2025\/10\/bassi-y-mazzaro-2-1068x707.jpeg 1068w\" sizes=\"auto, (max-width: 500px) 100vw, 500px\" \/><\/a><\/p>\n<p style=\"font-weight: 400;\">En un esfuerzo por enriquecer la cultura e historia local, el intendente Mariano Hormaechea convoc\u00f3 a una reuni\u00f3n con ex jefes comunales en la Municipalidad. Entre los asistentes estuvieron los ex intendentes Jorge Mazzaro (per\u00edodo del 2001 al 2005), Gerardo Bassi (periodo del 2013 al 2017) quienes expresaron su apoyo a la iniciativa de reconocer el 9 de noviembre de 1791 como la fecha de la primera radicaci\u00f3n hist\u00f3rica de Goya. Este encuentro gener\u00f3 un espacio de di\u00e1logo y reflexi\u00f3n sobre el pasado y el presente de la ciudad.<a href=\"https:\/\/revistaesperanzas.com\/web\/2025\/10\/ex-intendentes-jorge-mazzaro-y-gerardo-bassi-celebran-la-iniciativa-por-la-radicacion-historica-de-goya\/bassi-y-mazzaro-6\/\" rel=\"attachment wp-att-139181\"><img loading=\"lazy\" decoding=\"async\" class=\" wp-image-139181 alignright\" src=\"https:\/\/revistaesperanzas.com\/web\/wp-content\/uploads\/2025\/10\/bassi-y-mazzaro-6.jpeg\" alt=\"\" width=\"500\" height=\"376\" srcset=\"https:\/\/revistaesperanzas.com\/web\/wp-content\/uploads\/2025\/10\/bassi-y-mazzaro-6.jpeg 700w, https:\/\/revistaesperanzas.com\/web\/wp-content\/uploads\/2025\/10\/bassi-y-mazzaro-6-559x420.jpeg 559w, https:\/\/revistaesperanzas.com\/web\/wp-content\/uploads\/2025\/10\/bassi-y-mazzaro-6-80x60.jpeg 80w, https:\/\/revistaesperanzas.com\/web\/wp-content\/uploads\/2025\/10\/bassi-y-mazzaro-6-696x523.jpeg 696w, https:\/\/revistaesperanzas.com\/web\/wp-content\/uploads\/2025\/10\/bassi-y-mazzaro-6-265x198.jpeg 265w\" sizes=\"auto, (max-width: 500px) 100vw, 500px\" \/><\/a><\/p>\n<p style=\"font-weight: 400;\">En la entrevista realizada y en di\u00e1logo con el Director de Prensa, Alejandro Medina, el ex intendente Jorge Mazzaro manifest\u00f3 su satisfacci\u00f3n por el establecimiento de una fecha hist\u00f3rica para Goya, respaldada por la investigaci\u00f3n de una comisi\u00f3n de historiadores en 2012. &#8220;Como dec\u00edamos en la reuni\u00f3n con el intendente Mariano Hormaechea y en otras entrevistas tambi\u00e9n, para m\u00ed es una gran satisfacci\u00f3n que Goya haya establecido su fecha, no de fundaci\u00f3n, pero ahora la cuesti\u00f3n es que nuestra fecha va a ser el 9 de noviembre de 1791, perfectamente documentado por esta comisi\u00f3n creada en 2012 por tres historiadores que a m\u00ed me merecen la absoluta confianza y respeto: Virgilio Acosta, ya desaparecido, Walter Grosse y Margarita Fogantini&#8221;, afirm\u00f3 Mazzaro.<a href=\"https:\/\/revistaesperanzas.com\/web\/2025\/10\/ex-intendentes-jorge-mazzaro-y-gerardo-bassi-celebran-la-iniciativa-por-la-radicacion-historica-de-goya\/bassi-y-mazzaro-8\/\" rel=\"attachment wp-att-139182\"><img loading=\"lazy\" decoding=\"async\" class=\" wp-image-139182 alignleft\" src=\"https:\/\/revistaesperanzas.com\/web\/wp-content\/uploads\/2025\/10\/bassi-y-mazzaro-8.jpeg\" alt=\"\" width=\"501\" height=\"377\" srcset=\"https:\/\/revistaesperanzas.com\/web\/wp-content\/uploads\/2025\/10\/bassi-y-mazzaro-8.jpeg 1600w, https:\/\/revistaesperanzas.com\/web\/wp-content\/uploads\/2025\/10\/bassi-y-mazzaro-8-558x420.jpeg 558w, https:\/\/revistaesperanzas.com\/web\/wp-content\/uploads\/2025\/10\/bassi-y-mazzaro-8-80x60.jpeg 80w, https:\/\/revistaesperanzas.com\/web\/wp-content\/uploads\/2025\/10\/bassi-y-mazzaro-8-696x524.jpeg 696w, https:\/\/revistaesperanzas.com\/web\/wp-content\/uploads\/2025\/10\/bassi-y-mazzaro-8-1068x804.jpeg 1068w, https:\/\/revistaesperanzas.com\/web\/wp-content\/uploads\/2025\/10\/bassi-y-mazzaro-8-265x198.jpeg 265w\" sizes=\"auto, (max-width: 501px) 100vw, 501px\" \/><\/a><\/p>\n<p style=\"font-weight: 400;\">Adem\u00e1s, el contador Mazzaro destac\u00f3 la importancia de este hito para la identidad de la ciudad: &#8220;Como lo dec\u00eda con el profe Bassi tambi\u00e9n, no hay nada que cuestionar, me parece a m\u00ed que esto es algo incuestionable, en el que todos debemos estar de acuerdo y tener de aqu\u00ed en m\u00e1s a Goya como el 9 de noviembre de 1791 y ya no m\u00e1s 1807. Se dice 1807, fundaci\u00f3n de Goya, pero no es as\u00ed&#8221;.<\/p>\n<p style=\"font-weight: 400;\">\u201cA FAVOR DE GOYA\u201d<\/p>\n<p style=\"font-weight: 400;\">El profesor Gerardo Bassi resalt\u00f3 que esta iniciativa suma a la identidad de Goya, proporcionando una &#8220;partida de nacimiento&#8221; para la ciudad. &#8220;Evidentemente, ha habido una radicaci\u00f3n y me gustar\u00eda, en primer lugar, decir que esto es a favor de Goya. Esto viene a sumar. Vamos a tener el 7 de octubre como d\u00eda de nuestra Patrona. El intendente Mariano Hormaechea nos explic\u00f3 que va a haber un Mes de la Ciudad y va a culminar con este 9 de noviembre, que es un poco tener nuestra partida de nacimiento, porque no ten\u00edamos identidad, hab\u00eda varias fechas y en esa fecha concretamente se nombra al Puerto de Goya y creo que no deber\u00eda haber inconvenientes&#8221;, se\u00f1al\u00f3 Bassi.<a href=\"https:\/\/revistaesperanzas.com\/web\/2025\/10\/ex-intendentes-jorge-mazzaro-y-gerardo-bassi-celebran-la-iniciativa-por-la-radicacion-historica-de-goya\/bassi-y-mazzaro-4-2\/\" rel=\"attachment wp-att-139184\"><img loading=\"lazy\" decoding=\"async\" class=\"alignnone size-full wp-image-139184\" src=\"https:\/\/revistaesperanzas.com\/web\/wp-content\/uploads\/2025\/10\/bassi-y-mazzaro-4-1.jpeg\" alt=\"\" width=\"700\" height=\"396\" srcset=\"https:\/\/revistaesperanzas.com\/web\/wp-content\/uploads\/2025\/10\/bassi-y-mazzaro-4-1.jpeg 700w, https:\/\/revistaesperanzas.com\/web\/wp-content\/uploads\/2025\/10\/bassi-y-mazzaro-4-1-696x394.jpeg 696w\" sizes=\"auto, (max-width: 700px) 100vw, 700px\" \/><\/a><\/p>\n<p style=\"font-weight: 400;\">Bassi tambi\u00e9n destac\u00f3 la importancia de la participaci\u00f3n de todos los sectores de la comunidad en esta iniciativa: &#8220;El municipio no viene a imponer nada, sino a clarificar sobre una fecha que nos permita saber desde d\u00f3nde partimos, de c\u00f3mo se fue radicando desde su cultura, desde su parte judicial administrativa, su m\u00fasica, en fin, haciendo lo que hoy somos, esta hermosa ciudad que es nuestro lugar en el mundo, que es nuestra querida Goya&#8221;.<\/p>\n<p style=\"font-weight: 400;\">\u201cPUNTO DE PARTIDA\u201d<\/p>\n<p style=\"font-weight: 400;\">Alejandro Medina subray\u00f3 que el 9 de noviembre de 1791 es un punto de partida para la historia de Goya, reconociendo que podr\u00edan surgir documentos anteriores que aporten m\u00e1s informaci\u00f3n sobre el origen de la ciudad. &#8220;Este es un punto de partida, no quiere decir que en alg\u00fan momento no pueda aparecer otro documento anterior a este que nos da m\u00e1s legitimidad en el tiempo. Con este documento se est\u00e1 certificando que estamos cumpliendo, como ciudad de Goya, los 234 a\u00f1os de existencia y nos acercamos a lo que los historiadores \u00a0coinciden del origen de Goya, all\u00e1 por el a\u00f1o 1760, o sea, hay una brecha de 30 a\u00f1os en relaci\u00f3n con este documento&#8221;, explic\u00f3 Medina.<\/p>\n<p style=\"font-weight: 400;\">Medina tambi\u00e9n resalt\u00f3 la importancia de transmitir este legado a las futuras generaciones: &#8220;Se trata de consensuar y sobre todo en estos tiempos tan vertiginosos, donde la tecnolog\u00eda cobra un rol fundamental y en esta edad donde estamos transitando que debemos dejar ese legado a futuras generaciones para que no se pierda y no se produzca confrontaciones por no tener preestablecidos y por escrito, nosotros somos de la era del papel&#8221;.<\/p>\n<p style=\"font-weight: 400;\">AGRADECIMIENTO Y RECONOCIMIENTO<\/p>\n<p style=\"font-weight: 400;\">Los ex intendentes agradecieron al intendente Mariano Hormaechea por tenerlos en cuenta en esta iniciativa, destacando la importancia del di\u00e1logo y el respeto entre los diferentes espacios pol\u00edticos. Asimismo, se reconoci\u00f3 el trabajo del extinto ex diputado provincial H\u00e9ctor Mar\u00eda \u201cTito\u201d L\u00f3pez, autor del proyecto de ley que establece el 9 de noviembre de 1791 como fecha de la primera radicaci\u00f3n hist\u00f3rica de Goya.<\/p>\n<p style=\"font-weight: 400;\">Gerardo Bassi expres\u00f3 su gratitud hacia el intendente Hormaechea: &#8220;Le agradezco a Mariano Hormaechea por tenernos en cuenta, a veces se pertenece a distintos espacios pol\u00edticos pero el respeto y el di\u00e1logo siempre es muy valioso, le reconozco a Mariano esa enorme capacidad para compartir, para ampliar, abrir la jugada y que todos nos podamos sentir part\u00edcipes de este evento&#8221;.<\/p>\n<p style=\"font-weight: 400;\">\u00a0A esto Jorge Mazzaro a\u00f1adi\u00f3 que es importante saber que en este acontecimiento hist\u00f3rico ellos, como ex intendentes, pueden decir &#8220;nosotros estuvimos, fuimos parte de esto&#8221;.<\/p>\n<p style=\"font-weight: 400;\">En el marco de esta conmemoraci\u00f3n, se ha anunciado la celebraci\u00f3n del Mes de Goya, que incluir\u00e1 diversos eventos culturales y culminar\u00e1 el 9 de noviembre con una gran celebraci\u00f3n.<\/p>\n<p style=\"font-weight: 400;\">La conmemoraci\u00f3n de la primera radicaci\u00f3n hist\u00f3rica de Goya representa una oportunidad para celebrar la identidad y el patrimonio cultural de la ciudad. Adem\u00e1s, invita a la reflexi\u00f3n sobre el pasado y el presente de Goya, fortaleciendo el sentido de pertenencia y el orgullo de sus habitantes.<\/p>\n","protected":false},"excerpt":{"rendered":"<p>&#8220;De la falta de identidad a la partida de nacimiento&#8221;: La iniciativa del Ejecutivo Municipal en promover como fecha de radicaci\u00f3n hist\u00f3rica al 9 de noviembre de 1791 es celebrada por los ex intendentes Jorge Mazzaro y Gerardo Bassi como un momento clave para definir la identidad y proyectar el futuro de Goya. El Director [&hellip;]<\/p>\n","protected":false},"author":4,"featured_media":139178,"comment_status":"closed","ping_status":"closed","sticky":false,"template":"","format":"standard","meta":{"footnotes":""},"categories":[45],"tags":[],"class_list":{"0":"post-139177","1":"post","2":"type-post","3":"status-publish","4":"format-standard","5":"has-post-thumbnail","7":"category-locales"},"_links":{"self":[{"href":"https:\/\/revistaesperanzas.com\/web\/wp-json\/wp\/v2\/posts\/139177","targetHints":{"allow":["GET"]}}],"collection":[{"href":"https:\/\/revistaesperanzas.com\/web\/wp-json\/wp\/v2\/posts"}],"about":[{"href":"https:\/\/revistaesperanzas.com\/web\/wp-json\/wp\/v2\/types\/post"}],"author":[{"embeddable":true,"href":"https:\/\/revistaesperanzas.com\/web\/wp-json\/wp\/v2\/users\/4"}],"replies":[{"embeddable":true,"href":"https:\/\/revistaesperanzas.com\/web\/wp-json\/wp\/v2\/comments?post=139177"}],"version-history":[{"count":0,"href":"https:\/\/revistaesperanzas.com\/web\/wp-json\/wp\/v2\/posts\/139177\/revisions"}],"wp:featuredmedia":[{"embeddable":true,"href":"https:\/\/revistaesperanzas.com\/web\/wp-json\/wp\/v2\/media\/139178"}],"wp:attachment":[{"href":"https:\/\/revistaesperanzas.com\/web\/wp-json\/wp\/v2\/media?parent=139177"}],"wp:term":[{"taxonomy":"category","embeddable":true,"href":"https:\/\/revistaesperanzas.com\/web\/wp-json\/wp\/v2\/categories?post=139177"},{"taxonomy":"post_tag","embeddable":true,"href":"https:\/\/revistaesperanzas.com\/web\/wp-json\/wp\/v2\/tags?post=139177"}],"curies":[{"name":"wp","href":"https:\/\/api.w.org\/{rel}","templated":true}]}}