{"id":139193,"date":"2025-10-31T12:44:10","date_gmt":"2025-10-31T15:44:10","guid":{"rendered":"https:\/\/revistaesperanzas.com\/web\/?p=139193"},"modified":"2025-10-31T12:44:11","modified_gmt":"2025-10-31T15:44:11","slug":"tragico-accidente-en-ruta-nac-12-deja-4-personas-fallecidas-y-una-con-heridas","status":"publish","type":"post","link":"https:\/\/revistaesperanzas.com\/web\/2025\/10\/tragico-accidente-en-ruta-nac-12-deja-4-personas-fallecidas-y-una-con-heridas\/","title":{"rendered":"TRAGICO ACCIDENTE EN RUTA NAC 12: DEJA 4 PERSONAS FALLECIDAS Y UNA CON HERIDAS"},"content":{"rendered":"<p>ITUZAINGO\u00a0 &#8211;\u00a0 Siniestro vial dej\u00f3 como saldo personas fallecidas<\/p>\n<p>En la jornada de hoy, alrededor de las 08:10hs., en inmediaciones de la Ruta 12 a la altura del Kil\u00f3metro 1.304, aproximadamente pr\u00f3ximo a la localidad de Ituzaingo por causas y en circunstancias; que se tratan de establecer se habr\u00eda producido un siniestro vial entre dos camionetas y que dej\u00f3 como saldo personas fallecidas.<\/p>\n<p>Seg\u00fan las primeras informaciones que se pudieron obtener el mismo, tuvo como protagonistas a una camioneta Ford Ranger (que termino incendiada con dos personas<a href=\"https:\/\/revistaesperanzas.com\/web\/2025\/10\/tragico-accidente-en-ruta-nac-12-deja-4-personas-fallecidas-y-una-con-heridas\/whatsapp-image-2025-10-31-at-11-09-44\/\" rel=\"attachment wp-att-139195\"><img loading=\"lazy\" decoding=\"async\" class=\" wp-image-139195 alignleft\" src=\"https:\/\/revistaesperanzas.com\/web\/wp-content\/uploads\/2025\/10\/WhatsApp-Image-2025-10-31-at-11.09.44.jpeg\" alt=\"\" width=\"500\" height=\"358\" srcset=\"https:\/\/revistaesperanzas.com\/web\/wp-content\/uploads\/2025\/10\/WhatsApp-Image-2025-10-31-at-11.09.44.jpeg 1200w, https:\/\/revistaesperanzas.com\/web\/wp-content\/uploads\/2025\/10\/WhatsApp-Image-2025-10-31-at-11.09.44-587x420.jpeg 587w, https:\/\/revistaesperanzas.com\/web\/wp-content\/uploads\/2025\/10\/WhatsApp-Image-2025-10-31-at-11.09.44-696x498.jpeg 696w, https:\/\/revistaesperanzas.com\/web\/wp-content\/uploads\/2025\/10\/WhatsApp-Image-2025-10-31-at-11.09.44-1068x765.jpeg 1068w\" sizes=\"auto, (max-width: 500px) 100vw, 500px\" \/><\/a> fallecidas totalmente calcinadas) y una camioneta marca Toyota Hilux, en la que vendr\u00edan 3 personas (familiares entre s\u00ed) un hombre de doble apellido Ale L\u00f3pez (32) y una mujer de apellido L\u00f3pez Beristayn (59) y otro hombre de doble apellido Ale L\u00f3pez (27) este \u00faltimo resulto con lesiones de menor gravedad y fue trasladado hasta un centro de salud local.<br \/>\nEs por ello que en el lugar se est\u00e1n trabajando actualmente para tratar de identificar a las personas calcinadas (que en principio se estiman se podr\u00eda tratar de dos hombres oriundos de la Provincia de Misiones)<\/p>\n<p>Mientras que en el lugar se encuentran trabajando personal de bomberos voluntarios locales y personal policial. Desconoci\u00e9ndose a\u00fan m\u00e1s detalles y pormenores al respecto.<br \/>\nPor el caso, se efect\u00faan las diligencias y tr\u00e1mites de rigor correspondientes mientras que en la Comisaria Segunda de Ituzaingo; se inici\u00f3 la actuaci\u00f3n sumarial pertinente.<\/p>\n","protected":false},"excerpt":{"rendered":"<p>ITUZAINGO\u00a0 &#8211;\u00a0 Siniestro vial dej\u00f3 como saldo personas fallecidas En la jornada de hoy, alrededor de las 08:10hs., en inmediaciones de la Ruta 12 a la altura del Kil\u00f3metro 1.304, aproximadamente pr\u00f3ximo a la localidad de Ituzaingo por causas y en circunstancias; que se tratan de establecer se habr\u00eda producido un siniestro vial entre dos [&hellip;]<\/p>\n","protected":false},"author":4,"featured_media":139194,"comment_status":"closed","ping_status":"closed","sticky":false,"template":"","format":"standard","meta":{"footnotes":""},"categories":[58],"tags":[],"class_list":{"0":"post-139193","1":"post","2":"type-post","3":"status-publish","4":"format-standard","5":"has-post-thumbnail","7":"category-corrientes"},"_links":{"self":[{"href":"https:\/\/revistaesperanzas.com\/web\/wp-json\/wp\/v2\/posts\/139193","targetHints":{"allow":["GET"]}}],"collection":[{"href":"https:\/\/revistaesperanzas.com\/web\/wp-json\/wp\/v2\/posts"}],"about":[{"href":"https:\/\/revistaesperanzas.com\/web\/wp-json\/wp\/v2\/types\/post"}],"author":[{"embeddable":true,"href":"https:\/\/revistaesperanzas.com\/web\/wp-json\/wp\/v2\/users\/4"}],"replies":[{"embeddable":true,"href":"https:\/\/revistaesperanzas.com\/web\/wp-json\/wp\/v2\/comments?post=139193"}],"version-history":[{"count":0,"href":"https:\/\/revistaesperanzas.com\/web\/wp-json\/wp\/v2\/posts\/139193\/revisions"}],"wp:featuredmedia":[{"embeddable":true,"href":"https:\/\/revistaesperanzas.com\/web\/wp-json\/wp\/v2\/media\/139194"}],"wp:attachment":[{"href":"https:\/\/revistaesperanzas.com\/web\/wp-json\/wp\/v2\/media?parent=139193"}],"wp:term":[{"taxonomy":"category","embeddable":true,"href":"https:\/\/revistaesperanzas.com\/web\/wp-json\/wp\/v2\/categories?post=139193"},{"taxonomy":"post_tag","embeddable":true,"href":"https:\/\/revistaesperanzas.com\/web\/wp-json\/wp\/v2\/tags?post=139193"}],"curies":[{"name":"wp","href":"https:\/\/api.w.org\/{rel}","templated":true}]}}