{"id":139198,"date":"2025-10-31T12:46:16","date_gmt":"2025-10-31T15:46:16","guid":{"rendered":"https:\/\/revistaesperanzas.com\/web\/?p=139198"},"modified":"2025-10-31T12:46:45","modified_gmt":"2025-10-31T15:46:45","slug":"5-festival-del-asado-criollo-goyano-se-anuncia-el-martes-4-para-la-provincia","status":"publish","type":"post","link":"https:\/\/revistaesperanzas.com\/web\/2025\/10\/5-festival-del-asado-criollo-goyano-se-anuncia-el-martes-4-para-la-provincia\/","title":{"rendered":"5\u00b0 FESTIVAL DEL ASADO CRIOLLO GOYANO SE ANUNCIA EL MARTES 4 PARA LA PROVINCIA"},"content":{"rendered":"<p style=\"font-weight: 400;\">En Casa de Gobierno<\/p>\n<p style=\"font-weight: 400;\">A solo una semana de la 5\u00aa edici\u00f3n del Festival del Asado Criollo y Concurso de Asadores, altas son las expectativas de la ciudadan\u00eda goyana por el evento. Este martes 4 de noviembre organizadores, funcionarios municipales y provinciales estar\u00e1n anunciando la grilla de actividades. Se espera que el Festival Musical atraiga turistas de la regi\u00f3n.<\/p>\n<p style=\"font-weight: 400;\">Es que el viernes 7 de noviembre se celebrar\u00e1 la primera noche del concurso. De all\u00ed saldr\u00e1 el mejor asador de la provincia. Desde las 19 horas el predio Costa Surub\u00ed de Goya se llenar\u00e1 de chispas, llamas, aroma a le\u00f1a quemada y churrasco cuando los concursantes inicien sus fuegos para empezar a desandar tres noches de tradici\u00f3n y enchamigamiento.<\/p>\n<p style=\"font-weight: 400;\">El evento se celebra en espera del D\u00eda de la Tradici\u00f3n, 10 de noviembre, tiene como principal objetivo preservar la costumbre y tradici\u00f3n del asado criollo, as\u00ed como ofrecer a la regi\u00f3n un evento atractivo tur\u00edsticamente.<\/p>\n<p style=\"font-weight: 400;\">La actividad principal de la festividad, es un concurso de asadores del cual puede participar todo aquel que est\u00e9 interesado, La inscripci\u00f3n a dicho concurso tiene un costo que se actualiza a\u00f1o a a\u00f1o y adem\u00e1s hay premios y regalos para el primer, segundo y tercer puesto.<\/p>\n<p style=\"font-weight: 400;\">Adem\u00e1s de esto, el evento brinda la posibilidad a los artesanos de la localidad mostrar sus productos en diferentes puestos, para que todos los turistas puedan comprar objetos caracter\u00edsticos de la regi\u00f3n.<\/p>\n<p style=\"font-weight: 400;\">Tambi\u00e9n tienen lugar diferentes espect\u00e1culos art\u00edsticos interpretados por m\u00fasicos del interior correntino y de otras provincias.<\/p>\n<p style=\"font-weight: 400;\">La organizaci\u00f3n tiene el apoyo de la Municipalidad de Goya con el acompa\u00f1amiento de sponsors y auspiciantes para llevar a cabo la realizaci\u00f3n de esta convocante festividad.<\/p>\n<p style=\"font-weight: 400;\">LANZAMIENTO OFICIAL<\/p>\n<p style=\"font-weight: 400;\">Este martes 4 de noviembre a las 11:30 horas tendr\u00e1 lugar en Sal\u00f3n Verde de Casa de Gobierno, en la capital correntina, el lanzamiento oficial de esta 5\u00aa edici\u00f3n. All\u00ed estar\u00e1n presentando este Festival y Concurso, su organizador Gustavo Montepeloso, autoridades municipales y de Turismo de la provincia.<\/p>\n<p style=\"font-weight: 400;\">\u201cEs un festival que a\u00f1o a a\u00f1o viene creciendo, venimos apuntalando, sumando a Goya al calendario tur\u00edstico de la provincia as\u00ed que este a\u00f1o venimos rem\u00e1ndola porque tampoco la situaci\u00f3n est\u00e1 f\u00e1cil, pero le vamos a hacer frente a la situaci\u00f3n, vamos a desarrollar con normalidad la 5ta Edici\u00f3n esperando disfrutar las tres noches que tenemos pensado desarrollar para que la gente disfrute\u201d analiz\u00f3 este viernes Montepeloso.<\/p>\n<p style=\"font-weight: 400;\">La grilla sigue abierta para quienes se quieran inscribir al concurso de asadores, as\u00ed como est\u00e1 firme el arribo de asadores concursantes de otras localidades indic\u00f3 el organizador.<\/p>\n<p style=\"font-weight: 400;\">Agradeci\u00f3 al vecinalismo y a los referentes vecinales con quienes se viene trabajando \u201ccodo a codo todos los a\u00f1os\u201d y son quienes adem\u00e1s animan con su presencia las noches de fog\u00f3n y musiqueada.<\/p>\n<p style=\"font-weight: 400;\">\u201cLas condiciones est\u00e1n dadas, solo pedimos que ese fin de semana acompa\u00f1e el clima, pero estamos predispuestos a lo que venga\u2026creemos que va a ser un lindo fin de semana, una linda propuesta para poder disfrutar en familia y sobre todo comer un rico asado y tomar buenos vinos\u201d.<\/p>\n<p style=\"font-weight: 400;\">PROGRAMA<\/p>\n<p style=\"font-weight: 400;\">Montepeloso adelant\u00f3 el programa de actividades dejando para el martes 4 de noviembre los anuncios m\u00e1s importantes. El d\u00eda viernes 7 y s\u00e1bado 8 el predio se va a abrir al p\u00fablico en forma gratuita a las 12 del mediod\u00eda hasta las 19 horas. A partir de esta hora se va a cobrar una entrada de 4 mil pesos. Los ni\u00f1os menores de 12 a\u00f1os tendr\u00e1n acceso gratuito.<\/p>\n<p style=\"font-weight: 400;\">El viernes van a actuar Sim\u00f3n Morales, Los Gauchos Litorale\u00f1os, El Conjunto Chamamecero Municipal y cierran el convocante grupo los Pr\u00edncipes de Misiones.<\/p>\n<p style=\"font-weight: 400;\">El s\u00e1bado van a actuar Los Criollos de Lavalle, noche coronaci\u00f3n de la Reina del Festival del Asado Criollo, conjuntos locales, premiaci\u00f3n de los mejores asadores del concurso y cierra la banda local: La Cumbiera.<\/p>\n<p style=\"font-weight: 400;\">El domingo se abre el escenario a partir de las 18 horas con entrada libre y gratuita. En el escenario la esperada actuaci\u00f3n de Josefina Ortiz y cierra la consagrada Paola Bel\u00e9n, La Gauchita Cumbiera.<\/p>\n","protected":false},"excerpt":{"rendered":"<p>En Casa de Gobierno A solo una semana de la 5\u00aa edici\u00f3n del Festival del Asado Criollo y Concurso de Asadores, altas son las expectativas de la ciudadan\u00eda goyana por el evento. Este martes 4 de noviembre organizadores, funcionarios municipales y provinciales estar\u00e1n anunciando la grilla de actividades. Se espera que el Festival Musical atraiga [&hellip;]<\/p>\n","protected":false},"author":4,"featured_media":139199,"comment_status":"closed","ping_status":"closed","sticky":false,"template":"","format":"standard","meta":{"footnotes":""},"categories":[45],"tags":[],"class_list":{"0":"post-139198","1":"post","2":"type-post","3":"status-publish","4":"format-standard","5":"has-post-thumbnail","7":"category-locales"},"_links":{"self":[{"href":"https:\/\/revistaesperanzas.com\/web\/wp-json\/wp\/v2\/posts\/139198","targetHints":{"allow":["GET"]}}],"collection":[{"href":"https:\/\/revistaesperanzas.com\/web\/wp-json\/wp\/v2\/posts"}],"about":[{"href":"https:\/\/revistaesperanzas.com\/web\/wp-json\/wp\/v2\/types\/post"}],"author":[{"embeddable":true,"href":"https:\/\/revistaesperanzas.com\/web\/wp-json\/wp\/v2\/users\/4"}],"replies":[{"embeddable":true,"href":"https:\/\/revistaesperanzas.com\/web\/wp-json\/wp\/v2\/comments?post=139198"}],"version-history":[{"count":0,"href":"https:\/\/revistaesperanzas.com\/web\/wp-json\/wp\/v2\/posts\/139198\/revisions"}],"wp:featuredmedia":[{"embeddable":true,"href":"https:\/\/revistaesperanzas.com\/web\/wp-json\/wp\/v2\/media\/139199"}],"wp:attachment":[{"href":"https:\/\/revistaesperanzas.com\/web\/wp-json\/wp\/v2\/media?parent=139198"}],"wp:term":[{"taxonomy":"category","embeddable":true,"href":"https:\/\/revistaesperanzas.com\/web\/wp-json\/wp\/v2\/categories?post=139198"},{"taxonomy":"post_tag","embeddable":true,"href":"https:\/\/revistaesperanzas.com\/web\/wp-json\/wp\/v2\/tags?post=139198"}],"curies":[{"name":"wp","href":"https:\/\/api.w.org\/{rel}","templated":true}]}}