{"id":139201,"date":"2025-10-31T13:36:00","date_gmt":"2025-10-31T16:36:00","guid":{"rendered":"https:\/\/revistaesperanzas.com\/web\/?p=139201"},"modified":"2025-10-31T13:36:00","modified_gmt":"2025-10-31T16:36:00","slug":"area-institucional-complejo-formativo-policial-santa-catalina","status":"publish","type":"post","link":"https:\/\/revistaesperanzas.com\/web\/2025\/10\/area-institucional-complejo-formativo-policial-santa-catalina\/","title":{"rendered":"AREA INSTITUCIONAL:  COMPLEJO FORMATIVO POLICIAL \u201cSANTA CATALINA\u201d"},"content":{"rendered":"<p>Se realiz\u00f3 una Misa por el d\u00eda de todos los Santos y los fieles difuntos<\/p>\n<p>En la ma\u00f1ana de hoy 31-10-25, cerca de las 09:00 horas, en el Complejo Formativo Policial \u201cSanta Catalina\u201d, se llev\u00f3 a cabo una Santa Misa por el d\u00eda de todos los Santos y los fieles difuntos, la cual fue celebrada por el capell\u00e1n de la Instituci\u00f3n, presb\u00edtero Guillermo Danuzzo.<a href=\"https:\/\/revistaesperanzas.com\/web\/2025\/10\/area-institucional-complejo-formativo-policial-santa-catalina\/whatsapp-image-2025-10-31-at-13-08-51-1\/\" rel=\"attachment wp-att-139203\"><img loading=\"lazy\" decoding=\"async\" class=\" wp-image-139203 alignleft\" src=\"https:\/\/revistaesperanzas.com\/web\/wp-content\/uploads\/2025\/10\/WhatsApp-Image-2025-10-31-at-13.08.51-1.jpeg\" alt=\"\" width=\"500\" height=\"347\" srcset=\"https:\/\/revistaesperanzas.com\/web\/wp-content\/uploads\/2025\/10\/WhatsApp-Image-2025-10-31-at-13.08.51-1.jpeg 1451w, https:\/\/revistaesperanzas.com\/web\/wp-content\/uploads\/2025\/10\/WhatsApp-Image-2025-10-31-at-13.08.51-1-605x420.jpeg 605w, https:\/\/revistaesperanzas.com\/web\/wp-content\/uploads\/2025\/10\/WhatsApp-Image-2025-10-31-at-13.08.51-1-218x150.jpeg 218w, https:\/\/revistaesperanzas.com\/web\/wp-content\/uploads\/2025\/10\/WhatsApp-Image-2025-10-31-at-13.08.51-1-696x483.jpeg 696w, https:\/\/revistaesperanzas.com\/web\/wp-content\/uploads\/2025\/10\/WhatsApp-Image-2025-10-31-at-13.08.51-1-1068x741.jpeg 1068w, https:\/\/revistaesperanzas.com\/web\/wp-content\/uploads\/2025\/10\/WhatsApp-Image-2025-10-31-at-13.08.51-1-100x70.jpeg 100w\" sizes=\"auto, (max-width: 500px) 100vw, 500px\" \/><\/a><\/p>\n<p>De la misma, participaron el Jefe de Polic\u00eda Crio. Gral. Lic. Miguel \u00c1ngel Leguizam\u00f3n, encontr\u00e1ndose presentes tambi\u00e9n, el Subsecretario de Gobierno Dr. Luis Bravo, el Subjefe de Polic\u00eda Crio. Gral. Walter Dar\u00edo Aceval;<a href=\"https:\/\/revistaesperanzas.com\/web\/2025\/10\/area-institucional-complejo-formativo-policial-santa-catalina\/whatsapp-image-2025-10-31-at-13-08-53\/\" rel=\"attachment wp-att-139204\"><img loading=\"lazy\" decoding=\"async\" class=\" wp-image-139204 alignright\" src=\"https:\/\/revistaesperanzas.com\/web\/wp-content\/uploads\/2025\/10\/WhatsApp-Image-2025-10-31-at-13.08.53.jpeg\" alt=\"\" width=\"500\" height=\"313\" srcset=\"https:\/\/revistaesperanzas.com\/web\/wp-content\/uploads\/2025\/10\/WhatsApp-Image-2025-10-31-at-13.08.53.jpeg 1600w, https:\/\/revistaesperanzas.com\/web\/wp-content\/uploads\/2025\/10\/WhatsApp-Image-2025-10-31-at-13.08.53-671x420.jpeg 671w, https:\/\/revistaesperanzas.com\/web\/wp-content\/uploads\/2025\/10\/WhatsApp-Image-2025-10-31-at-13.08.53-696x435.jpeg 696w, https:\/\/revistaesperanzas.com\/web\/wp-content\/uploads\/2025\/10\/WhatsApp-Image-2025-10-31-at-13.08.53-1068x668.jpeg 1068w\" sizes=\"auto, (max-width: 500px) 100vw, 500px\" \/><\/a> acompa\u00f1ado de los Directores Generales integrantes del Estado Mayor Policial, Jefes de departamento, Divisiones, Unidades Especiales, Jefes de Comisar\u00edas del \u00e1rea Capital; Personal Superior y Subalterno de la Instituci\u00f3n Policial en actividad y en situaci\u00f3n de retiro, cuerpo de cadetes y aspirantes de la escuela de cadetes y de Suboficiales.<a href=\"https:\/\/revistaesperanzas.com\/web\/2025\/10\/area-institucional-complejo-formativo-policial-santa-catalina\/foto-1\/\" rel=\"attachment wp-att-139205\"><img loading=\"lazy\" decoding=\"async\" class=\"alignnone size-full wp-image-139205\" src=\"https:\/\/revistaesperanzas.com\/web\/wp-content\/uploads\/2025\/10\/FOTO-1.jpg\" alt=\"\" width=\"1408\" height=\"916\" srcset=\"https:\/\/revistaesperanzas.com\/web\/wp-content\/uploads\/2025\/10\/FOTO-1.jpg 1408w, https:\/\/revistaesperanzas.com\/web\/wp-content\/uploads\/2025\/10\/FOTO-1-646x420.jpg 646w, https:\/\/revistaesperanzas.com\/web\/wp-content\/uploads\/2025\/10\/FOTO-1-696x453.jpg 696w, https:\/\/revistaesperanzas.com\/web\/wp-content\/uploads\/2025\/10\/FOTO-1-1068x695.jpg 1068w\" sizes=\"auto, (max-width: 1408px) 100vw, 1408px\" \/><\/a><\/p>\n<p>Para finalizar, se dirigi\u00f3 a los presentes el Jefe de Polic\u00eda quien destac\u00f3 la importancia del apoyo espiritual y el estar cerca de Dios.<a href=\"https:\/\/revistaesperanzas.com\/web\/2025\/10\/area-institucional-complejo-formativo-policial-santa-catalina\/fotos-2\/\" rel=\"attachment wp-att-139206\"><img loading=\"lazy\" decoding=\"async\" class=\"alignnone size-full wp-image-139206\" src=\"https:\/\/revistaesperanzas.com\/web\/wp-content\/uploads\/2025\/10\/FOTOS-2.jpg\" alt=\"\" width=\"1415\" height=\"864\" srcset=\"https:\/\/revistaesperanzas.com\/web\/wp-content\/uploads\/2025\/10\/FOTOS-2.jpg 1415w, https:\/\/revistaesperanzas.com\/web\/wp-content\/uploads\/2025\/10\/FOTOS-2-688x420.jpg 688w, https:\/\/revistaesperanzas.com\/web\/wp-content\/uploads\/2025\/10\/FOTOS-2-696x425.jpg 696w, https:\/\/revistaesperanzas.com\/web\/wp-content\/uploads\/2025\/10\/FOTOS-2-1068x652.jpg 1068w\" sizes=\"auto, (max-width: 1415px) 100vw, 1415px\" \/><\/a><\/p>\n","protected":false},"excerpt":{"rendered":"<p>Se realiz\u00f3 una Misa por el d\u00eda de todos los Santos y los fieles difuntos En la ma\u00f1ana de hoy 31-10-25, cerca de las 09:00 horas, en el Complejo Formativo Policial \u201cSanta Catalina\u201d, se llev\u00f3 a cabo una Santa Misa por el d\u00eda de todos los Santos y los fieles difuntos, la cual fue celebrada [&hellip;]<\/p>\n","protected":false},"author":4,"featured_media":139202,"comment_status":"closed","ping_status":"closed","sticky":false,"template":"","format":"standard","meta":{"footnotes":""},"categories":[58],"tags":[],"class_list":{"0":"post-139201","1":"post","2":"type-post","3":"status-publish","4":"format-standard","5":"has-post-thumbnail","7":"category-corrientes"},"_links":{"self":[{"href":"https:\/\/revistaesperanzas.com\/web\/wp-json\/wp\/v2\/posts\/139201","targetHints":{"allow":["GET"]}}],"collection":[{"href":"https:\/\/revistaesperanzas.com\/web\/wp-json\/wp\/v2\/posts"}],"about":[{"href":"https:\/\/revistaesperanzas.com\/web\/wp-json\/wp\/v2\/types\/post"}],"author":[{"embeddable":true,"href":"https:\/\/revistaesperanzas.com\/web\/wp-json\/wp\/v2\/users\/4"}],"replies":[{"embeddable":true,"href":"https:\/\/revistaesperanzas.com\/web\/wp-json\/wp\/v2\/comments?post=139201"}],"version-history":[{"count":0,"href":"https:\/\/revistaesperanzas.com\/web\/wp-json\/wp\/v2\/posts\/139201\/revisions"}],"wp:featuredmedia":[{"embeddable":true,"href":"https:\/\/revistaesperanzas.com\/web\/wp-json\/wp\/v2\/media\/139202"}],"wp:attachment":[{"href":"https:\/\/revistaesperanzas.com\/web\/wp-json\/wp\/v2\/media?parent=139201"}],"wp:term":[{"taxonomy":"category","embeddable":true,"href":"https:\/\/revistaesperanzas.com\/web\/wp-json\/wp\/v2\/categories?post=139201"},{"taxonomy":"post_tag","embeddable":true,"href":"https:\/\/revistaesperanzas.com\/web\/wp-json\/wp\/v2\/tags?post=139201"}],"curies":[{"name":"wp","href":"https:\/\/api.w.org\/{rel}","templated":true}]}}