{"id":139209,"date":"2025-10-31T13:43:29","date_gmt":"2025-10-31T16:43:29","guid":{"rendered":"https:\/\/revistaesperanzas.com\/web\/?p=139209"},"modified":"2025-10-31T13:43:29","modified_gmt":"2025-10-31T16:43:29","slug":"con-rotundo-exito-se-llevo-a-cabo-el-primer-encuentro-de-nivel-inicial-ensenar-y-aprender-en-el-nivel-inicial","status":"publish","type":"post","link":"https:\/\/revistaesperanzas.com\/web\/2025\/10\/con-rotundo-exito-se-llevo-a-cabo-el-primer-encuentro-de-nivel-inicial-ensenar-y-aprender-en-el-nivel-inicial\/","title":{"rendered":"CON ROTUNDO \u00c9XITO SE LLEV\u00d3 A CABO EL PRIMER ENCUENTRO DE NIVEL INICIAL: ENSE\u00d1AR Y APRENDER EN EL NIVEL INICIAL"},"content":{"rendered":"<p style=\"font-weight: 400;\">Este pasado jueves 30 de octubre en el Predio Costa Surub\u00ed, el Instituto Superior Goya a trav\u00e9s del profesorado en educaci\u00f3n inicial, desarroll\u00f3 esta jornada sumamente importante a nivel educativo. El mismo fue declarado de Inter\u00e9s Municipal, mediante la Resoluci\u00f3n N\u00b04475 del Concejo Deliberante de nuestra ciudad.<a href=\"https:\/\/revistaesperanzas.com\/web\/2025\/10\/con-rotundo-exito-se-llevo-a-cabo-el-primer-encuentro-de-nivel-inicial-ensenar-y-aprender-en-el-nivel-inicial\/isg-3\/\" rel=\"attachment wp-att-139214\"><img loading=\"lazy\" decoding=\"async\" class=\" wp-image-139214 alignright\" src=\"https:\/\/revistaesperanzas.com\/web\/wp-content\/uploads\/2025\/10\/ISG-3.jpg\" alt=\"\" width=\"501\" height=\"379\" srcset=\"https:\/\/revistaesperanzas.com\/web\/wp-content\/uploads\/2025\/10\/ISG-3.jpg 700w, https:\/\/revistaesperanzas.com\/web\/wp-content\/uploads\/2025\/10\/ISG-3-555x420.jpg 555w, https:\/\/revistaesperanzas.com\/web\/wp-content\/uploads\/2025\/10\/ISG-3-80x60.jpg 80w, https:\/\/revistaesperanzas.com\/web\/wp-content\/uploads\/2025\/10\/ISG-3-696x527.jpg 696w\" sizes=\"auto, (max-width: 501px) 100vw, 501px\" \/><\/a><\/p>\n<p style=\"font-weight: 400;\">El proyecto llevado a cabo surgi\u00f3 de un trabajo de reflexi\u00f3n y an\u00e1lisis gestado en una reuni\u00f3n de carrera del Profesorado de Educaci\u00f3n Inicial y consisti\u00f3 en la puesta en escena de un itinerario de escenarios l\u00fadicos que son producto del trabajo en el aula, con los estudiantes de los diferentes a\u00f1os de la carrera y el acompa\u00f1amiento-permanente-de los docentes.<\/p>\n<p style=\"font-weight: 400;\">Agradecemos el acompa\u00f1amiento de las Vicerrectoras, Prof. Laura Segovia y Prof. Marcela Dezotti, la Secretar\u00eda de Educaci\u00f3n, Dra. Sonia Espina, la Concejal y personal de la casa, Susana Quiroz, Prof. Gabriela Refojos, padres, jardines asociados, profesores de nuestra carrera y, especialmente, a nuestras alumnas de primero a cuarto a\u00f1o, por asumir este compromiso con responsabilidad y esmero. Agradecimiento tambi\u00e9n a la Rectora, Prof. Esp. Anabela Quiroga, que nos acompa\u00f1\u00f3 en todo momento, crey\u00f3 y confi\u00f3 en nuestro trabajo.<\/p>\n<p style=\"font-weight: 400;\">No es posible describir tanta emoci\u00f3n cuando los padres y docentes de las instituciones que nos visitaron, expresaron: -\u00abmuchas gracias por regalarles a los chicos un momento diferente, tan lindo, tan enriquecedor\u00bb.<a href=\"https:\/\/revistaesperanzas.com\/web\/2025\/10\/con-rotundo-exito-se-llevo-a-cabo-el-primer-encuentro-de-nivel-inicial-ensenar-y-aprender-en-el-nivel-inicial\/isg-2-2\/\" rel=\"attachment wp-att-139212\"><img loading=\"lazy\" decoding=\"async\" class=\" wp-image-139212 alignleft\" src=\"https:\/\/revistaesperanzas.com\/web\/wp-content\/uploads\/2025\/10\/isg-2.jpg\" alt=\"\" width=\"498\" height=\"280\" srcset=\"https:\/\/revistaesperanzas.com\/web\/wp-content\/uploads\/2025\/10\/isg-2.jpg 1536w, https:\/\/revistaesperanzas.com\/web\/wp-content\/uploads\/2025\/10\/isg-2-747x420.jpg 747w, https:\/\/revistaesperanzas.com\/web\/wp-content\/uploads\/2025\/10\/isg-2-696x392.jpg 696w, https:\/\/revistaesperanzas.com\/web\/wp-content\/uploads\/2025\/10\/isg-2-1068x601.jpg 1068w\" sizes=\"auto, (max-width: 498px) 100vw, 498px\" \/><\/a><\/p>\n<p style=\"font-weight: 400;\">Por su parte una alumna de cuarto a\u00f1o cerr\u00f3 la jornada con la siguiente expresi\u00f3n: -\u00bb queremos agradecer a nuestras profes, a la coordinadora, a los ni\u00f1os, por haber venido. Nos vamos con el coraz\u00f3n lleno de amor y con la experiencia vivida, que fue hermosa\u00bb.<\/p>\n<p style=\"font-weight: 400;\">Esta jornada fue desarrollada por el profesorado en educaci\u00f3n inicial con la coordinaci\u00f3n de la profesora Karina Zabala junto a docentes y estudiantes.<\/p>\n","protected":false},"excerpt":{"rendered":"<p>Este pasado jueves 30 de octubre en el Predio Costa Surub\u00ed, el Instituto Superior Goya a trav\u00e9s del profesorado en educaci\u00f3n inicial, desarroll\u00f3 esta jornada sumamente importante a nivel educativo. El mismo fue declarado de Inter\u00e9s Municipal, mediante la Resoluci\u00f3n N\u00b04475 del Concejo Deliberante de nuestra ciudad. El proyecto llevado a cabo surgi\u00f3 de un [&hellip;]<\/p>\n","protected":false},"author":4,"featured_media":139210,"comment_status":"closed","ping_status":"closed","sticky":false,"template":"","format":"standard","meta":{"footnotes":""},"categories":[45],"tags":[],"class_list":{"0":"post-139209","1":"post","2":"type-post","3":"status-publish","4":"format-standard","5":"has-post-thumbnail","7":"category-locales"},"_links":{"self":[{"href":"https:\/\/revistaesperanzas.com\/web\/wp-json\/wp\/v2\/posts\/139209","targetHints":{"allow":["GET"]}}],"collection":[{"href":"https:\/\/revistaesperanzas.com\/web\/wp-json\/wp\/v2\/posts"}],"about":[{"href":"https:\/\/revistaesperanzas.com\/web\/wp-json\/wp\/v2\/types\/post"}],"author":[{"embeddable":true,"href":"https:\/\/revistaesperanzas.com\/web\/wp-json\/wp\/v2\/users\/4"}],"replies":[{"embeddable":true,"href":"https:\/\/revistaesperanzas.com\/web\/wp-json\/wp\/v2\/comments?post=139209"}],"version-history":[{"count":0,"href":"https:\/\/revistaesperanzas.com\/web\/wp-json\/wp\/v2\/posts\/139209\/revisions"}],"wp:featuredmedia":[{"embeddable":true,"href":"https:\/\/revistaesperanzas.com\/web\/wp-json\/wp\/v2\/media\/139210"}],"wp:attachment":[{"href":"https:\/\/revistaesperanzas.com\/web\/wp-json\/wp\/v2\/media?parent=139209"}],"wp:term":[{"taxonomy":"category","embeddable":true,"href":"https:\/\/revistaesperanzas.com\/web\/wp-json\/wp\/v2\/categories?post=139209"},{"taxonomy":"post_tag","embeddable":true,"href":"https:\/\/revistaesperanzas.com\/web\/wp-json\/wp\/v2\/tags?post=139209"}],"curies":[{"name":"wp","href":"https:\/\/api.w.org\/{rel}","templated":true}]}}